{"id":129995,"date":"2026-04-25T17:05:00","date_gmt":"2026-04-25T15:05:00","guid":{"rendered":"https:\/\/www.reunion68.se\/?p=129995"},"modified":"2026-04-25T08:15:25","modified_gmt":"2026-04-25T06:15:25","slug":"28-05-116","status":"publish","type":"post","link":"https:\/\/www.reunion68.se\/?p=129995","title":{"rendered":"Middle Israel: Jesus-statue smasher is product of Jewish fundamentalism &#8211; opinion"},"content":{"rendered":"<hr>\n<h3 style=\"text-align: center;\"><a href=\"https:\/\/www.jpost.com\/\" target=\"_blank\" rel=\"noopener noreferrer\"><img decoding=\"async\" class=\"center alignleft\" src=\"http:\/\/www.reunion68.com\/Biuletyn\/img\/jpost.png\" alt=\"\" width=\"35%\"><\/a><span style=\"text-decoration: underline; color: #000080;\"><span><strong><a style=\"color: #000080; text-decoration: underline;\" href=\"https:\/\/www.jpost.com\/opinion\/article-894019\" target=\"_blank\" rel=\"noopener noreferrer\">Middle Israel: Jesus-statue smasher is product of Jewish fundamentalism &#8211; opinion<\/a><\/strong><\/span><\/span><\/h3>\n<p style=\"text-align: center;\"><span style=\"color: #000000;\"><strong>AMOTZ ASA-EL<\/strong><\/span><\/p>\n<hr style=\"height: 15px; background: #d0e6fa; width: 100%;\">\n<div>\n<h4 style=\"text-align: center;\"><strong>Unfortunately, what the IDF soldiers in Lebanon did when they smashed the statue of Jesus represents a syndrome much larger than the two young idiots they evidently are.<\/strong><\/h4>\n<\/div>\n<p style=\"text-align: center;\"><img decoding=\"async\" class=\"aligncenter\" src=\"https:\/\/images.jpost.com\/image\/upload\/f_auto,fl_lossy\/q_auto\/c_fill,g_faces:center,h_720,w_1280\/717639\" width=\"100%\"><span style=\"color: #808080;\"><em>Here, the Israeli soldier damages the head of a statue of Jesus, in Debel, Lebanon, in this still image obtained from social media released on April 19. \/&nbsp; (photo credit: SOCIAL MEDIA VIA REUTERS)<\/em><\/span><\/p>\n<section id=\"section-0\" class=\"article-paragraph-wrap\">\n<p class=\"article-paragraph-section article-body-paragraph\"><span style=\"color: #000080;\">It took one metallic sledgehammer, one narrow mind, and one smartphone\u2019s shocking photo to display the gravity of the problem we have come to face.<\/span><\/p>\n<\/section>\n<p class=\"article-default-section article-body-paragraph\"><span style=\"color: #000080;\">The photo that showed a&nbsp;<a style=\"color: #000080;\" href=\"https:\/\/www.jpost.com\/middle-east\/article-893544\">soldier axing a Jesus statue<\/a>&nbsp;in southern Lebanon was appalling enough \u2013 religiously and politically \u2013 but even more mind-boggling was the villain\u2019s frivolous attitude: post it on social media, so the whole world would see.<\/span><\/p>\n<p class=\"article-default-section article-body-paragraph\"><span style=\"color: #000080;\">The world indeed saw, and lost no time&nbsp;<a style=\"color: #000080;\" href=\"https:\/\/www.jpost.com\/diaspora\/article-893759\">responding<\/a>, with intercontinental rebuke. Fortunately, the<a style=\"color: #000080;\" href=\"https:\/\/www.jpost.com\/israel-news\/article-893761\">&nbsp;IDF summarily court-martialed the culprit and his photographer<\/a>, sending them to a military prison and removing them from future combat service. Unfortunately, what they did represents a syndrome much larger than the two young idiots they evidently are.<\/span><\/p>\n<p class=\"article-paragraph-section article-body-paragraph\"><span style=\"color: #000080;\">And that syndrome is the very one with which Israel\u2019s worst enemies are plagued. It\u2019s called fundamentalism, and its bearers share ignorance of the outer world, impatience with history\u2019s course, and an inability to tolerate the existence of other faiths.<\/span><\/p>\n<h4 id=\"section-6\" class=\"article-header-section article-body-paragraph injected\"><strong>The fundamentalist scourge reared its head in 2001&nbsp;<\/strong><\/h4>\n<section id=\"section-7\" class=\"article-paragraph-wrap\">\n<p class=\"article-paragraph-section article-body-paragraph\"><span style=\"color: #000080;\">THE FUNDAMENTALIST scourge was displayed in all its ugliness and brutality in 2001, when the Taliban had Afghanistan\u2019s Buddha statues hammered, axed, and dynamited.<\/span><\/p>\n<\/section>\n<p style=\"text-align: center;\"><img decoding=\"async\" class=\"aligncenter\" src=\"https:\/\/images.jpost.com\/image\/upload\/f_auto,fl_lossy\/c_fill,g_faces:center,h_537,w_822\/709750\" width=\"100%\"><span style=\"color: #808080;\"><em>Taliban soldiers load ammunition in a vehicle, following exchanges of fire between Pakistan and Afghanistan forces, near Torkham border, in Afghanistan, February 27, 2026. (credit: REUTERS\/STRINGER)<\/em><\/span><\/p>\n<section id=\"section-10\" class=\"article-paragraph-wrap\">\n<p class=\"article-paragraph-section article-body-paragraph\"><span style=\"color: #000080;\">\u201cThese idols have been gods of the infidels,\u201d said the iconoclasts\u2019 leader, Mullah Muhammad Omar, referring to any Buddhist statue, but most famously to a pair of monuments taller than a 12-story building, carved into a sandstone cliff some 150 km. west of Kabul.<\/span><\/p>\n<\/section>\n<section id=\"section-12\" class=\"article-paragraph-wrap\">\n<p class=\"article-paragraph-section article-body-paragraph\"><span style=\"color: #000080;\">Like all things fundamentalist, this atrocity was not about whim. It was about faith. Islam\u2019s founders destroyed hundreds of idols when they conquered Mecca, they said, so we must do the same.<\/span><\/p>\n<\/section>\n<section id=\"section-13\" class=\"article-paragraph-wrap\">\n<p class=\"article-paragraph-section article-body-paragraph\"><span style=\"color: #000080;\">Non-fundamentalists say that what was done centuries ago in entirely different settings does not necessarily apply today, but fundamentalists disagree. To them, change is blasphemy. Restoring \u201cfundamentals\u201d and ignoring history\u2019s progress is what they are all about. That\u2019s their attitude toward the past, and also toward the future. And since the future, as they see it, will be all about their triumph over the rest of humankind, all others must bow, and since progress is anathema, change is a threat, and history is an aberration, they had better bow now.<\/span><\/p>\n<\/section>\n<section id=\"section-MB_35\" class=\"article-outbrain-section article-body-paragraph\"><\/section>\n<section id=\"section-15\" class=\"article-paragraph-wrap\">\n<p class=\"article-paragraph-section article-body-paragraph\"><span style=\"color: #000080;\">This is fundamentalism, regardless of its religious stripe. Early Christians were also once in the business of smashing images \u2013 that\u2019s how the term iconoclasm came into being \u2013 as were early Protestants, who broke into Catholic churches and did there what two Jews just did in Lebanon.<\/span><\/p>\n<\/section>\n<section id=\"section-16\" class=\"article-paragraph-wrap\">\n<p class=\"article-paragraph-section article-body-paragraph\"><span style=\"color: #000080;\">Did Judaism originally wage war on idolatry? Of course it did, but that was when idolatry was murderous. That is why a great sage like Rabbi Yehuda Ha-Nasi, according to the Talmud (Avoda Zara 10b), could have a close friendship with a pagan like Roman Emperor Caracalla.<\/span><\/p>\n<\/section>\n<section id=\"section-MB_36\" class=\"article-outbrain-section article-body-paragraph\"><\/section>\n<section id=\"section-18\" class=\"article-paragraph-wrap\">\n<p class=\"article-paragraph-section article-body-paragraph\"><span style=\"color: #000080;\">Fundamentalists can\u2019t get this kind of interfaith harmony because they don\u2019t look outside the narrow, deep, and opaque trench in which they spend their days. To them, the outer world is barbarian, and otherness is a crime.<\/span><\/p>\n<\/section>\n<section id=\"section-19\" class=\"article-paragraph-wrap\">\n<p class=\"article-paragraph-section article-body-paragraph\"><span style=\"color: #000080;\">And in Israel, fundamentalist ignorance has become in recent years a cultural embarrassment and a strategic threat.<\/span><\/p>\n<\/section>\n<section id=\"section-20\" class=\"article-paragraph-wrap\">\n<p class=\"article-paragraph-section article-body-paragraph\"><span style=\"color: #000080;\">When Israel\u2019s finance minister exhibits his lack of spoken English, as Bezalel Smotrich did in a public speech, and when National Security Minister Itamar Ben-Gvir, in a taped quarrel with a foreign worker, can\u2019t utter even an eight-word English sentence, millions are embarrassed.<\/span><\/p>\n<\/section>\n<section id=\"section-21\" class=\"article-paragraph-wrap\">\n<p class=\"article-paragraph-section article-body-paragraph\"><span style=\"color: #000080;\">Yes, such provinciality can be dismissed as anecdotal. That cannot be said of this duo\u2019s misunderstanding of the big world with which they are evidently unfamiliar.<\/span><\/p>\n<\/section>\n<section id=\"section-22\" class=\"article-paragraph-wrap\">\n<p class=\"article-paragraph-section article-body-paragraph\"><span style=\"color: #000080;\">That is how Smotrich, as finance minister, can say of Wall Street\u2019s rating agencies, after they downgraded Israel\u2019s rating, that they are politically motivated. And when the finance minister does not understand how Wall Street works, he also does not understand what he does to Israel\u2019s international position by sending violent fundamentalists to the West Bank.<\/span><\/p>\n<\/section>\n<section id=\"section-23\" class=\"article-paragraph-wrap\">\n<p class=\"article-paragraph-section article-body-paragraph\"><span style=\"color: #000080;\">At this writing, the identity of the iconoclasts who smashed the Lebanese statue is not known. Theoretically, they may have never visited a synagogue, studied in a yeshiva, or spent one day in a West Bank settlement. Yet even in this unlikely event, the fact is that thousands of Israelis do follow fundamentalist rabbis who feed them with triumphalism, hatred, and messianic zeal. And these people know precious little about the outer world in general, and Christianity in particular.<\/span><\/p>\n<\/section>\n<h4 id=\"section-24\" class=\"article-header-section article-body-paragraph injected\"><strong>Lebanon&#8217;s Christians are on our side<\/strong><\/h4>\n<section id=\"section-25\" class=\"article-default-section article-body-paragraph\"><span style=\"color: #000080;\">THE SMALLER thing of which this week\u2019s two-cent crusaders were evidently unaware is that&nbsp;<a style=\"color: #000080;\" href=\"https:\/\/www.jpost.com\/middle-east\/article-893926\">Lebanon\u2019s Christians<\/a>&nbsp;are on our side. That is why the particular village where they did their number, Debel, was not evacuated by the IDF. They resisted Hezbollah.<\/span><\/p>\n<\/section>\n<section id=\"section-26\" class=\"article-default-section article-body-paragraph\"><span style=\"color: #000080;\">The bigger thing such thugs don\u2019t know is that&nbsp;<a style=\"color: #000080;\" href=\"https:\/\/www.jpost.com\/israel-news\/politics-and-diplomacy\/article-893664\">Christianity<\/a>, led in this by the Vatican but joined by most other denominations, has long abandoned its forebears\u2019 antisemitism and cultivated a historic dialogue with the Jewish faith.<\/span><\/p>\n<\/section>\n<section id=\"section-27\" class=\"article-paragraph-wrap\">\n<p class=\"article-paragraph-section article-body-paragraph\"><span style=\"color: #000080;\">This dialogue is part of what the Zionist dream was all about. It was never about domineering over other faiths, rivaling other nations, or fighting other states. For that, we could have stayed in the shtetl and the ghetto. The dream was to join humankind, not as superiors, but as equals. That\u2019s what ancient Judea\u2019s zealots didn\u2019t get when they canceled the Temple\u2019s daily sacrifice in honor of Rome, and thus ignited Jerusalem\u2019s destruction and Judea\u2019s grand defeat.<\/span><\/p>\n<section id=\"section-28\" class=\"article-paragraph-wrap\">\n<p class=\"article-paragraph-section article-body-paragraph\"><span style=\"color: #000080;\">Not only was universal harmony part of the Zionist quest, but it was also part of the prophetic vision.<\/span><\/p>\n<\/section>\n<section id=\"section-29\" class=\"article-paragraph-wrap\">\n<p class=\"article-paragraph-section article-body-paragraph\"><span style=\"color: #000080;\">That is why Isaiah, when he imagined the days to come, when the House of God will \u201cstand firm\u201d and \u201ctower above the hills\u201d \u2013 he saw it drawing not only Jews, but \u201call the nations.\u201d (Isaiah 2:2) And on that day, when \u201cmany peoples\u201d will \u201cgo up to the Mountain of God\u201d \u2013 they will no longer impose themselves on one another, because \u201cnation shall not take up sword against nation,\u201d and \u201cthey shall never again know war.\u201d<\/span><\/p>\n<hr>\n<\/section>\n<section id=\"section-30\" class=\"article-paragraph-wrap\">\n<p class=\"article-paragraph-section article-body-paragraph\"><span style=\"color: #808080;\"><em>www.MiddleIsrael.net<\/em><\/span><\/p>\n<\/section>\n<section id=\"section-31\" class=\"article-default-section article-body-paragraph\"><span style=\"color: #808080;\"><em>The writer, a Hartman Institute fellow, is the author of Ha\u2019Sfar Ha\u2019Yehudi Ha\u2019Aharon (The Last Jewish Frontier, Yediot Sefarrim 2025), a sequel to Theodor Herzl\u2019s The Old New Land.<\/em><\/span><\/p>\n<\/section>\n<\/section>\n<hr style=\"height: 15px; background: #d0e6fa; width: 100%;\">\n<div id=\"content\" class=\"content-alignment\">\n<div id=\"watch-description\" class=\"yt-uix-button-panel\">\n<div id=\"watch-description-text\" style=\"text-align: center;\">\n<p><em>Zawarto\u015b\u0107 publikowanych artyku\u0142\u00f3w i materia\u0142\u00f3w nie reprezentuje pogl\u0105d\u00f3w ani opinii Reunion&#8217;68,<\/em><em><br \/>\nani te\u017c webmastera Blogu Reunion&#8217;68, chyba ze jest to wyra\u017anie zaznaczone.<br \/>\nTwoje uwagi, linki, w\u0142asne artyku\u0142y lub wiadomo\u015bci prze\u015blij na adres:<br \/>\n<\/em><span style=\"color: #000080;\"><strong><em><a style=\"color: #000080;\" href=\"mailto:webmaster@reunion68.com\"><span style=\"text-decoration: underline;\">webmaster@reunion68.com<\/span><\/a><\/em><\/strong><\/span><\/p>\n<\/div>\n<\/div>\n<\/div>\n<hr style=\"width: 100%;\">\n","protected":false},"excerpt":{"rendered":"<p>Middle Israel: Jesus-statue smasher is product of Jewish fundamentalism &#8211; opinion AMOTZ ASA-EL Unfortunately, what the IDF soldiers in Lebanon did when they smashed the statue of Jesus represents a syndrome much larger than the two young idiots they evidently are. Here, the Israeli soldier damages the head of a statue of Jesus, in Debel, [&hellip;]<\/p>\n","protected":false},"author":1,"featured_media":0,"comment_status":"closed","ping_status":"closed","sticky":false,"template":"","format":"standard","meta":[],"categories":[3],"tags":[33,24],"_links":{"self":[{"href":"https:\/\/www.reunion68.se\/index.php?rest_route=\/wp\/v2\/posts\/129995"}],"collection":[{"href":"https:\/\/www.reunion68.se\/index.php?rest_route=\/wp\/v2\/posts"}],"about":[{"href":"https:\/\/www.reunion68.se\/index.php?rest_route=\/wp\/v2\/types\/post"}],"author":[{"embeddable":true,"href":"https:\/\/www.reunion68.se\/index.php?rest_route=\/wp\/v2\/users\/1"}],"replies":[{"embeddable":true,"href":"https:\/\/www.reunion68.se\/index.php?rest_route=%2Fwp%2Fv2%2Fcomments&post=129995"}],"version-history":[{"count":8,"href":"https:\/\/www.reunion68.se\/index.php?rest_route=\/wp\/v2\/posts\/129995\/revisions"}],"predecessor-version":[{"id":130012,"href":"https:\/\/www.reunion68.se\/index.php?rest_route=\/wp\/v2\/posts\/129995\/revisions\/130012"}],"wp:attachment":[{"href":"https:\/\/www.reunion68.se\/index.php?rest_route=%2Fwp%2Fv2%2Fmedia&parent=129995"}],"wp:term":[{"taxonomy":"category","embeddable":true,"href":"https:\/\/www.reunion68.se\/index.php?rest_route=%2Fwp%2Fv2%2Fcategories&post=129995"},{"taxonomy":"post_tag","embeddable":true,"href":"https:\/\/www.reunion68.se\/index.php?rest_route=%2Fwp%2Fv2%2Ftags&post=129995"}],"curies":[{"name":"wp","href":"https:\/\/api.w.org\/{rel}","templated":true}]}}