{"id":130113,"date":"2026-04-29T17:09:00","date_gmt":"2026-04-29T15:09:00","guid":{"rendered":"https:\/\/www.reunion68.se\/?p=130113"},"modified":"2026-04-29T07:22:54","modified_gmt":"2026-04-29T05:22:54","slug":"02-09-112","status":"publish","type":"post","link":"https:\/\/www.reunion68.se\/?p=130113","title":{"rendered":"\u201eTwoi \u017cydowscy dziadkowie zag\u0142osowaliby na Zohrana\u201d"},"content":{"rendered":"<p><img decoding=\"async\" class=\"aligncenter\" src=\"https:\/\/substackcdn.com\/image\/fetch\/$s_!6GZx!,w_1456,c_limit,f_webp,q_auto:good,fl_progressive:steep\/https%3A%2F%2Fsubstack-post-media.s3.amazonaws.com%2Fpublic%2Fimages%2F239d40ad-1d7f-429c-a01c-b2a74882ae41_605x848.jpeg\" width=\"100%\" \/><\/p>\n<hr \/>\n<h3 style=\"text-align: center;\"><a href=\"https:\/\/andrzejkoraszewski.substack.com\/p\/twoi-zydowscy-dziadkowie-zagosowaliby\" target=\"_blank\" rel=\"noopener noreferrer\"><img decoding=\"async\" class=\"center alignleft\" src=\"http:\/\/www.reunion68.com\/Biuletyn\/img\/z-naszego.jpg\" alt=\"\" width=\"50%\" \/><\/a><span style=\"text-decoration: underline; color: #000080;\"><span style=\"text-decoration: underline;\"><strong><a style=\"color: #000080; text-decoration: underline;\" href=\"https:\/\/andrzejkoraszewski.substack.com\/\" target=\"_blank\" rel=\"noopener noreferrer\">\u201eTwoi \u017cydowscy dziadkowie zag\u0142osowaliby na Zohrana\u201d<\/a><\/strong><\/span><\/span><\/h3>\n<p style=\"text-align: center;\"><span style=\"color: #000000;\"><strong>Jill<\/strong><\/span><\/p>\n<hr style=\"height: 15px; background: #d0e6fa; width: 100%;\" \/>\n<div>\n<h4 style=\"text-align: center;\"><strong>O zaw\u0142aszczaniu post\u0119powej kultury \u017cydowskiej przez antysemit\u00f3w<\/strong><\/h4>\n<p><span style=\"color: #000080;\">Pomnik bohater\u00f3w powstania w getcie warszawskim autorstwa rze\u017abiarza Nathana Rapaporta. Monument wzniesiono na terenie zniszczonego getta. Jego kopia znajduje si\u0119 w Yad Vashem w Jerozolimie.<\/span><\/p>\n<p><span style=\"color: #000080;\">Pisa\u0142am ju\u017c wcze\u015bniej o antysemickiej publikacji Mehdiego Hasana, kiedy to we w\u0142a\u015bciwy dla niego spos\u00f3b przywo\u0142a\u0142 rodzin\u0119 Bibas\u00f3w w s\u0142u\u017cbie swojej pod\u0142ej agendy. Nie planowa\u0142am robi\u0107 tego ponownie, po prostu dlatego, \u017ce nie chc\u0119 dostarcza\u0107 temu \u017ca\u0142osnemu oportuni\u015bcie kolejnych klikni\u0119\u0107 czy polubie\u0144. Ale poniewa\u017c tym razem dotyczy to mojej w\u0142asnej rodziny, czuj\u0119, \u017ce musz\u0119 si\u0119 odnie\u015b\u0107:<\/span><\/p>\n<blockquote><p><strong>Zeteo<\/strong><br \/>\n<strong>@zeteo_news<\/strong><br \/>\n<strong>\u201eTwoi [\u017cydowscy] dziadkowie zag\u0142osowaliby na Zohrana. Twoi dziadkowie prawdopodobnie byli socjalistami, bo tym w\u0142a\u015bnie by\u0142a wi\u0119kszo\u015b\u0107 \u017byd\u00f3w z Europy Wschodniej w Nowym Jorku na prze\u0142omie wiek\u00f3w.\u201d<\/strong><\/p>\n<p><strong>@mollycrabapple rozmawia z @simonerzim o historii \u017cydowskiego socjalizmu w Nowym Jorku.<\/strong><br \/>\n<strong>18:06 \u00b7 24 kwietnia 2026 \u00b7 86,1 tys. Wy\u015bwietle\u0144<\/strong><\/p><\/blockquote>\n<p><span style=\"color: #000080;\">Mamy tu Simone Zimmerman, kt\u00f3ra wyst\u0105pi\u0142a w \u017ca\u0142osnym antyizraelskim filmie, kt\u00f3ry ju\u017c zrecenzowa\u0142am, \u017ceby\u015bcie nie musieli go ogl\u0105da\u0107, oraz Molly Crabapple, autork\u0119 ksi\u0105\u017cki\u00a0<em>Here Where We Live Is Our Country: The Story of the Jewish Bund<\/em>. Nie b\u0119d\u0119 twierdzi\u0107, \u017ce j\u0105 przeczyta\u0142am (bo nie przeczyta\u0142am), jednak na podstawie tego, co o niej widzia\u0142am (tj. zapowiedzi na Amazonie i blurbu Naomi Klein wychwalaj\u0105cego jej wspania\u0142o\u015b\u0107), s\u0105dz\u0119, \u017ce jej og\u00f3lna teza brzmi: dobrzy \u017bydzi nie musz\u0105 by\u0107 syjonistami, bo bundowcy nimi nie byli.<\/span><\/p>\n<p><span style=\"color: #000080;\">Od czas\u00f3w studi\u00f3w sporo czasu po\u015bwi\u0119ci\u0142am my\u015bleniu o bundowcach. Po pierwsze, mia\u0142am profesora, kt\u00f3ry urodzi\u0142 si\u0119 w getcie warszawskim, a jego ojciec \u2014 lider tego ruchu \u2014 zgin\u0105\u0142 w powstaniu w getcie. Gdy w 2022 roku odwiedzi\u0142am Polsk\u0119, znalaz\u0142am w Warszawie l\u015bni\u0105cy pomnik po\u015bwi\u0119cony jego pami\u0119ci. Po drugie, jestem prawnuczk\u0105 rosyjskiego socjalisty m\u00f3wi\u0105cego w jidysz, kt\u00f3ry wyemigrowa\u0142 do Stan\u00f3w Zjednoczonych na pocz\u0105tku XX wieku. Nie by\u0142 on bundowcem per se (ani te\u017c antysyjonist\u0105), ale nale\u017ca\u0142 do tej samej og\u00f3lnej kategorii demograficznej. Ta historia zdecydowanie zas\u0142uguje na badanie i dyskusj\u0119, ale musi to by\u0107 robione we w\u0142a\u015bciwym kontek\u015bcie historycznym.<\/span><\/p>\n<p><span style=\"color: #000080;\">Antysyjonizm Bundu z pocz\u0105tku XX wieku by\u0142 w istocie aktem oporu \u2014 wobec nazist\u00f3w i innych nazistopodobnych byt\u00f3w, a nie wobec innych \u017byd\u00f3w. Ich antysyjonizm wynika\u0142 z przekonania, \u017ce maj\u0105 pe\u0142ne prawo \u017cy\u0107 w Europie Wschodniej i zachowa\u0107 kultur\u0119 oraz j\u0119zyk jidysz, tak jak ich rodziny czyni\u0142y to przez setki lat. By\u0142a to pi\u0119kna idea \u2014 ale po niemal ca\u0142kowitej zag\u0142adzie podczas Holokaustu okaza\u0142a si\u0119 ca\u0142kowicie nieskuteczna. W okresie \u015bwietno\u015bci Bundu Polska mia\u0142a drug\u0105 co do wielko\u015bci populacj\u0119 \u017cydowsk\u0105 na \u015bwiecie (pierwsze miejsce zajmowa\u0142 Nowy Jork) \u2014 ponad 3 miliony. Prawie osiemdziesi\u0105t lat po powstaniu pa\u0144stwa \u017cydowskiego pozosta\u0142o tam zaledwie kilka tysi\u0119cy. Polska reprezentuje to, co zosta\u0142o utracone. Izrael reprezentuje to, co zosta\u0142o zyskane.<\/span><\/p>\n<p><span style=\"color: #000080;\">Bundowcy i ich rodziny do\u015bwiadczali autentycznych trud\u00f3w \u017cycia w sztetlu \u2014 pogrom\u00f3w, biedy, surowych zim. Ich przyw\u00f3dcy, podobnie jak przyw\u00f3dcy syjonistyczni w okresie przedpa\u0144stwowym i w pierwszych latach istnienia Izraela, byli r\u00f3wnie\u017c niezwykle ofiarni. Nie do\u0142\u0105czali do tego ruchu dla s\u0142awy czy bogactwa. W przypadku mojego socjalistycznego pradziadka by\u0142o to proste: by\u0142 \u017bydem, kt\u00f3ry dorasta\u0142 w cieniu Imperium Rosyjskiego. W tamtych czasach albo by\u0142o si\u0119 za carem, albo nie. On nie by\u0142 \u2014 i podj\u0105\u0142 decyzj\u0119 o emigracji z tego przekl\u0119tego terytorium trzy dekady przed doj\u015bciem nazist\u00f3w do w\u0142adzy. Przenie\u015bmy si\u0119 o pokolenie dalej, do bundowc\u00f3w, kt\u00f3rzy stan\u0119li na pierwszej linii frontu przeciwko silnie uzbrojonemu naje\u017ad\u017acy, wiedz\u0105c, \u017ce najpewniej nie wygraj\u0105. Mo\u017ce gdyby mieli lepsz\u0105 bro\u0144\u2026 ale to dygresja.<\/span><\/p>\n<p><span style=\"color: #000080;\">Zr\u00f3wnywanie moich socjalistycznych przodk\u00f3w z Zohranem Mamdanim i jego zwolennikami jest nie tylko b\u0142\u0119dne, ale i obra\u017aliwe. Zohran mo\u017ce si\u0119 okre\u015bla\u0107 jako socjalista, ale wszystko, co robi, wskazuje na to, \u017ce jest po prostu bogatym dzieciakiem popieraj\u0105cym przemoc wobec \u017byd\u00f3w. My\u015bl\u0119, \u017ce mog\u0119 m\u00f3wi\u0107 w imieniu moich w\u0142asnych dziadk\u00f3w, gdy powiem, \u017ce by go nie poparli. Mogliby poprze\u0107 Berniego Sandersa w czasie, gdy ja to zrobi\u0142am, ale to by\u0142o niemal dekad\u0119 temu i zbyt wiele si\u0119 zmieni\u0142o. Moi przodkowie nie byli g\u0142upi. Rozpoznawali wroga, gdy go widzieli. Gdyby nie, nie pisa\u0142abym teraz tych s\u0142\u00f3w po angielsku, siedz\u0105c na kanapie w Stanach Zjednoczonych.<\/span><\/p>\n<p><span style=\"color: #000080;\">Oto pytanie istotne dla tego tematu, kt\u00f3rego Mehdi i jego \u017cydowscy go\u015bcie nie podejm\u0105, ale ja tak: dlaczego 7 pa\u017adziernika Hamas celowo zaatakowa\u0142 mieszka\u0144c\u00f3w kibuc\u00f3w \u2014 spo\u0142eczno\u015bci b\u0119d\u0105cych by\u0107 mo\u017ce jedynym udanym przejawem socjalizmu w naszej wsp\u00f3\u0142czesnej epoce? Dlaczego nie uderzono w osadnik\u00f3w albo entuzjast\u00f3w Bibiego? Wed\u0142ug tych oportunist\u00f3w z Zeteo socjalizm i \u201epost\u0119powe\u201d zasady maj\u0105 stanowi\u0107 tarcz\u0119 przeciw nienawi\u015bci do \u017byd\u00f3w. Szkoda, \u017ce w praktyce to nie zadzia\u0142a\u0142o (ani w 1939 roku, ani w 2023) w spo\u0142eczno\u015bciach \u017cydowskich, kt\u00f3re opiera\u0142y ca\u0142e swoje istnienie na tych ideach.<\/span><\/p>\n<p><span style=\"color: #000080;\">W kibucu Nir Oz, jednej ze spo\u0142eczno\u015bci w rejonie przygranicznym Gazy zmasakrowanych w ten Czarny Szabat, jeden z izraelskich ratownik\u00f3w przydzielonych do zajmowania si\u0119 cia\u0142ami przegl\u0105da\u0142 tablic\u0119 og\u0142osze\u0144, brn\u0105c przez zniszczenia. Widnia\u0142a na niej ulotka: \u201edo\u0142\u0105cz do nas w Jerozolimie, aby protestowa\u0107 przeciwko Netanjahu i nielegalnej okupacji Zachodniego Brzegu przez rz\u0105d\u201d. Planowana data wydarzenia? 7 pa\u017adziernika 2023 roku, godz. 18:00.<\/span><\/p>\n<p><span style=\"color: #000080;\">Nie trzeba dodawa\u0107, \u017ce tam nie dotarli.<\/span><\/p>\n<hr \/>\n<p><span style=\"color: #808080;\"><em>Link do orygina\u0142u:<\/em><\/span><\/p>\n<div class=\"embedded-post-wrap\" data-attrs=\"{&quot;id&quot;:195440612,&quot;url&quot;:&quot;https:\/\/theliberaljew.substack.com\/p\/your-jewish-grandparents-would-have&quot;,&quot;publication_id&quot;:2781157,&quot;publication_name&quot;:&quot;The Liberal Jew&quot;,&quot;publication_logo_url&quot;:&quot;https:\/\/substackcdn.com\/image\/fetch\/$s_!93m4!,f_auto,q_auto:good,fl_progressive:steep\/https%3A%2F%2Fsubstack-post-media.s3.amazonaws.com%2Fpublic%2Fimages%2Fc3e3bdcd-a0ac-427a-a9c5-db2d7e6a5504_1024x1024.png&quot;,&quot;title&quot;:&quot;\\&quot;Your Jewish Grandparents Would Have Voted For Zohran\\&quot;&quot;,&quot;truncated_body_text&quot;:&quot;I have written on Mehdi Hasan\u2019s antisemitic publication before, when he inappropriately brought up the Bibas family in the service of his vile agenda. I didn\u2019t plan to do so again, simply because I do not wish to give this pathetic grifter more clicks or likes. But since this one involves my own family, I fee\u2026&quot;,&quot;date&quot;:&quot;2026-04-25T18:14:41.442Z&quot;,&quot;like_count&quot;:55,&quot;comment_count&quot;:34,&quot;bylines&quot;:[{&quot;id&quot;:90687846,&quot;name&quot;:&quot;Jill&quot;,&quot;handle&quot;:&quot;theliberaljew&quot;,&quot;previous_name&quot;:null,&quot;photo_url&quot;:&quot;https:\/\/substack-post-media.s3.amazonaws.com\/public\/images\/d8f3344f-1ab8-4324-8ee8-ba581bfa4df1_576x576.png&quot;,&quot;bio&quot;:&quot;I write about Jews, higher education, and U.S. politics through my millennial lens.&quot;,&quot;profile_set_up_at&quot;:&quot;2023-06-11T22:23:35.928Z&quot;,&quot;reader_installed_at&quot;:&quot;2024-09-12T14:35:04.170Z&quot;,&quot;publicationUsers&quot;:[{&quot;id&quot;:2824270,&quot;user_id&quot;:90687846,&quot;publication_id&quot;:2781157,&quot;role&quot;:&quot;admin&quot;,&quot;public&quot;:true,&quot;is_primary&quot;:true,&quot;publication&quot;:{&quot;id&quot;:2781157,&quot;name&quot;:&quot;The Liberal Jew&quot;,&quot;subdomain&quot;:&quot;theliberaljew&quot;,&quot;custom_domain&quot;:null,&quot;custom_domain_optional&quot;:false,&quot;hero_text&quot;:&quot;I write about Jews, higher education, and the messiness of American culture through my millennial lens.&quot;,&quot;logo_url&quot;:&quot;https:\/\/substack-post-media.s3.amazonaws.com\/public\/images\/c3e3bdcd-a0ac-427a-a9c5-db2d7e6a5504_1024x1024.png&quot;,&quot;author_id&quot;:90687846,&quot;primary_user_id&quot;:90687846,&quot;theme_var_background_pop&quot;:&quot;#8AE1A2&quot;,&quot;created_at&quot;:&quot;2024-07-11T12:20:41.506Z&quot;,&quot;email_from_name&quot;:&quot;Jill from The Liberal Jew Substack&quot;,&quot;copyright&quot;:&quot;Jill&quot;,&quot;founding_plan_name&quot;:null,&quot;community_enabled&quot;:true,&quot;invite_only&quot;:false,&quot;payments_state&quot;:&quot;enabled&quot;,&quot;language&quot;:null,&quot;explicit&quot;:false,&quot;homepage_type&quot;:&quot;magaziney&quot;,&quot;is_personal_mode&quot;:false,&quot;logo_url_wide&quot;:null}}],&quot;is_guest&quot;:false,&quot;bestseller_tier&quot;:null,&quot;status&quot;:{&quot;bestsellerTier&quot;:null,&quot;subscriberTier&quot;:10,&quot;leaderboard&quot;:null,&quot;vip&quot;:false,&quot;badge&quot;:{&quot;type&quot;:&quot;subscriber&quot;,&quot;tier&quot;:10,&quot;accent_colors&quot;:null},&quot;paidPublicationIds&quot;:[1905825,4293775,2155139,2425243,3362965,260347,3959969,7319150,8527476,1421460],&quot;subscriber&quot;:null}}],&quot;utm_campaign&quot;:null,&quot;belowTheFold&quot;:true,&quot;type&quot;:&quot;newsletter&quot;,&quot;language&quot;:&quot;en&quot;}\" data-component-name=\"EmbeddedPostToDOM\">\n<div class=\"embedded-post-header\"><span style=\"color: #808080;\"><em><img decoding=\"async\" class=\"embedded-post-publication-logo alignleft\" src=\"https:\/\/substackcdn.com\/image\/fetch\/$s_!93m4!,w_56,c_limit,f_auto,q_auto:good,fl_progressive:steep\/https%3A%2F%2Fsubstack-post-media.s3.amazonaws.com%2Fpublic%2Fimages%2Fc3e3bdcd-a0ac-427a-a9c5-db2d7e6a5504_1024x1024.png\" \/><span class=\"embedded-post-publication-name\">The Liberal Jew<\/span><\/em><\/span><\/div>\n<div class=\"embedded-post-title-wrapper\">\n<div class=\"embedded-post-title\"><span style=\"color: #808080;\"><em>&#8220;Your Jewish Grandparents Would Have Voted For Zohran&#8221;<\/em><\/span><\/div>\n<\/div>\n<div class=\"embedded-post-body\"><span style=\"color: #808080;\"><em>I have written on Mehdi Hasan\u2019s antisemitic publication before, when he inappropriately brought up the Bibas family in the service of his vile agenda. I didn\u2019t plan to do so again, simply because I do not wish to give this pathetic grifter more clicks or likes. But since this one involves my own family, I fee\u2026<\/em><\/span><\/div>\n<\/div>\n<\/div>\n<hr style=\"height: 15px; background: #d0e6fa; width: 100%;\" \/>\n<div id=\"content\" class=\"content-alignment\">\n<div id=\"watch-description\" class=\"yt-uix-button-panel\">\n<div id=\"watch-description-text\" style=\"text-align: center;\">\n<p><em>Zawarto\u015b\u0107 publikowanych artyku\u0142\u00f3w i materia\u0142\u00f3w nie reprezentuje pogl\u0105d\u00f3w ani opinii Reunion&#8217;68,<\/em><em><br \/>\nani te\u017c webmastera Blogu Reunion&#8217;68, chyba ze jest to wyra\u017anie zaznaczone.<br \/>\nTwoje uwagi, linki, w\u0142asne artyku\u0142y lub wiadomo\u015bci prze\u015blij na adres:<br \/>\n<\/em><span style=\"color: #000080;\"><strong><em><a style=\"color: #000080;\" href=\"mailto:webmaster@reunion68.com\"><span style=\"text-decoration: underline;\">webmaster@reunion68.com<\/span><\/a><\/em><\/strong><\/span><\/p>\n<\/div>\n<\/div>\n<\/div>\n<hr style=\"width: 100%;\" \/>\n","protected":false},"excerpt":{"rendered":"<p>\u201eTwoi \u017cydowscy dziadkowie zag\u0142osowaliby na Zohrana\u201d Jill O zaw\u0142aszczaniu post\u0119powej kultury \u017cydowskiej przez antysemit\u00f3w Pomnik bohater\u00f3w powstania w getcie warszawskim autorstwa rze\u017abiarza Nathana Rapaporta. Monument wzniesiono na terenie zniszczonego getta. Jego kopia znajduje si\u0119 w Yad Vashem w Jerozolimie. Pisa\u0142am ju\u017c wcze\u015bniej o antysemickiej publikacji Mehdiego Hasana, kiedy to we w\u0142a\u015bciwy dla niego spos\u00f3b przywo\u0142a\u0142 [&hellip;]<\/p>\n","protected":false},"author":1,"featured_media":0,"comment_status":"closed","ping_status":"closed","sticky":false,"template":"","format":"standard","meta":[],"categories":[6],"tags":[33,24],"_links":{"self":[{"href":"https:\/\/www.reunion68.se\/index.php?rest_route=\/wp\/v2\/posts\/130113"}],"collection":[{"href":"https:\/\/www.reunion68.se\/index.php?rest_route=\/wp\/v2\/posts"}],"about":[{"href":"https:\/\/www.reunion68.se\/index.php?rest_route=\/wp\/v2\/types\/post"}],"author":[{"embeddable":true,"href":"https:\/\/www.reunion68.se\/index.php?rest_route=\/wp\/v2\/users\/1"}],"replies":[{"embeddable":true,"href":"https:\/\/www.reunion68.se\/index.php?rest_route=%2Fwp%2Fv2%2Fcomments&post=130113"}],"version-history":[{"count":5,"href":"https:\/\/www.reunion68.se\/index.php?rest_route=\/wp\/v2\/posts\/130113\/revisions"}],"predecessor-version":[{"id":130122,"href":"https:\/\/www.reunion68.se\/index.php?rest_route=\/wp\/v2\/posts\/130113\/revisions\/130122"}],"wp:attachment":[{"href":"https:\/\/www.reunion68.se\/index.php?rest_route=%2Fwp%2Fv2%2Fmedia&parent=130113"}],"wp:term":[{"taxonomy":"category","embeddable":true,"href":"https:\/\/www.reunion68.se\/index.php?rest_route=%2Fwp%2Fv2%2Fcategories&post=130113"},{"taxonomy":"post_tag","embeddable":true,"href":"https:\/\/www.reunion68.se\/index.php?rest_route=%2Fwp%2Fv2%2Ftags&post=130113"}],"curies":[{"name":"wp","href":"https:\/\/api.w.org\/{rel}","templated":true}]}}