{"id":13056,"date":"2015-01-25T19:10:28","date_gmt":"2015-01-25T17:10:28","guid":{"rendered":"http:\/\/www.reunion68.se\/?p=13056"},"modified":"2015-01-30T21:56:12","modified_gmt":"2015-01-30T19:56:12","slug":"13056","status":"publish","type":"post","link":"https:\/\/www.reunion68.se\/?p=13056","title":{"rendered":"List Otwarty Bojownikow Warszawskiego Ghetta do Prezydenta Polski"},"content":{"rendered":"<h5 style=\"text-align: center;\"><a href=\"http:\/\/www.jhi.pl\/\" target=\"_blank\"><img decoding=\"async\" class=\"center alignleft\" src=\"http:\/\/www.reunion68.com\/Biuletyn\/img\/zih-1.png\" alt=\"\" \/><\/a><strong><a style=\"color: #000080; text-decoration: underline;\" href=\"http:\/\/www.jhi.pl\/blog\/2015-01-21-list-bojownikow-warszawskiego-getta-do-prezydenta-rp\" target=\"_blank\"><br \/>\nCzy upami\u0119tni\u0107 Sprawiedliwych na terenie by\u0142ego getta<\/a><\/strong><\/h5>\n<hr style=\"height: 15px; background: #d0e6fa; width: 710px;\" \/>\n<p style=\"text-align: center;\"><span style=\"color: #333333;\"><strong>Bohaterowie walki toczonej w Warszawie wiosn\u0105 1943 roku Kazik Ratajzer (Simcha Rotem) i Pnina Grynszpan Frymer przes\u0142ali nam sw\u00f3j list w sprawie lokalizacji pomnika Sprawiedliwych. Uznaj\u0105c stanowisko ostatnich \u017cyj\u0105cych powsta\u0144c\u00f3w getta warszawskiego za niezwykle wa\u017cny g\u0142os w tocz\u0105cej si\u0119 debacie postanowili\u015bmy ten list opublikowa\u0107:<\/strong><\/span><br \/>\n<img decoding=\"async\" class=\" aligncenter\" src=\"http:\/\/www.jhi.pl\/uploads\/image\/file\/6555\/wide_Przydent_Komorowski_gratuluje_Kazikowi_-_kadr.jpg\" alt=\"Wide przydent komorowski gratuluje kazikowi   kadr\" width=\"700\" data-2x-src=\"\/uploads\/image\/file\/6555\/wide_Przydent_Komorowski_gratuluje_Kazikowi_-_kadr@2x.jpg\" \/><\/p>\n<p><img decoding=\"async\" class=\"center aligncenter\" src=\"http:\/\/www.reunion68.com\/Biuletyn\/img\/break.png\" alt=\"\" \/><\/p>\n<object class=\"vanilla-pdf-embed\" data=\"http:\/\/www.reunion68.com\/Biuletyn\/Ratajzera.pdf?attachment_id=1#page=1&view=FitH\" type=\"application\/pdf\" width=\"700px\" height=\"1000em\">\n    <p><a href=\"http:\/\/www.reunion68.com\/Biuletyn\/Ratajzera.pdf?attachment_id=1\">Download the PDF file .<\/a><\/p>\n<\/object>\n<p><img decoding=\"async\" class=\"center aligncenter\" src=\"http:\/\/www.reunion68.com\/Biuletyn\/img\/break.png\" alt=\"\" \/><\/p>\n<p style=\"text-align: center;\"><strong>Inne wypowiedzi na ten temat<\/strong><\/p>\n<h5 style=\"text-align: center;\"><span style=\"text-decoration: underline; color: #000080;\"><span style=\"text-decoration: underline;\"><strong><a style=\"color: #000080; text-decoration: underline;\" href=\"http:\/\/m.wyborcza.pl\/wyborcza\/1,132749,16065323,Polska_panika_moralna__Czy_upamietnic_Sprawiedliwych.html\" target=\"_blank&quot;\">Polska panika moralna<\/a><\/strong><\/span><\/span><\/h5>\n<h5 class=\"entry-title\" style=\"text-align: center;\"><span style=\"text-decoration: underline; color: #000080;\"><span style=\"text-decoration: underline;\"><strong><a style=\"color: #000080; text-decoration: underline;\" href=\"http:\/\/www.reunion68.se\/?p=10205\" rel=\"bookmark\">Jana Tomasz Grossa o planowanym Pomniku Sprawiedliwych ( Z. Rolata<\/a>)<\/strong><\/span><\/span><\/h5>\n<h5 class=\"entry-title\" style=\"text-align: center;\"><span style=\"text-decoration: underline; color: #000080;\"><strong><a style=\"color: #000080; text-decoration: underline;\" href=\"http:\/\/www.reunion68.se\/?p=566\" rel=\"bookmark\">Postawi\u0107 na cudzym<\/a><\/strong><\/span><\/h5>\n<hr style=\"height: 15px; background: #d0e6fa; width: 710px;\" \/>\n<div id=\"content\" class=\"  content-alignment&lt;br \/&gt;&lt;br \/&gt; \">\n<div id=\"watch-description\" class=\"yt-uix-button-panel\">\n<div id=\"watch-description-text\">\n<p style=\"text-align: center;\"><span style=\"color: #808080;\"> twoje uwagi, linki, wlasne artykuly, lub wiadomosci przeslij do: <strong><span style=\"text-decoration: underline;\"><span style=\"color: #808080; text-decoration: underline;\"><a href=\"mailto:webmaster@reunion68.com\">webmaster@reunion68.com<\/a><\/span><\/span><\/strong><\/span><\/p>\n<\/div>\n<\/div>\n<\/div>\n<p>&nbsp;<\/p>\n<hr style=\"width: 710px;\" \/>\n","protected":false},"excerpt":{"rendered":"<p>Czy upami\u0119tni\u0107 Sprawiedliwych na terenie by\u0142ego getta Bohaterowie walki toczonej w Warszawie wiosn\u0105 1943 roku Kazik Ratajzer (Simcha Rotem) i Pnina Grynszpan Frymer przes\u0142ali nam sw\u00f3j list w sprawie lokalizacji pomnika Sprawiedliwych. Uznaj\u0105c stanowisko ostatnich \u017cyj\u0105cych powsta\u0144c\u00f3w getta warszawskiego za niezwykle wa\u017cny g\u0142os w tocz\u0105cej si\u0119 debacie postanowili\u015bmy ten list opublikowa\u0107: Inne wypowiedzi na ten [&hellip;]<\/p>\n","protected":false},"author":1,"featured_media":0,"comment_status":"closed","ping_status":"closed","sticky":false,"template":"","format":"standard","meta":[],"categories":[4],"tags":[24],"_links":{"self":[{"href":"https:\/\/www.reunion68.se\/index.php?rest_route=\/wp\/v2\/posts\/13056"}],"collection":[{"href":"https:\/\/www.reunion68.se\/index.php?rest_route=\/wp\/v2\/posts"}],"about":[{"href":"https:\/\/www.reunion68.se\/index.php?rest_route=\/wp\/v2\/types\/post"}],"author":[{"embeddable":true,"href":"https:\/\/www.reunion68.se\/index.php?rest_route=\/wp\/v2\/users\/1"}],"replies":[{"embeddable":true,"href":"https:\/\/www.reunion68.se\/index.php?rest_route=%2Fwp%2Fv2%2Fcomments&post=13056"}],"version-history":[{"count":44,"href":"https:\/\/www.reunion68.se\/index.php?rest_route=\/wp\/v2\/posts\/13056\/revisions"}],"predecessor-version":[{"id":13253,"href":"https:\/\/www.reunion68.se\/index.php?rest_route=\/wp\/v2\/posts\/13056\/revisions\/13253"}],"wp:attachment":[{"href":"https:\/\/www.reunion68.se\/index.php?rest_route=%2Fwp%2Fv2%2Fmedia&parent=13056"}],"wp:term":[{"taxonomy":"category","embeddable":true,"href":"https:\/\/www.reunion68.se\/index.php?rest_route=%2Fwp%2Fv2%2Fcategories&post=13056"},{"taxonomy":"post_tag","embeddable":true,"href":"https:\/\/www.reunion68.se\/index.php?rest_route=%2Fwp%2Fv2%2Ftags&post=13056"}],"curies":[{"name":"wp","href":"https:\/\/api.w.org\/{rel}","templated":true}]}}