{"id":13090,"date":"2015-01-22T19:04:12","date_gmt":"2015-01-22T17:04:12","guid":{"rendered":"http:\/\/www.reunion68.se\/?p=13090"},"modified":"2015-01-21T20:50:47","modified_gmt":"2015-01-21T18:50:47","slug":"13090","status":"publish","type":"post","link":"https:\/\/www.reunion68.se\/?p=13090","title":{"rendered":"Apel o upami\u0119tnienie \u017byd\u00f3w, naszych wsp\u00f3\u0142obywateli i s\u0105siad\u00f3w"},"content":{"rendered":"<h5 style=\"text-align: center;\"><a href=\"http:\/\/ekai.pl\/\" target=\"_blank\"><img decoding=\"async\" class=\"center alignleft\" src=\"http:\/\/www.reunion68.com\/Biuletyn\/img\/ekai.png\" alt=\"\" \/><\/a><span style=\"text-decoration: underline; color: #000080;\"><span style=\"text-decoration: underline;\"><strong><a style=\"color: #000080; text-decoration: underline;\" href=\"http:\/\/ekai.pl\/diecezje\/bielsko-zywiecka\/x85656\/apel-o-upamietnienie-zydow-naszych-wspolobywateli-i-sasiadow\/\" target=\"_blank\">Apel o upami\u0119tnienie \u017byd\u00f3w, naszych wsp\u00f3\u0142obywateli i s\u0105siad\u00f3w<\/a><\/strong><\/span><\/span><\/h5>\n<p style=\"text-align: center;\"><span style=\"color: #333333;\"><strong>tk, Bielsko-Bia\u0142a, 2015-01-15 <\/strong><\/span><\/p>\n<hr style=\"height: 15px; background: #d0e6fa; width: 710px;\" \/>\n<div style=\"width: 140px\" class=\"wp-caption alignright\"><img decoding=\"async\" loading=\"lazy\" class=\"center\" src=\"http:\/\/www.reunion68.com\/Biuletyn\/img\/wlodek-roz.jpg\" alt=\"\" width=\"130\" height=\"201\" \/><p class=\"wp-caption-text\"><span style=\"color: #000080;\">polecil: Vlady Rozenbaum<\/span><\/p><\/div>\n<p style=\"text-align: left;\"><strong><span style=\"color: #333333;\">&#8220;Apel o upami\u0119tnienie \u017byd\u00f3w, naszych wsp\u00f3\u0142obywateli i s\u0105siad\u00f3w&#8221; odczytano dzi\u015b podczas og\u00f3lnopolskich obchod\u00f3w XVIII Dnia Judaizmu w Bielsku-Bia\u0142ej. &#8220;By\u0107 mo\u017ce dawna synagoga, cmentarz \u017cydowski czy mogi\u0142y ofiar Holokaustu nie posz\u0142y ca\u0142kiem w niepami\u0119\u0107 i da si\u0119 co\u015b zrobi\u0107 na rzecz ich odnowy&#8221; &#8211; zaznacza si\u0119 w dokumencie. Tre\u015b\u0107 apelu skierowanego do ksi\u0119\u017cy, w\u0142adz lokalnych i wiernych odczyta\u0142 bp Mieczys\u0142aw Cis\u0142o, przewodnicz\u0105cy Komitetu ds. Dialogu z Judaizmem Konferencji Episkopatu Polski.<\/span><\/strong><\/p>\n<p style=\"text-align: left;\"><span style=\"color: #000080;\">Apel o upami\u0119tnienie \u015blad\u00f3w polsko-\u017cydowskiej przesz\u0142o\u015bci zaprezentowano podczas trwaj\u0105cej w\u0142a\u015bnie konferencji naukowej, jak\u0105 z okazji obchod\u00f3w XVIII Dnia Judaizmu w Ko\u015bciele katolickim w Polsce zorganizowano w gmachu Rady Miasta w Bielsku-Bia\u0142ej.<\/span><\/p>\n<p style=\"text-align: left;\"><span style=\"color: #000080;\">W konferencji bior\u0105 udzia\u0142 m.in. biskup bielsko-\u017cywiecki Roman Pindel, naczelny rab Polski Michael Schudrich, lutera\u0144ski biskup Pawe\u0142 Anweiler, ks. dr Manfred Deselaers, wiceprezes Fundacji Centrum Dialogu i Modlitwy w O\u015bwi\u0119cimiu oraz bp Mieczys\u0142aw Cis\u0142o. Dyskusj\u0119 panelow\u0105 prowadzi prezes KAI Marcin Przeciszewski.<\/span><\/p>\n<p style=\"text-align: left;\"><span style=\"color: #000080;\">Publikujemy tre\u015b\u0107 dokumentu:<\/span><\/p>\n<p style=\"text-align: left;\"><span style=\"color: #000080;\">Apel o upami\u0119tnienie \u017byd\u00f3w, naszych wsp\u00f3\u0142obywateli i s\u0105siad\u00f3w<\/span><\/p>\n<p style=\"text-align: left;\"><span style=\"color: #000080;\">Polska przez niemal 1000 lat by\u0142a ziemi\u0105 go\u015bcinn\u0105 dla \u017byd\u00f3w, usuwanych z wielu kraj\u00f3w europejskich. Mogli oni tu znale\u017a\u0107 nie tylko azyl i opiek\u0119 w\u0142adzy kr\u00f3lewskiej, ale i warunki do praktykowania w\u0142asnej religii, rozwijania kultury, nauki i obyczaj\u00f3w. Historia \u017byd\u00f3w polskich jest nieod\u0142\u0105czn\u0105 cz\u0119\u015bci\u0105 dziedzictwa Rzeczypospolitej, kt\u00f3ra by\u0142a wsp\u00f3lnym domem dla przedstawicieli r\u00f3\u017cnych wyzna\u0144, religii i narod\u00f3w. Przez wiele stuleci poprzedzaj\u0105cych Szoa (Zag\u0142ad\u0119) jej tereny by\u0142y najwa\u017cniejszym o\u015brodkiem \u017cycia \u017byd\u00f3w na \u015bwiecie, jak i dynamicznym o\u015brodkiem \u017cydowskiej tw\u00f3rczo\u015bci duchowej i teologicznej. Tworzyli tu znamienite dzie\u0142a, a judaizm rozwija\u0142 si\u0119 w spos\u00f3b wolny. Istotnym elementem pejza\u017cu polskich miast &#8211; obok katedr, uniwersytet\u00f3w i klasztor\u00f3w &#8211; by\u0142y synagogi, szko\u0142y, sklepy i cmentarze \u017cydowskie. W polskim wojsku pos\u0142ug\u0119 duszpastersk\u0105 pe\u0142nili tak\u017ce rabini. Wielu \u017byd\u00f3w &#8211; obywateli Rzeczypospolitej odda\u0142o \u017cycie w obronie wsp\u00f3lnej ojczyzny. Wsp\u00f3\u0142istnienie Polak\u00f3w i \u017byd\u00f3w nie zawsze by\u0142o \u0142atwe, bywa\u0142o naznaczone nieufno\u015bci\u0105, oskar\u017ceniami i konfliktami, ale tworzy\u0142o niepowtarzaln\u0105 kultur\u0119 i duchowy klimat tej cz\u0119\u015bci Europy.<\/span><\/p>\n<p style=\"text-align: left;\"><span style=\"color: #000080;\">Tragiczne wydarzenia historii sprawi\u0142y, \u017ce przestrze\u0144 \u017cydowska w Polsce niemal ju\u017c nie istnieje. Mimo, \u017ce uleg\u0142a Zag\u0142adzie podczas II wojny \u015bwiatowej, to jest wa\u017cnym sk\u0142adnikiem i \u017cydowskiej i polskiej pami\u0119ci. Ta wsp\u00f3lna pami\u0119\u0107 niechaj b\u0119dzie wezwaniem do troski o zapomniane \u015blady polsko-\u017cydowskiej przesz\u0142o\u015bci. Niech ich upami\u0119tnienie stanie si\u0119 pok\u0142osiem tegorocznego Dnia Judaizmu w Ko\u015bciele katolickim w Polsce. Tym bardziej, \u017ce jego obchody rozpocz\u0119\u0142a wsp\u00f3lna modlitwa chrze\u015bcijan i \u017byd\u00f3w, dzieci jednego Boga, w miejscu najwi\u0119kszej zag\u0142ady \u017byd\u00f3w w historii, na terenie obozu Auschwitz-Birkenau.<\/span><\/p>\n<p style=\"text-align: left;\"><span style=\"color: #000080;\">Cz\u0119sto nie zdajemy sobie ju\u017c sprawy, \u017ce w bliskiej okolicy, na s\u0105siednich ulicach przez wieki mieszkali, pracowali i tworzyli \u017bydzi, nasi starsi bracia w wierze, s\u0105siedzi i wsp\u00f3\u0142obywatele. Dobrze oddaje to otwarta niedawno sta\u0142a wystawa w Muzeum Historii \u017byd\u00f3w Polski. Naszym obowi\u0105zkiem jako chrze\u015bcijan jest troska o ocalenie pami\u0119ci o nich i przekazanie tej pami\u0119ci dzieciom i wnukom<\/span><\/p>\n<p style=\"text-align: right;\"><span style=\"color: #000080;\">Czytaj dalej tu:<strong><span style=\"text-decoration: underline;\"> <a style=\"color: #000080; text-decoration: underline;\" href=\"http:\/\/ekai.pl\/diecezje\/bielsko-zywiecka\/x85656\/apel-o-upamietnienie-zydow-naszych-wspolobywateli-i-sasiadow\/\" target=\"_blank\">Apel o upami\u0119tnienie \u017byd\u00f3w, naszych wsp\u00f3\u0142obywateli i s\u0105siad\u00f3w<\/a><\/span><\/strong><\/span><\/p>\n<hr style=\"height: 15px; background: #d0e6fa; width: 710px;\" \/>\n<div id=\"content\" class=\"  content-alignment&lt;br \/&gt;&lt;br \/&gt; \">\n<div id=\"watch-description\" class=\"yt-uix-button-panel\">\n<div id=\"watch-description-text\">\n<p style=\"text-align: center;\"><span style=\"color: #808080;\"> twoje uwagi, linki, wlasne artykuly, lub wiadomosci przeslij do: <strong><span style=\"text-decoration: underline;\"><span style=\"color: #808080; text-decoration: underline;\"><a href=\"mailto:webmaster@reunion68.com\">webmaster@reunion68.com<\/a><\/span><\/span><\/strong><\/span><\/p>\n<\/div>\n<\/div>\n<\/div>\n<p>&nbsp;<\/p>\n<hr style=\"width: 710px;\" \/>\n","protected":false},"excerpt":{"rendered":"<p>Apel o upami\u0119tnienie \u017byd\u00f3w, naszych wsp\u00f3\u0142obywateli i s\u0105siad\u00f3w tk, Bielsko-Bia\u0142a, 2015-01-15 &#8220;Apel o upami\u0119tnienie \u017byd\u00f3w, naszych wsp\u00f3\u0142obywateli i s\u0105siad\u00f3w&#8221; odczytano dzi\u015b podczas og\u00f3lnopolskich obchod\u00f3w XVIII Dnia Judaizmu w Bielsku-Bia\u0142ej. &#8220;By\u0107 mo\u017ce dawna synagoga, cmentarz \u017cydowski czy mogi\u0142y ofiar Holokaustu nie posz\u0142y ca\u0142kiem w niepami\u0119\u0107 i da si\u0119 co\u015b zrobi\u0107 na rzecz ich odnowy&#8221; &#8211; zaznacza [&hellip;]<\/p>\n","protected":false},"author":1,"featured_media":0,"comment_status":"closed","ping_status":"closed","sticky":false,"template":"","format":"standard","meta":[],"categories":[6],"tags":[24],"_links":{"self":[{"href":"https:\/\/www.reunion68.se\/index.php?rest_route=\/wp\/v2\/posts\/13090"}],"collection":[{"href":"https:\/\/www.reunion68.se\/index.php?rest_route=\/wp\/v2\/posts"}],"about":[{"href":"https:\/\/www.reunion68.se\/index.php?rest_route=\/wp\/v2\/types\/post"}],"author":[{"embeddable":true,"href":"https:\/\/www.reunion68.se\/index.php?rest_route=\/wp\/v2\/users\/1"}],"replies":[{"embeddable":true,"href":"https:\/\/www.reunion68.se\/index.php?rest_route=%2Fwp%2Fv2%2Fcomments&post=13090"}],"version-history":[{"count":14,"href":"https:\/\/www.reunion68.se\/index.php?rest_route=\/wp\/v2\/posts\/13090\/revisions"}],"predecessor-version":[{"id":13099,"href":"https:\/\/www.reunion68.se\/index.php?rest_route=\/wp\/v2\/posts\/13090\/revisions\/13099"}],"wp:attachment":[{"href":"https:\/\/www.reunion68.se\/index.php?rest_route=%2Fwp%2Fv2%2Fmedia&parent=13090"}],"wp:term":[{"taxonomy":"category","embeddable":true,"href":"https:\/\/www.reunion68.se\/index.php?rest_route=%2Fwp%2Fv2%2Fcategories&post=13090"},{"taxonomy":"post_tag","embeddable":true,"href":"https:\/\/www.reunion68.se\/index.php?rest_route=%2Fwp%2Fv2%2Ftags&post=13090"}],"curies":[{"name":"wp","href":"https:\/\/api.w.org\/{rel}","templated":true}]}}