{"id":13119,"date":"2015-01-24T19:00:32","date_gmt":"2015-01-24T17:00:32","guid":{"rendered":"http:\/\/www.reunion68.se\/?p=13119"},"modified":"2015-01-23T16:28:56","modified_gmt":"2015-01-23T14:28:56","slug":"13119","status":"publish","type":"post","link":"https:\/\/www.reunion68.se\/?p=13119","title":{"rendered":"SALTO &#8211; film"},"content":{"rendered":"<h5 style=\"text-align: center;\"><span style=\"text-decoration: underline; color: #333333;\"><span style=\"text-decoration: underline;\"><strong><a style=\"color: #333333; text-decoration: underline;\" href=\"SALTO ca\u0142y film \/ full movie\" target=\"_blank\">SALTO<\/a><\/strong><\/span><\/span><\/h5>\n<p style=\"text-align: center;\"><span style=\"color: #333333;\"><strong>Film po rekostrukcji cyfrowej<\/strong><\/span><\/p>\n<hr style=\"height: 15px; background: #d0e6fa; width: 710px;\" \/>\n<p><span style=\"color: #333333;\"> Re\u017cyseria: <strong>Tadeusz Konwicki<\/strong><\/span><br \/>\n<span style=\"color: #333333;\"> Rok produkcji:<strong> 1965 r.<\/strong><\/span><br \/>\n<span style=\"color: #333333;\"> Muzyka: <strong>Wojciech Kilar<\/strong><\/span><br \/>\n<span style=\"color: #333333;\"> Obsada: <strong>Zbigniew Cybulski, Jerzy Block, Gustaw Holoubek, Irena Laskowska<\/strong><\/span><br \/>\n<span style=\"color: #333333;\"> Opis: <em>Akcja filmu rozgrywa si\u0119 w prowincjonalnym miasteczku, bardzo podobnym do tego, kt\u00f3re Konwicki opisywa\u0142 w wydanej dwa lata wcze\u015bniej powie\u015bci &#8220;Sennik wsp\u00f3\u0142czesny&#8221;. Podobnie jak tam, tak\u017ce i tu sprawia ono wra\u017cenie po\u0142o\u017conego na pograniczu jawy i snu, surrealistycznej fantazji i rzeczywisto\u015bci. Pewnego dnia w miasteczku pojawia si\u0119 tajemniczy m\u0119\u017cczyzna. Przedstawia si\u0119 jako Kowalski &#8211; Malinowski. Zdumionym mieszka\u0144com przedstawia r\u00f3\u017cne wersje swej biografii. Jednym m\u00f3wi, \u017ce walczy\u0142 na wojnie, innym, \u017ce si\u0119 ukrywa i grozi mu niebezpiecze\u0144stwo. Niepostrze\u017cenie jego fa\u0142szywa legenda burzy senne \u017cycie odludnej osady.<\/em><\/span><\/p>\n<hr style=\"height: 2px; background: #d0e6fa; width: 710px;\" \/>\n<p><a href=\"https:\/\/www.facebook.com\/piotr.pazinski.3?fref=nf\" target=\"_blank\"><img decoding=\"async\" class=\"profilePic img alignleft\" src=\"https:\/\/fbcdn-profile-a.akamaihd.net\/hprofile-ak-prn2\/v\/t1.0-1\/c1.0.160.160\/p160x160\/155029_488656609512_2060355_n.jpg?oh=0226756642fa71b11bbef123581e9a2b&amp;oe=555C1C82&amp;__gda__=1432713547_12578aca35a191d86a59fab0f3c804df\" alt=\"Piotr Pazinski\" \/><\/a><\/p>\n<p style=\"text-align: center;\"><span style=\"color: #000080;\"><strong>Piotr Pazinski<\/strong><\/span><\/p>\n<p style=\"text-align: left;\"><span style=\"color: #000080;\">W najnowszych Sieciach Piotr Zaremba \u017cegna Tadeusza Konwickiego i wspomina film &#8216;Salto&#8217;. Tak si\u0119 akurat sk\u0142ada, \u017ce ja r\u00f3wnie\u017c od 10 dni zajmuj\u0119 si\u0119 \u017cegnaniem Konwickiego i czytam kolejne jego ksi\u0105\u017cki i przypominam sobie filmy. I zdaje si\u0119, \u017ce podobnie jak Zarembie &#8216;Salto&#8217; towarzyszy mi w\u0142a\u015bciwie od zawsze, bo jakbym nie wysila\u0142 pami\u0119ci, to mam przed oczami scen\u0119, w kt\u00f3rej Kowalski-Malinowski ucieka z miasteczka, a t\u0142um lokals\u00f3w obrzuca go jab\u0142kami. W\u0142a\u015bnie t\u0119, a nie ekstatyczny taniec na wieczornicy.<\/span><\/p>\n<div id=\"content\" class=\"  content-alignment&lt;br \/&gt;&lt;br \/&gt; \">\n<div id=\"watch-description\" class=\"yt-uix-button-panel\">\n<div id=\"watch-description-text\">\n<p><iframe loading=\"lazy\" src=\"\/\/www.youtube.com\/embed\/6fPyweEnSX4?feature=player_detailpage\" width=\"680\" height=\"400\" frameborder=\"0\" allowfullscreen=\"allowfullscreen\"><\/iframe><\/p>\n<\/div>\n<\/div>\n<\/div>\n<p style=\"text-align: left;\"><span style=\"color: #000080;\">To jeden z obraz\u00f3w o rozstrzygaj\u0105cym znaczeniu, przynajmniej dla mnie. I podobnie jak Zaremba, wci\u0105\u017c nie jestem pewien, czy rozumiem &#8216;Salto&#8217;, ale spostrzegam, na jak bardzo r\u00f3\u017cnych polach prowadzimy interpretacyjne dociekania. Dla Zaremby &#8211; opr\u00f3cz ponadczasowego niepokoju &#8211; to film o Polakach z roku 1965, zara\u017conych wojn\u0105, ale i zniszczonych komunizmem. A ja zn\u00f3w dostrzegam, \u017ce jest to film o zag\u0142adzie \u017byd\u00f3w i \u017cydowskiej nieobecno\u015bci. Kiedy\u015b chyba tego nie rozumia\u0142em, potem zobaczy\u0142em, ju\u017c na doros\u0142ych seansach &#8216;Salta&#8217;. Podmienione nazwiska, tu i \u00f3wdzie rzucone aluzje Holoubka, \u017ae jest ocale\u0144cem, tajemnicza Rocznica (wyw\u00f3zki, likwidacji, katastrofy?), dom kultury w dawnej synagodze, szukanie skarb\u00f3w w ziemi, rozmazana czy te\u017c zaburzona pami\u0119\u0107, daleka niepewno\u015b\u0107, kto w &#8216;Salcie&#8217; \u017cyje, a kto jest trupem, i kto jest, a kto nie jest \u017bydem, i kto jest czyim dybukiem&#8230; Rzecz prosta, nie twierdz\u0119, \u017ce trop zag\u0142adowy jest jedyny, jest tu oczywi\u015bcie i obraz rozbitego spo\u0142ecze\u0144stwa epoki gomu\u0142kowskiej i widmo zag\u0142ady nadchodz\u0105cej z przysz\u0142o\u015bci (miasteczko ma znikn\u0105\u0107, bo w pobli\u017cu powstaje kopalnia uranu), a mo\u017ce i krytyka komunizmu, ale kr\u0119puj\u0105ca i namacalna NIEOBECNO\u015a\u0106 wskazuj\u0105, w moim poczuciu, w\u0142a\u015bnie na Zag\u0142ad\u0119. Gdybym mia\u0142 racj\u0119 (przegadali\u015bmy o tym wczoraj kawa\u0142 czasu z Adamam Lipszycem i doszli\u015bmy do wniosku, \u017ce mamy bardzo podobne intuicje), znaczy\u0142oby to, \u017ce &#8216;Salto&#8217;, nakr\u0119cone p\u00f3\u0142 wieku temu, jest pod wieloma wzgl\u0119dami filmem znacznie nowocze\u015bniejszym od &#8216;Pok\u0142osia&#8217; czy Idy&#8217;, a wi\u0119c obraz\u00f3w jako\u015b pasuj\u0105cych si\u0119 z tematem \u017cydowskim czy \u017cydowsko-polskim. Niby \u017cadna zaskoczka, ale jednak.<\/span><\/p>\n<hr style=\"height: 15px; background: #d0e6fa; width: 710px;\" \/>\n<div id=\"content\" class=\"  content-alignment&lt;br \/&gt;&lt;br \/&gt; \">\n<div id=\"watch-description\" class=\"yt-uix-button-panel\">\n<div id=\"watch-description-text\">\n<p style=\"text-align: center;\"><span style=\"color: #808080;\"> twoje uwagi, linki, wlasne artykuly, lub wiadomosci przeslij do: <strong><span style=\"text-decoration: underline;\"><span style=\"color: #808080; text-decoration: underline;\"><a href=\"mailto:webmaster@reunion68.com\">webmaster@reunion68.com<\/a><\/span><\/span><\/strong><\/span><\/p>\n<\/div>\n<\/div>\n<\/div>\n<p>&nbsp;<\/p>\n<hr style=\"width: 710px;\" \/>\n","protected":false},"excerpt":{"rendered":"<p>SALTO Film po rekostrukcji cyfrowej Re\u017cyseria: Tadeusz Konwicki Rok produkcji: 1965 r. Muzyka: Wojciech Kilar Obsada: Zbigniew Cybulski, Jerzy Block, Gustaw Holoubek, Irena Laskowska Opis: Akcja filmu rozgrywa si\u0119 w prowincjonalnym miasteczku, bardzo podobnym do tego, kt\u00f3re Konwicki opisywa\u0142 w wydanej dwa lata wcze\u015bniej powie\u015bci &#8220;Sennik wsp\u00f3\u0142czesny&#8221;. Podobnie jak tam, tak\u017ce i tu sprawia ono [&hellip;]<\/p>\n","protected":false},"author":1,"featured_media":0,"comment_status":"closed","ping_status":"closed","sticky":false,"template":"","format":"standard","meta":[],"categories":[6],"tags":[24],"_links":{"self":[{"href":"https:\/\/www.reunion68.se\/index.php?rest_route=\/wp\/v2\/posts\/13119"}],"collection":[{"href":"https:\/\/www.reunion68.se\/index.php?rest_route=\/wp\/v2\/posts"}],"about":[{"href":"https:\/\/www.reunion68.se\/index.php?rest_route=\/wp\/v2\/types\/post"}],"author":[{"embeddable":true,"href":"https:\/\/www.reunion68.se\/index.php?rest_route=\/wp\/v2\/users\/1"}],"replies":[{"embeddable":true,"href":"https:\/\/www.reunion68.se\/index.php?rest_route=%2Fwp%2Fv2%2Fcomments&post=13119"}],"version-history":[{"count":20,"href":"https:\/\/www.reunion68.se\/index.php?rest_route=\/wp\/v2\/posts\/13119\/revisions"}],"predecessor-version":[{"id":13140,"href":"https:\/\/www.reunion68.se\/index.php?rest_route=\/wp\/v2\/posts\/13119\/revisions\/13140"}],"wp:attachment":[{"href":"https:\/\/www.reunion68.se\/index.php?rest_route=%2Fwp%2Fv2%2Fmedia&parent=13119"}],"wp:term":[{"taxonomy":"category","embeddable":true,"href":"https:\/\/www.reunion68.se\/index.php?rest_route=%2Fwp%2Fv2%2Fcategories&post=13119"},{"taxonomy":"post_tag","embeddable":true,"href":"https:\/\/www.reunion68.se\/index.php?rest_route=%2Fwp%2Fv2%2Ftags&post=13119"}],"curies":[{"name":"wp","href":"https:\/\/api.w.org\/{rel}","templated":true}]}}