{"id":13141,"date":"2015-01-23T19:01:58","date_gmt":"2015-01-23T17:01:58","guid":{"rendered":"http:\/\/www.reunion68.se\/?p=13141"},"modified":"2015-01-22T16:57:14","modified_gmt":"2015-01-22T14:57:14","slug":"13141","status":"publish","type":"post","link":"https:\/\/www.reunion68.se\/?p=13141","title":{"rendered":"Reakcje medi\u00f3w arabskich na zamachy w Pary\u017cu \u2013 Cz\u0119\u015b\u0107 I"},"content":{"rendered":"<h5 style=\"text-align: center;\"><a href=\"http:\/\/www2.memri.org\/\" target=\"_blank\"><img decoding=\"async\" class=\"center alignleft\" src=\"http:\/\/www.reunion68.com\/Biuletyn\/img\/memri1.png\" alt=\"\" \/><\/a><span style=\"text-decoration: underline; color: #000080;\"><span style=\"text-decoration: underline;\"><strong><a style=\"color: #000080; text-decoration: underline;\" href=\"http:\/\/www2.memri.org\/bin\/polish\/latestnews.cgi?ID=SD593715\" target=\"_blank\">Reakcje medi\u00f3w arabskich na zamachy w Pary\u017cu \u2013 Cz\u0119\u015b\u0107 I<\/a><\/strong><\/span><\/span><\/h5>\n<hr style=\"height: 15px; background: #d0e6fa; width: 710px;\" \/>\n<p style=\"text-align: left;\"><strong><span style=\"color: #333333;\">Reakcje medi\u00f3w arabskich na zamachy terrorystyczne w Pary\u017cu \u2013 Cz\u0119\u015b\u0107 I: gazety i publicy\u015bci arabscy twierdz\u0105, \u017ce Zach\u00f3d p\u0142aci teraz za popieranie terroru<\/span><\/strong><\/p>\n<p style=\"text-align: left;\"><span style=\"color: #000080;\"><em>Niedawna fala terroru w Pary\u017cu, kt\u00f3ra zacz\u0119\u0142a si\u0119 7 stycznia 2015 r. masakr\u0105 w redakcji tygodnika francuskiego \u201eCharlie Hebdo\u201d w odwecie za karykatury Proroka Mahometa, kt\u00f3re tygodnik ten opublikowa\u0142 kilka lat temu, a nast\u0119pnie trwa\u0142a 8 stycznia z zamordowaniem francuskiej policjantki i 9 stycznia atakiem na koszerny supermarket Hyper Cacher, wywo\u0142a\u0142a liczne i zr\u00f3\u017cnicowane reakcje w \u015bwiecie arabskim i muzu\u0142ma\u0144skim [1]. Te reakcje znalaz\u0142y wyraz w oficjalnych pot\u0119pieniach zamach\u00f3w przez pa\u0144stwa i ich wysokich przedstawicieli, jak r\u00f3wnie\u017c przez instytucje religijne i duchownych, przede wszystkim Al-Azhar i szejka Jousufa Al-Karadhawiego, przewodnicz\u0105cego Mi\u0119dzynarodowego Zwi\u0105zku Uczonych Muzu\u0142ma\u0144skich [3].<\/em><\/span><\/p>\n<p style=\"text-align: left;\"><span style=\"color: #000080;\"><em>Pa\u0144stwa arabskie i ich przyw\u00f3dcy pospieszyli pot\u0119pi\u0107 morderczy atak na tygodnik \u201cCharlie Hebdo\u201d, nazywaj\u0105c go tch\u00f3rzliwym i zbrodniczym czynem terrorystycznym, kt\u00f3ry jest sprzeczny z islamem [4]. W kilku reakcjach zauwa\u017cano, \u017ce terror jest zjawiskiem globalnym, kt\u00f3re uderza tak\u017ce w kraje arabskie i musi by\u0107 zwalczany. Wyj\u0105tkiem by\u0142a reakcja syryjskiego ministerstwa spraw zagranicznych, kt\u00f3re obarczy\u0142o odpowiedzialno\u015bci\u0105 za zamach sam\u0105 Francj\u0119, m\u00f3wi\u0105c, \u017ce \u201eSyria ostrzega\u0142a raz za razem o niebezpiecze\u0144stwie popierania terroru\u2026 i \u017ce ten terror powr\u00f3ci i uk\u0105si tych, kt\u00f3rzy go popierali\u2026&#8221; [5] W wywiadzie dla czeskiej gazety \u201cLiterarni Noviny\u201d prezydent syryjski Baszar Al-Assad pot\u0119pi\u0142 zamordowanie niewinnych, ale doda\u0142, zwracaj\u0105c si\u0119 do Francji i kraj\u00f3w arabskich: \u201eM\u00f3wili\u015bmy, \u017ce nie powinni\u015bcie popiera\u0107 terroryzmu i dawa\u0107 mu parasola politycznego, poniewa\u017c to odbije si\u0119 na waszych krajach i waszej ludno\u015bci. Nie s\u0142uchali nas\u2026 Ten incydent ukaza\u0142 rezultaty europejskiej polityki, poniewa\u017c to oni s\u0105 odpowiedzialni za to, co zdarzy\u0142o si\u0119 w naszym regionie, co zdarzy\u0142o si\u0119 we Francji wczoraj i by\u0107 mo\u017ce, co zdarzy\u0142o si\u0119 wcze\u015bniej w innych krajach europejskich&#8221; [6].<\/em><\/span><\/p>\n<p style=\"text-align: left;\"><span style=\"color: #000080;\"><em>Tak\u017ce prasa arabska obszernie zajmowa\u0142a si\u0119 atakami terrorystycznymi w Pary\u017cu, publikuj\u0105c setki artyku\u0142\u00f3w, kt\u00f3re na rozmaite sposoby odnosi\u0142y si\u0119 do tych zamach\u00f3w. Wielu pot\u0119pia\u0142o zamachy, odrzuca\u0142o je i twierdzi\u0142o, \u017ce nie reprezentuj\u0105 one muzu\u0142man\u00f3w na \u015bwiecie ani ich religii. Inne artyku\u0142y, zar\u00f3wno w gazetach identyfikowanych z obozem pro-syryjskim, jak w tych identyfikowanych z pa\u0144stwami Zatoki, pot\u0119pia\u0142y zamachy, ale r\u00f3wnocze\u015bnie obarcza\u0142y sam\u0105 Francj\u0119 odpowiedzialno\u015bci\u0105 za nie, a nawet podkre\u015bla\u0142y, \u017ce muzu\u0142manie nie musz\u0105 za nie przeprasza\u0107 [7]. Twierdzi\u0142y, \u017ce Francja \u015bci\u0105gn\u0119\u0142a na siebie te zamachy, albo swoj\u0105 polityk\u0105 zagraniczn\u0105, kt\u00f3ra \u201cpopiera terror\u201d, albo przez \u201crasistowsk\u0105\u201d polityk\u0119 krajow\u0105 wobec mniejszo\u015bci muzu\u0142ma\u0144skiej. Wiele artyku\u0142\u00f3w pot\u0119pia\u0142o strzelanin\u0119 w \u201eCharlie Hebdo\u201d, ale r\u00f3wnocze\u015bnie pot\u0119pia\u0142o ten tygodnik za \u201eobra\u017canie Proroka\u201d. Niekt\u00f3re twierdzi\u0142y, \u017ce umy\u015blnie prowokowa\u0142 on muzu\u0142man\u00f3w i dlatego by\u0142 cz\u0119\u015bciowo odpowiedzialny za zamach.<\/em><\/span><\/p>\n<p style=\"text-align: left;\"><span style=\"color: #000080;\"><em>Niekt\u00f3rzy autorzy arabscy zastanawiali si\u0119 tak\u017ce, dlaczego \u015bwiat by\u0142 tak zaszokowany zamachami w Pary\u017cu i pospieszy\u0142 je pot\u0119pi\u0107, podczas gdy przez lata okazywa\u0142 oboj\u0119tno\u015b\u0107 wobec terroru i potworno\u015bci w Syrii i innych krajach arabskich. Byli tak\u017ce tacy, kt\u00f3rzy twierdzili, \u017ce zamachy by\u0142y spiskiem zachodnim, francuskim lub \u017cydowskim z zamiarem dostarczenia Zachodowi pretekstu, by rozpocz\u0105\u0107 wojn\u0119 z muzu\u0142manami.<\/em><\/span><\/p>\n<p style=\"text-align: left;\"><span style=\"color: #000080;\"><em>Z drugiej strony, kilku liberalnych autor\u00f3w wzywa\u0142o spo\u0142eczno\u015b\u0107 arabsk\u0105 i muzu\u0142ma\u0144sk\u0105 do pot\u0119pienia zamachu na \u201eCharlie Hebdo\u201d, szczerze i bez wym\u00f3wek, podkre\u015blaj\u0105c, \u017ce nawet obraza Proroka Mahometa i religii nie usprawiedliwia takiego czynu i \u017ce ka\u017cda pr\u00f3ba usprawiedliwienia tego pod tym pretekstem lub jakimkolwiek innym jest zbrodni\u0105 r\u00f3wnie ohydn\u0105, jak sama masakra. Kilku autor\u00f3w liberalnych wezwa\u0142o muzu\u0142man\u00f3w, by protestowali przeciwko terrorowi tak samo, jak demonstrowali przeciwko obra\u017caniu Proroka oraz by zwalczali ekstremizm islamski przez nie dopuszczanie do retoryki ekstremistycznej w arabskich programach szkolnych, meczetach i mediach.<\/em><\/span><\/p>\n<p style=\"text-align: left;\"><span style=\"color: #000080;\"><em>Innym wybijaj\u0105cym si\u0119 tematem w wielu artyku\u0142ach by\u0142 niepok\u00f3j, \u017ce zamachy terrorystyczne nasil\u0105 islamofobi\u0119 na ca\u0142ym \u015bwiecie, a szczeg\u00f3lnie w Europie i wywo\u0142aj\u0105 ostre traktowanie muzu\u0142man\u00f3w europejskich, co utrudni im \u017cycie.<\/em><\/span><\/p>\n<p style=\"text-align: left;\"><span style=\"color: #000080;\"><em>Nale\u017cy zauwa\u017cy\u0107, \u017ce podczas gdy masakra w \u201cCharlie Hedbo\u201d wywo\u0142a\u0142a w \u015bwiecie arabskim i muzu\u0142ma\u0144skim i jego prasie szerokie pot\u0119pienia, zamach na koszerny supermarket niemal nie wywo\u0142a\u0142 \u017cadnych reakcji kraj\u00f3w arabskich i ich przyw\u00f3dc\u00f3w, a tak\u017ce prasa arabska po\u015bwi\u0119ci\u0142a niewiele s\u0142\u00f3w temu zamachowi i jego antysemickiemu charakterowi.<\/em><\/span><\/p>\n<p style=\"text-align: right;\"><span style=\"color: #000080;\">Czytaj dalej tu: <span style=\"text-decoration: underline;\"><strong><a style=\"color: #000080; text-decoration: underline;\" href=\"http:\/\/www2.memri.org\/bin\/polish\/latestnews.cgi?ID=SD593715\" target=\"_blank\">Reakcje medi\u00f3w arabskich&#8230;<\/a><\/strong><\/span><\/span><\/p>\n<hr style=\"height: 15px; background: #d0e6fa; width: 710px;\" \/>\n<div id=\"content\" class=\"  content-alignment&lt;br \/&gt;&lt;br \/&gt; \">\n<div id=\"watch-description\" class=\"yt-uix-button-panel\">\n<div id=\"watch-description-text\">\n<p style=\"text-align: center;\"><span style=\"color: #808080;\"> twoje uwagi, linki, wlasne artykuly, lub wiadomosci przeslij do: <strong><span style=\"text-decoration: underline;\"><span style=\"color: #808080; text-decoration: underline;\"><a href=\"mailto:webmaster@reunion68.com\">webmaster@reunion68.com<\/a><\/span><\/span><\/strong><\/span><\/p>\n<\/div>\n<\/div>\n<\/div>\n<p>&nbsp;<\/p>\n<hr style=\"width: 710px;\" \/>\n","protected":false},"excerpt":{"rendered":"<p>Reakcje medi\u00f3w arabskich na zamachy w Pary\u017cu \u2013 Cz\u0119\u015b\u0107 I Reakcje medi\u00f3w arabskich na zamachy terrorystyczne w Pary\u017cu \u2013 Cz\u0119\u015b\u0107 I: gazety i publicy\u015bci arabscy twierdz\u0105, \u017ce Zach\u00f3d p\u0142aci teraz za popieranie terroru Niedawna fala terroru w Pary\u017cu, kt\u00f3ra zacz\u0119\u0142a si\u0119 7 stycznia 2015 r. masakr\u0105 w redakcji tygodnika francuskiego \u201eCharlie Hebdo\u201d w odwecie za [&hellip;]<\/p>\n","protected":false},"author":1,"featured_media":0,"comment_status":"closed","ping_status":"closed","sticky":false,"template":"","format":"standard","meta":[],"categories":[6],"tags":[24],"_links":{"self":[{"href":"https:\/\/www.reunion68.se\/index.php?rest_route=\/wp\/v2\/posts\/13141"}],"collection":[{"href":"https:\/\/www.reunion68.se\/index.php?rest_route=\/wp\/v2\/posts"}],"about":[{"href":"https:\/\/www.reunion68.se\/index.php?rest_route=\/wp\/v2\/types\/post"}],"author":[{"embeddable":true,"href":"https:\/\/www.reunion68.se\/index.php?rest_route=\/wp\/v2\/users\/1"}],"replies":[{"embeddable":true,"href":"https:\/\/www.reunion68.se\/index.php?rest_route=%2Fwp%2Fv2%2Fcomments&post=13141"}],"version-history":[{"count":11,"href":"https:\/\/www.reunion68.se\/index.php?rest_route=\/wp\/v2\/posts\/13141\/revisions"}],"predecessor-version":[{"id":13152,"href":"https:\/\/www.reunion68.se\/index.php?rest_route=\/wp\/v2\/posts\/13141\/revisions\/13152"}],"wp:attachment":[{"href":"https:\/\/www.reunion68.se\/index.php?rest_route=%2Fwp%2Fv2%2Fmedia&parent=13141"}],"wp:term":[{"taxonomy":"category","embeddable":true,"href":"https:\/\/www.reunion68.se\/index.php?rest_route=%2Fwp%2Fv2%2Fcategories&post=13141"},{"taxonomy":"post_tag","embeddable":true,"href":"https:\/\/www.reunion68.se\/index.php?rest_route=%2Fwp%2Fv2%2Ftags&post=13141"}],"curies":[{"name":"wp","href":"https:\/\/api.w.org\/{rel}","templated":true}]}}