{"id":13201,"date":"2015-01-23T19:02:16","date_gmt":"2015-01-23T17:02:16","guid":{"rendered":"http:\/\/www.reunion68.se\/?p=13201"},"modified":"2015-01-23T16:29:32","modified_gmt":"2015-01-23T14:29:32","slug":"13201","status":"publish","type":"post","link":"https:\/\/www.reunion68.se\/?p=13201","title":{"rendered":"Czytaj na wlasne ryzyko &#8211; &#8220;Ida&#8221; Oscar i Narodowcy."},"content":{"rendered":"<h5 style=\"text-align: center;\"><a href=\"******* \" target=\"_blank\"><img decoding=\"async\" class=\"center alignleft\" src=\"http:\/\/www.reunion68.com\/Biuletyn\/img\/pch24.png\" alt=\"\" \/><\/a><span style=\"text-decoration: underline; color: #000080;\"><span style=\"text-decoration: underline;\"><strong><a style=\"color: #000080; text-decoration: underline;\" href=\"http:\/\/www.pch24.pl\/oscar-dla-mordercow,33003,i.html\" target=\"_blank\">Oscar dla morderc\u00f3w<\/a><\/strong><\/span><\/span><\/h5>\n<p style=\"text-align: center;\"><span style=\"color: #333333;\"><strong>Krzysztof G\u0119d\u0142ek<\/strong><\/span><\/p>\n<hr style=\"height: 15px; background: #d0e6fa; width: 710px;\" \/>\n<p><img decoding=\"async\" class=\" alignright\" src=\"http:\/\/www.pch24.pl\/\/images\/min_mid_big\/mid_33003.jpg\" alt=\"Oscar dla morderc\u00f3w\" width=\"350\" border=\"1\" \/><\/p>\n<p style=\"text-align: left;\"><span style=\"color: #333333;\"><strong>Budz\u0105cy zachwyt polskich salon\u00f3w film \u201eIda\u201d to nic innego jak wyj\u0105tkowo wredna opowiastka usprawiedliwiaj\u0105ca komunistyczn\u0105 zbrodniark\u0119. Jakie wra\u017cenie odniesie \u015bwiatowa societa kulturalno-polityczna, zobaczywszy \u00f3w obraz? \u017be Polacy to \u017c\u0105dna \u017cydowskiej krwi i kasy dzicz, kt\u00f3ra sama zas\u0142u\u017cy\u0142a sobie na wszystkie cierpienia, zadane jej po wojnie przez czerwonych kat\u00f3w.<\/strong><\/span><\/p>\n<p style=\"text-align: left;\"><span style=\"color: #000080;\">Jeszcze nie zamilk\u0142y echa tr\u0105b rado\u015bnie wieszcz\u0105cych nam kolejne nagrody otrzymywane w Europie przez film Paw\u0142a Pawlikowskiego, a ju\u017c s\u0142yszymy o kolejnej wielkiej szansie stoj\u0105cej przed obrazem \u2013 mo\u017cliwo\u015bci zdobycia przeze\u0144 Oscara. By\u0107 mo\u017ce nawet niejednego, wszak obok nagrody dla najlepszego filmu zagranicznego, jest te\u017c pono\u0107 szansa na statuetk\u0119 dla Agaty Kuleszy za najlepsz\u0105 rol\u0119 drugoplanow\u0105 \u2013 komunistycznej prokurator. Wszystko to ma, a jak\u017ce, wypromowa\u0107 Polsk\u0119. Zachwyciwszy si\u0119 wi\u0119c kolejnymi sukcesami na mi\u0119dzynarodowej arenie, komentarzami zagranicznych krytyk\u00f3w, oklaskami nie-polskoj\u0119zycznej publiki, wielu naszych rodak\u00f3w chrz\u0105knie z zadowoleniem, \u017ce o to zobaczyli nas zn\u00f3w na \u015bwiecie, bo co jak co, ale polskie kino w ko\u0144cu musi da\u0107 si\u0119 polubi\u0107.<\/span><\/p>\n<p style=\"text-align: left;\"><span style=\"color: #000080;\">Figa z makiem, szanowni Pa\u0144stwo. Oto bowiem \u201eIda\u201d \u2013 cho\u0107 nakr\u0119cona bardzo dobrze \u2013 nie jest filmem polskim i ka\u017cdy, komu cho\u0107 troch\u0119 dr\u017cy serce na s\u0142owo \u201eOjczyzna\u201d niechaj pogodzi si\u0119 z tym, \u017ce sukces obrazu Pawlikowskiego to cz\u0119\u015b\u0107 wielkiej kampanii fundowanej nam przez \u201eelity III RP\u201d. Kampanii pod has\u0142em: \u201erzucajmy \u0142ajnem do w\u0142asnego gniazda\u201d. Ale po kolei.<\/span><\/p>\n<p><span style=\"color: #333333;\"><strong>Ach, ten biedny zbrodniarz\u2026<\/strong><\/span><\/p>\n<p style=\"text-align: left;\"><span style=\"color: #000080;\">O czym jest \u201eIda\u201d? O wybielaniu morderc\u00f3w Polak\u00f3w walcz\u0105cych z komunistycznym systemem. Nie oficjalnie, rzecz jasna. Z pozoru bowiem obraz ma by\u0107 refleksyjn\u0105 straw\u0105 dla koneser\u00f3w \u2013 dramatyczn\u0105 fabu\u0142\u0119 tr\u0105c\u0105c\u0105 typowym, europejskim kinem psychologicznym w stylu naszego Kie\u015blowskiego, zobrazowano ponurymi, czarno-bia\u0142ymi kadrami.<\/span><\/p>\n<p style=\"text-align: right;\"><span style=\"color: #000080;\">Jak Ci nie wystarczylo to czytaj dalej tu: <span style=\"text-decoration: underline;\"><strong><a style=\"color: #000080; text-decoration: underline;\" href=\"http:\/\/www.pch24.pl\/oscar-dla-mordercow,33003,i.html\" target=\"_blank\">Oscar dla morderc\u00f3w<\/a><\/strong><\/span><\/span><\/p>\n<hr style=\"height: 15px; background: #d0e6fa; width: 710px;\" \/>\n<div id=\"content\" class=\"  content-alignment&lt;br \/&gt;&lt;br \/&gt; \">\n<div id=\"watch-description\" class=\"yt-uix-button-panel\">\n<div id=\"watch-description-text\">\n<p style=\"text-align: center;\"><span style=\"color: #808080;\"> twoje uwagi, linki, wlasne artykuly, lub wiadomosci przeslij do: <strong><span style=\"text-decoration: underline;\"><span style=\"color: #808080; text-decoration: underline;\"><a href=\"mailto:webmaster@reunion68.com\">webmaster@reunion68.com<\/a><\/span><\/span><\/strong><\/span><\/p>\n<\/div>\n<\/div>\n<\/div>\n<p>&nbsp;<\/p>\n<hr style=\"width: 710px;\" \/>\n","protected":false},"excerpt":{"rendered":"<p>Oscar dla morderc\u00f3w Krzysztof G\u0119d\u0142ek Budz\u0105cy zachwyt polskich salon\u00f3w film \u201eIda\u201d to nic innego jak wyj\u0105tkowo wredna opowiastka usprawiedliwiaj\u0105ca komunistyczn\u0105 zbrodniark\u0119. Jakie wra\u017cenie odniesie \u015bwiatowa societa kulturalno-polityczna, zobaczywszy \u00f3w obraz? \u017be Polacy to \u017c\u0105dna \u017cydowskiej krwi i kasy dzicz, kt\u00f3ra sama zas\u0142u\u017cy\u0142a sobie na wszystkie cierpienia, zadane jej po wojnie przez czerwonych kat\u00f3w. Jeszcze nie [&hellip;]<\/p>\n","protected":false},"author":1,"featured_media":0,"comment_status":"closed","ping_status":"closed","sticky":false,"template":"","format":"standard","meta":[],"categories":[6],"tags":[24],"_links":{"self":[{"href":"https:\/\/www.reunion68.se\/index.php?rest_route=\/wp\/v2\/posts\/13201"}],"collection":[{"href":"https:\/\/www.reunion68.se\/index.php?rest_route=\/wp\/v2\/posts"}],"about":[{"href":"https:\/\/www.reunion68.se\/index.php?rest_route=\/wp\/v2\/types\/post"}],"author":[{"embeddable":true,"href":"https:\/\/www.reunion68.se\/index.php?rest_route=\/wp\/v2\/users\/1"}],"replies":[{"embeddable":true,"href":"https:\/\/www.reunion68.se\/index.php?rest_route=%2Fwp%2Fv2%2Fcomments&post=13201"}],"version-history":[{"count":16,"href":"https:\/\/www.reunion68.se\/index.php?rest_route=\/wp\/v2\/posts\/13201\/revisions"}],"predecessor-version":[{"id":13218,"href":"https:\/\/www.reunion68.se\/index.php?rest_route=\/wp\/v2\/posts\/13201\/revisions\/13218"}],"wp:attachment":[{"href":"https:\/\/www.reunion68.se\/index.php?rest_route=%2Fwp%2Fv2%2Fmedia&parent=13201"}],"wp:term":[{"taxonomy":"category","embeddable":true,"href":"https:\/\/www.reunion68.se\/index.php?rest_route=%2Fwp%2Fv2%2Fcategories&post=13201"},{"taxonomy":"post_tag","embeddable":true,"href":"https:\/\/www.reunion68.se\/index.php?rest_route=%2Fwp%2Fv2%2Ftags&post=13201"}],"curies":[{"name":"wp","href":"https:\/\/api.w.org\/{rel}","templated":true}]}}