{"id":13219,"date":"2015-01-24T19:08:50","date_gmt":"2015-01-24T17:08:50","guid":{"rendered":"http:\/\/www.reunion68.se\/?p=13219"},"modified":"2015-01-23T16:54:03","modified_gmt":"2015-01-23T14:54:03","slug":"13219","status":"publish","type":"post","link":"https:\/\/www.reunion68.se\/?p=13219","title":{"rendered":"O ludob\u00f3jstwach w ONZ"},"content":{"rendered":"<h5 style=\"text-align: center;\"><a href=\"http:\/\/www.jewish.org.pl\/\" target=\"_blank\"><img decoding=\"async\" class=\"center alignleft\" src=\"http:\/\/www.reunion68.com\/Biuletyn\/img\/jop-big.gif\" alt=\"\" \/><\/a><span style=\"text-decoration: underline; color: #000080;\"><span style=\"text-decoration: underline;\"><strong><a style=\"color: #000080; text-decoration: underline;\" href=\"http:\/\/www.jewish.org.pl\/index.php\/pl\/wiadomopci-mainmenu-57\/6869-o-ludobojstwach-w-onz.html\" target=\"_blank\">O ludob\u00f3jstwach w ONZ<\/a><\/strong><\/span><\/span><\/h5>\n<p style=\"text-align: center;\"><span style=\"color: #333333;\"><strong>PMA-B<\/strong><\/span><\/p>\n<hr style=\"height: 15px; background: #d0e6fa; width: 710px;\" \/>\n<div style=\"width: 360px\" class=\"wp-caption alignright\"><img decoding=\"async\" src=\"http:\/\/www.jewish.org.pl\/images\/stories\/km\/UNForbiddenArtFotZofiaWaslicka.jpg\" alt=\"\" width=\"350\" \/><p class=\"wp-caption-text\"><span style=\"color: #000080;\">Fot. Zofia Wa\u015blicka<\/span><\/p><\/div>\n<p><span style=\"color: #333333;\"><strong>Z okazji zbli\u017caj\u0105cej si\u0119 70. rocznicy wyzwolenia niemieckiego nazistowskiego obozu koncentracyjnego i zag\u0142ady Auschwitz w siedzibie Organizacji Narod\u00f3w Zjednoczonych w Nowym Jorku otwarto wystaw\u0119 pt. \u201eForbidden Art\u201d (Sztuka zakazana). Przed otwarciem odby\u0142a si\u0119 tak\u017ce specjalna sesja po\u015bwi\u0119cona przeciwdzia\u0142aniu ludob\u00f3jstwom.<\/strong><\/span><\/p>\n<p style=\"text-align: left;\"><span style=\"color: #000080;\">W dyskusji zorganizowanej przez Sta\u0142e Przedstawicielstwo RP przy ONZ wzi\u0119li udzia\u0142 m.in.: Zast\u0119pca Sekretarza Generalnego ONZ Jan Eliasson, Polski Ambasador przy ONZ Bogus\u0142aw Wind, Ambasador USA przy ONZ Samantha Power, Ambasador Izraela przy ONZ Ron Prosor oraz dyrektor Muzeum Auschwitz dr Piotr M.A. Cywi\u0144ski. W trzygodzinnym spotkaniu wzi\u0119\u0142o udzia\u0142 ponad 150 os\u00f3b, g\u0142\u00f3wnie przedstawiciele poszczeg\u00f3lnych pa\u0144stw przy ONZ.<\/span><\/p>\n<p style=\"text-align: left;\"><span style=\"color: #000080;\">Dyrektor Cywi\u0144ski podkre\u015bli\u0142, \u017ce z Organizacj\u0105 Narod\u00f3w Zjednoczonych wi\u0105zano po wojnie wielkie nadzieje. \u2014 Ufano, \u017ce ten \u2018\u015bwiatowy \u017candarm\u2019 zapobiegnie odrodzeniu si\u0119 ludob\u00f3jczych konflikt\u00f3w \u2014 powiedzia\u0142. \u2014 Historia pokaza\u0142a, \u017ce niestety tak si\u0119 nie sta\u0142o. Zatem refleksja nad globaln\u0105 odpowiedzialno\u015bci\u0105 w obliczu ludob\u00f3jstwa wyda\u0142a mi si\u0119 zupe\u0142nie nieroz\u0142\u0105czna od 70. rocznicy wyzwolenia Auschwitz-Birkenau \u2014 doda\u0142 dyrektor Cywi\u0144ski.<\/span><\/p>\n<p style=\"text-align: left;\"><span style=\"color: #000080;\">Przygotowana przez Muzeum ekspozycja \u201eForbidden Art\u201d prezentuje historie 20 dzie\u0142 sztuki wykonanych nielegalnie i z nara\u017ceniem \u017cycia przez wi\u0119\u017ani\u00f3w niemieckich nazistowskich oboz\u00f3w koncentracyjnych. Na ekspozycji zobaczy\u0107 mo\u017cna znakomitej jako\u015bci fotografie prac artystycznych wykonanych przez wi\u0119\u017ani\u00f3w.<\/span><\/p>\n<p style=\"text-align: left;\"><span style=\"color: #000080;\">Ekspozycja podzielona zosta\u0142a na dwie cz\u0119\u015bci. W pierwszej ukazane s\u0105 obozowe realia \u2014 r\u00f3\u017cne sceny z funkcjonowania obozu, a tak\u017ce portrety wi\u0119\u017ani\u00f3w. W drugiej natomiast zobaczy\u0107 mo\u017cna r\u00f3\u017cne formy ucieczki od obozowej rzeczywisto\u015bci: karykatury, album z \u017cyczeniami, czy te\u017c bajki pisane przez wi\u0119\u017ani\u00f3w dla swoich dzieci.<\/span><\/p>\n<p style=\"text-align: left;\"><span style=\"color: #000080;\">Marcin Chumiecki, dyrektor Polskiej Misji w Orchard Lake, dzi\u0119ki wsp\u00f3\u0142pracy z kt\u00f3r\u0105 wystawa \u201eForbidden Art\u201d prezentowana jest w Stanach Zjednoczonych podkre\u015bli\u0142, \u017ce ekspozycja ta w bardzo namacalny spos\u00f3b przekazuje \u015bwiadectwo Auschwitz w Stanach Zjednoczonych.<\/span><\/p>\n<p style=\"text-align: left;\"><span style=\"color: #000080;\">Ekspozycja pokazuje prace Zofii St\u0119pie\u0144, Haliny O\u0142omuckiej, J\u00f3zefa Szajny, Franciszka Ja\u017awieckiego, W\u0142odzimierza Siwierskiego, Mieczys\u0142awa Ko\u015bcielniaka, Petera Edela, Josefa Sapcaru i innych nie zawsze znanych z imienia i nazwiska wi\u0119\u017ani\u00f3w. Powi\u0119kszone i pod\u015bwietlone reprodukcje fotograficzne zosta\u0142y umieszczone w specjalnie zaprojektowanych drewnianych panelach wystawowych, kt\u00f3re nawi\u0105zuj\u0105 do architektury obozowych barak\u00f3w. Ka\u017cdej pracy towarzyszy komentarz historyczny oraz fragmenty archiwalnych relacji.<\/span><\/p>\n<p style=\"text-align: left;\"><span style=\"color: #000080;\">\u201eJak uchwyci\u0107 i wyrazi\u0107 to co niewyobra\u017calne? Jak przedstawi\u0107 ca\u0142e piek\u0142o Auschwitz za pomoc\u0105 minimalnych \u015brodk\u00f3w wyrazu i w atmosferze wiecznego strachu? Jak pokaza\u0107 strach, bezradno\u015b\u0107 i rozpacz, ale tez t\u0119sknot\u0119 za wolno\u015bci\u0105? Jak w nieludzkim \u015bwiecie Auschwitz nie zatraci\u0107 cz\u0142owiecze\u0144stwa i resztek godno\u015bci? Prezentowane na wystawie prace, pr\u00f3ba zmierzenia si\u0119 artyst\u00f3w z obozowym do\u015bwiadczeniem, w jakim\u015b stopniu pozwalaj\u0105 odpowiedzie\u0107 na te pytania\u201d \u2014 czytamy w folderze towarzysz\u0105cym ekspozycji.<\/span><\/p>\n<p style=\"text-align: left;\"><span style=\"color: #000080;\">Prezentacja wystawy \u201eForbidden Art\u201d w Nowym Jorku mo\u017cliwa jest dzi\u0119ki wsp\u00f3\u0142pracy Muzeum oraz Polskiej Misji w Orchard Lake, a tak\u017ce Sta\u0142ego Przedstawicielstwa RP przy ONZ oraz Konsulatowi Generalnemu RP w Nowym Jorku. Ekspozycj\u0119 ogl\u0105da\u0107 mo\u017cna do ko\u0144ca lutego.<\/span><\/p>\n<hr style=\"height: 15px; background: #d0e6fa; width: 710px;\" \/>\n<div id=\"content\" class=\"  content-alignment&lt;br \/&gt;&lt;br \/&gt; \">\n<div id=\"watch-description\" class=\"yt-uix-button-panel\">\n<div id=\"watch-description-text\">\n<p style=\"text-align: center;\"><span style=\"color: #808080;\"> twoje uwagi, linki, wlasne artykuly, lub wiadomosci przeslij do: <strong><span style=\"text-decoration: underline;\"><span style=\"color: #808080; text-decoration: underline;\"><a href=\"mailto:webmaster@reunion68.com\">webmaster@reunion68.com<\/a><\/span><\/span><\/strong><\/span><\/p>\n<\/div>\n<\/div>\n<\/div>\n<p>&nbsp;<\/p>\n<hr style=\"width: 710px;\" \/>\n","protected":false},"excerpt":{"rendered":"<p>O ludob\u00f3jstwach w ONZ PMA-B Z okazji zbli\u017caj\u0105cej si\u0119 70. rocznicy wyzwolenia niemieckiego nazistowskiego obozu koncentracyjnego i zag\u0142ady Auschwitz w siedzibie Organizacji Narod\u00f3w Zjednoczonych w Nowym Jorku otwarto wystaw\u0119 pt. \u201eForbidden Art\u201d (Sztuka zakazana). Przed otwarciem odby\u0142a si\u0119 tak\u017ce specjalna sesja po\u015bwi\u0119cona przeciwdzia\u0142aniu ludob\u00f3jstwom. W dyskusji zorganizowanej przez Sta\u0142e Przedstawicielstwo RP przy ONZ wzi\u0119li udzia\u0142 [&hellip;]<\/p>\n","protected":false},"author":1,"featured_media":0,"comment_status":"closed","ping_status":"closed","sticky":false,"template":"","format":"standard","meta":[],"categories":[6],"tags":[24],"_links":{"self":[{"href":"https:\/\/www.reunion68.se\/index.php?rest_route=\/wp\/v2\/posts\/13219"}],"collection":[{"href":"https:\/\/www.reunion68.se\/index.php?rest_route=\/wp\/v2\/posts"}],"about":[{"href":"https:\/\/www.reunion68.se\/index.php?rest_route=\/wp\/v2\/types\/post"}],"author":[{"embeddable":true,"href":"https:\/\/www.reunion68.se\/index.php?rest_route=\/wp\/v2\/users\/1"}],"replies":[{"embeddable":true,"href":"https:\/\/www.reunion68.se\/index.php?rest_route=%2Fwp%2Fv2%2Fcomments&post=13219"}],"version-history":[{"count":25,"href":"https:\/\/www.reunion68.se\/index.php?rest_route=\/wp\/v2\/posts\/13219\/revisions"}],"predecessor-version":[{"id":13230,"href":"https:\/\/www.reunion68.se\/index.php?rest_route=\/wp\/v2\/posts\/13219\/revisions\/13230"}],"wp:attachment":[{"href":"https:\/\/www.reunion68.se\/index.php?rest_route=%2Fwp%2Fv2%2Fmedia&parent=13219"}],"wp:term":[{"taxonomy":"category","embeddable":true,"href":"https:\/\/www.reunion68.se\/index.php?rest_route=%2Fwp%2Fv2%2Fcategories&post=13219"},{"taxonomy":"post_tag","embeddable":true,"href":"https:\/\/www.reunion68.se\/index.php?rest_route=%2Fwp%2Fv2%2Ftags&post=13219"}],"curies":[{"name":"wp","href":"https:\/\/api.w.org\/{rel}","templated":true}]}}