{"id":13315,"date":"2015-01-27T19:02:02","date_gmt":"2015-01-27T17:02:02","guid":{"rendered":"http:\/\/www.reunion68.se\/?p=13315"},"modified":"2015-01-26T17:41:07","modified_gmt":"2015-01-26T15:41:07","slug":"13315","status":"publish","type":"post","link":"https:\/\/www.reunion68.se\/?p=13315","title":{"rendered":"Antysemityzm po turecku,  (i w\u015br\u00f3d m\u0142odych Brytyjczyk\u00f3w)"},"content":{"rendered":"<h5 style=\"text-align: center;\"><a href=\"http:\/\/www.listyznaszegosadu.pl\/\" target=\"_blank\"><img decoding=\"async\" class=\"center alignleft\" src=\"http:\/\/www.reunion68.com\/Biuletyn\/img\/z-naszego.jpg\" alt=\"\" width=\"350\" \/><\/a><span style=\"text-decoration: underline; color: #000080;\"><span style=\"text-decoration: underline;\"><strong><a style=\"color: #000080; text-decoration: underline;\" href=\"http:\/\/www.listyznaszegosadu.pl\/brunatna-fala\/antysemityzm-po-turecku-i-wsrod-mlodych-brytyjczykow\" target=\"_blank\">Antysemityzm po turecku, (i w\u015br\u00f3d m\u0142odych Brytyjczyk\u00f3w)<\/a><\/strong><\/span><\/span><\/h5>\n<hr style=\"height: 15px; background: #d0e6fa; width: 710px;\" \/>\n<div style=\"width: 360px\" class=\"wp-caption alignright\"><img decoding=\"async\" src=\"http:\/\/www.listyznaszegosadu.pl\/upload\/article\/bild\/1402\/611281\/21734_s.jpg\" alt=\"Gubernator Edirne, Dursun Sahin. \u0179r\u00f3d\u0142o: Cumhuriyet, Hurriyet, 22 listopada 2014.\" width=\"350\" border=\"0\" \/><p class=\"wp-caption-text\"><span style=\"color: #000080;\">Gubernator Edirne, Dursun Sahin. \u0179r\u00f3d\u0142o: Cumhuriyet, Hurriyet, 22 listopada 2014.<\/span><\/p><\/div>\n<p style=\"text-align: left;\"><span style=\"color: #333333;\"><strong>Jak pokaza\u0142 raport MEMRI Turkish Media Project (patrz Antysemityzm wspina si\u0119 na nowe wy\u017cyny w Turcji: gro\u017aby przeciwko \u017bydom tureckim, wyrazy podziwu dla Hitlera, wezwania, by pos\u0142a\u0107 \u017byd\u00f3w do oboz\u00f3w koncentracyjnych; \u017bydzi powinni p\u0142aci\u0107 \u201cspecjalny podatek\u201d) antysemityzm nadal ro\u015bnie w Turcji, a przewodzi temu rz\u0105dz\u0105ca partia AKP i przedstawiciele pa\u0144stwa. W pi\u0105tkowym kazaniu imam powiedzia\u0142, \u017ce wed\u0142ug Allaha \u201enajbardziej zaciek\u0142ymi i dzikimi wrogami islamu na ziemi s\u0105 \u017bydzi\u201d; parlamentarzysta AKP nazwa\u0142 to kazanie \u201ewspania\u0142\u0105 mow\u0105\u201d i promowa\u0142 je na swojej stronie na Facebooku. Gubernator prowincji Edirne, kiedy\u015b centrum \u017cydowskiego \u017cycia w Turcji, zadekretowa\u0142, jak to sam okre\u015bli\u0142, \u201ez wielk\u0105 nienawi\u015bci\u0105 w sercu\u201d, \u017ce Wielka Synagoga prowincji, kt\u00f3ra obecnie podlega renowacji, nie zostanie otwarta, tak jak planowano, jako dom modlitw \u017byd\u00f3w, ale b\u0119dzie \u201emuzeum bez \u017cadnych eksponat\u00f3w\u201d.<\/strong><\/span><\/p>\n<p style=\"text-align: left;\"><span style=\"color: #000080;\">Poni\u017cej podajemy przyk\u0142ady niedawnych wyraz\u00f3w antysemityzmu w Turcji oraz niekt\u00f3re reakcje medi\u00f3w:<\/span><\/p>\n<p style=\"text-align: left;\"><span style=\"color: #000080;\">Wed\u0142ug raportu o mowie nienawi\u015bci w mediach tureckich: gazeta islamistyczna \u201cYeni Akit\u201d jest tu leaderem \u2013 \u017bydzi stanowi\u0105 cel numer 1<\/span><\/p>\n<p style=\"text-align: left;\"><span style=\"color: #000080;\">Wed\u0142ug raportu opublikowanego 20 grudnia 2014 r. przez Fundacj\u0119 Hrant Dink, nazwan\u0105 imieniem turecko-ormia\u0144skiego dziennikarza, zamordowanego w 2007 r., popieraj\u0105ca AKP islamistyczna gazeta \u201eYeni Akit\u201d stoi na czele listy medi\u00f3w, kt\u00f3re publikuj\u0105 mow\u0119 nienawi\u015bci. Wed\u0142ug tego badania \u017bydzi stanowi\u0105 cel numer 1 mowy nienawi\u015bci, a po nich s\u0105 Ormianie i chrze\u015bcijanie. Kolejnym najgorszym winowajc\u0105 jest inna gazeta islamistyczna \u201cMili Gazete\u201d[1].<\/span><\/p>\n<p style=\"text-align: right;\"><span style=\"color: #000080;\">Czytaj dalej tu: <span style=\"text-decoration: underline;\"><strong><a style=\"color: #000080; text-decoration: underline;\" href=\"http:\/\/www.listyznaszegosadu.pl\/brunatna-fala\/antysemityzm-po-turecku-i-wsrod-mlodych-brytyjczykow\" target=\"_blank\">Antysemityzm po turecku&#8230;<\/a><\/strong><\/span><\/span><\/p>\n<hr style=\"height: 15px; background: #d0e6fa; width: 710px;\" \/>\n<div id=\"content\" class=\"  content-alignment&lt;br \/&gt;&lt;br \/&gt; \">\n<div id=\"watch-description\" class=\"yt-uix-button-panel\">\n<div id=\"watch-description-text\">\n<p style=\"text-align: center;\"><span style=\"color: #808080;\"> twoje uwagi, linki, wlasne artykuly, lub wiadomosci przeslij do: <strong><span style=\"text-decoration: underline;\"><span style=\"color: #808080; text-decoration: underline;\"><a href=\"mailto:webmaster@reunion68.com\">webmaster@reunion68.com<\/a><\/span><\/span><\/strong><\/span><\/p>\n<\/div>\n<\/div>\n<\/div>\n<p>&nbsp;<\/p>\n<hr style=\"width: 710px;\" \/>\n","protected":false},"excerpt":{"rendered":"<p>Antysemityzm po turecku, (i w\u015br\u00f3d m\u0142odych Brytyjczyk\u00f3w) Jak pokaza\u0142 raport MEMRI Turkish Media Project (patrz Antysemityzm wspina si\u0119 na nowe wy\u017cyny w Turcji: gro\u017aby przeciwko \u017bydom tureckim, wyrazy podziwu dla Hitlera, wezwania, by pos\u0142a\u0107 \u017byd\u00f3w do oboz\u00f3w koncentracyjnych; \u017bydzi powinni p\u0142aci\u0107 \u201cspecjalny podatek\u201d) antysemityzm nadal ro\u015bnie w Turcji, a przewodzi temu rz\u0105dz\u0105ca partia AKP i [&hellip;]<\/p>\n","protected":false},"author":1,"featured_media":0,"comment_status":"closed","ping_status":"closed","sticky":false,"template":"","format":"standard","meta":[],"categories":[6],"tags":[24],"_links":{"self":[{"href":"https:\/\/www.reunion68.se\/index.php?rest_route=\/wp\/v2\/posts\/13315"}],"collection":[{"href":"https:\/\/www.reunion68.se\/index.php?rest_route=\/wp\/v2\/posts"}],"about":[{"href":"https:\/\/www.reunion68.se\/index.php?rest_route=\/wp\/v2\/types\/post"}],"author":[{"embeddable":true,"href":"https:\/\/www.reunion68.se\/index.php?rest_route=\/wp\/v2\/users\/1"}],"replies":[{"embeddable":true,"href":"https:\/\/www.reunion68.se\/index.php?rest_route=%2Fwp%2Fv2%2Fcomments&post=13315"}],"version-history":[{"count":20,"href":"https:\/\/www.reunion68.se\/index.php?rest_route=\/wp\/v2\/posts\/13315\/revisions"}],"predecessor-version":[{"id":13336,"href":"https:\/\/www.reunion68.se\/index.php?rest_route=\/wp\/v2\/posts\/13315\/revisions\/13336"}],"wp:attachment":[{"href":"https:\/\/www.reunion68.se\/index.php?rest_route=%2Fwp%2Fv2%2Fmedia&parent=13315"}],"wp:term":[{"taxonomy":"category","embeddable":true,"href":"https:\/\/www.reunion68.se\/index.php?rest_route=%2Fwp%2Fv2%2Fcategories&post=13315"},{"taxonomy":"post_tag","embeddable":true,"href":"https:\/\/www.reunion68.se\/index.php?rest_route=%2Fwp%2Fv2%2Ftags&post=13315"}],"curies":[{"name":"wp","href":"https:\/\/api.w.org\/{rel}","templated":true}]}}