{"id":13337,"date":"2015-01-27T19:03:27","date_gmt":"2015-01-27T17:03:27","guid":{"rendered":"http:\/\/www.reunion68.se\/?p=13337"},"modified":"2015-01-26T17:41:33","modified_gmt":"2015-01-26T15:41:33","slug":"13337","status":"publish","type":"post","link":"https:\/\/www.reunion68.se\/?p=13337","title":{"rendered":"PiS przeciwko uznaniu Palestyny?"},"content":{"rendered":"<h5 style=\"text-align: center;\"><a href=\"http:\/\/izrael.org.il\/\" target=\"_blank\"><img decoding=\"async\" class=\"center alignleft\" src=\"http:\/\/www.reunion68.com\/Biuletyn\/img\/erec.png\" alt=\"\" \/><\/a><span style=\"text-decoration: underline; color: #000080;\"><span style=\"text-decoration: underline;\"><strong><a style=\"color: #000080; text-decoration: underline;\" href=\"http:\/\/izrael.org.il\/news\/4515-andrzej-duda-kandydat-pis-na-prezydenta-rp-przeciwko-uznaniu-palestyny.html\" target=\"_blank\">Andrzej Duda (kandydat PiS na prezydenta RP) przeciwko uznaniu Palestyny<\/a><\/strong><\/span><\/span><\/h5>\n<p style=\"text-align: center;\"><span style=\"color: #333333;\"><strong>Redakcja Erec Izrael<\/strong><\/span><\/p>\n<hr style=\"height: 15px; background: #d0e6fa; width: 710px;\" \/>\n<p><img decoding=\"async\" class=\" alignright\" src=\"http:\/\/izrael.org.il\/images\/duda.JPG\" alt=\"duda\" width=\"350\" \/><\/p>\n<p style=\"text-align: left;\"><span style=\"color: #333333;\"><strong>Dnia 17 grudnia 2014 w Parlamencie Europejskim przyj\u0119to symboliczn\u0105 rezolucj\u0119 w sprawie uznania palesty\u0144skiego pa\u0144stwa. Poparli j\u0105 jednog\u0142o\u015bnie europos\u0142owie SLD, PO i PSL.<\/strong><\/span><\/p>\n<p style=\"text-align: left;\"><span style=\"color: #000080;\">Europos\u0142owie PiS si\u0119 podzielili &#8211; cz\u0119\u015b\u0107 g\u0142osowa\u0142a przeciwko, a cz\u0119\u015b\u0107 wstrzyma\u0142a si\u0119 od g\u0142osu. Nikt z europos\u0142\u00f3w PiS nie zag\u0142osowa\u0142 za rezolucj\u0105.<\/span><\/p>\n<p style=\"text-align: left;\"><span style=\"color: #000080;\">Przeciwko rezolucji uznaj\u0105cej pa\u0144stwo palesty\u0144skie g\u0142osowali: Ryszard Czarnecki, Andrzej Duda (kandydat PiS na prezydenta RP), Anna Fotyga (b. szefowa polskiego MSZ), Dawid Jackiewicz, Marek Jurek, Karol Karski, Zdzis\u0142aw Krasnod\u0119bski, Tomasz Por\u0119ba oraz Kosma Z\u0142otowski.<\/span><\/p>\n<p style=\"text-align: left;\"><span style=\"color: #000080;\">Wstrzymali si\u0119 od g\u0142osu: Beata Gosiewska, Marek Gr\u00f3barczyk, Zbigniew Ku\u017amiuk, Ryszard Legutko, Stanis\u0142aw O\u017c\u00f3g, Boles\u0142aw Piecha, Kazimierz Micha\u0142 Ujazdowski, Jadwiga Wi\u015bniewska, Janusz Wojciechowski.<\/span><\/p>\n<p style=\"text-align: right;\"><span style=\"color: #000080;\">Czytaj dalej tu:<span style=\"text-decoration: underline;\"><strong> ..<a style=\"color: #000080; text-decoration: underline;\" href=\"http:\/\/izrael.org.il\/news\/4515-andrzej-duda-kandydat-pis-na-prezydenta-rp-przeciwko-uznaniu-palestyny.html\" target=\"_blank\">kandydat PiS na prezydenta RP przeciwko&#8230;<\/a><\/strong><\/span><\/span><\/p>\n<hr style=\"height: 15px; background: #d0e6fa; width: 710px;\" \/>\n<div id=\"content\" class=\"  content-alignment&lt;br \/&gt;&lt;br \/&gt; \">\n<div id=\"watch-description\" class=\"yt-uix-button-panel\">\n<div id=\"watch-description-text\">\n<p style=\"text-align: center;\"><span style=\"color: #808080;\"> twoje uwagi, linki, wlasne artykuly, lub wiadomosci przeslij do: <strong><span style=\"text-decoration: underline;\"><span style=\"color: #808080; text-decoration: underline;\"><a href=\"mailto:webmaster@reunion68.com\">webmaster@reunion68.com<\/a><\/span><\/span><\/strong><\/span><\/p>\n<\/div>\n<\/div>\n<\/div>\n<p>&nbsp;<\/p>\n<hr style=\"width: 710px;\" \/>\n","protected":false},"excerpt":{"rendered":"<p>Andrzej Duda (kandydat PiS na prezydenta RP) przeciwko uznaniu Palestyny Redakcja Erec Izrael Dnia 17 grudnia 2014 w Parlamencie Europejskim przyj\u0119to symboliczn\u0105 rezolucj\u0119 w sprawie uznania palesty\u0144skiego pa\u0144stwa. Poparli j\u0105 jednog\u0142o\u015bnie europos\u0142owie SLD, PO i PSL. Europos\u0142owie PiS si\u0119 podzielili &#8211; cz\u0119\u015b\u0107 g\u0142osowa\u0142a przeciwko, a cz\u0119\u015b\u0107 wstrzyma\u0142a si\u0119 od g\u0142osu. Nikt z europos\u0142\u00f3w PiS nie [&hellip;]<\/p>\n","protected":false},"author":1,"featured_media":0,"comment_status":"closed","ping_status":"closed","sticky":false,"template":"","format":"standard","meta":[],"categories":[6],"tags":[24],"_links":{"self":[{"href":"https:\/\/www.reunion68.se\/index.php?rest_route=\/wp\/v2\/posts\/13337"}],"collection":[{"href":"https:\/\/www.reunion68.se\/index.php?rest_route=\/wp\/v2\/posts"}],"about":[{"href":"https:\/\/www.reunion68.se\/index.php?rest_route=\/wp\/v2\/types\/post"}],"author":[{"embeddable":true,"href":"https:\/\/www.reunion68.se\/index.php?rest_route=\/wp\/v2\/users\/1"}],"replies":[{"embeddable":true,"href":"https:\/\/www.reunion68.se\/index.php?rest_route=%2Fwp%2Fv2%2Fcomments&post=13337"}],"version-history":[{"count":13,"href":"https:\/\/www.reunion68.se\/index.php?rest_route=\/wp\/v2\/posts\/13337\/revisions"}],"predecessor-version":[{"id":13351,"href":"https:\/\/www.reunion68.se\/index.php?rest_route=\/wp\/v2\/posts\/13337\/revisions\/13351"}],"wp:attachment":[{"href":"https:\/\/www.reunion68.se\/index.php?rest_route=%2Fwp%2Fv2%2Fmedia&parent=13337"}],"wp:term":[{"taxonomy":"category","embeddable":true,"href":"https:\/\/www.reunion68.se\/index.php?rest_route=%2Fwp%2Fv2%2Fcategories&post=13337"},{"taxonomy":"post_tag","embeddable":true,"href":"https:\/\/www.reunion68.se\/index.php?rest_route=%2Fwp%2Fv2%2Ftags&post=13337"}],"curies":[{"name":"wp","href":"https:\/\/api.w.org\/{rel}","templated":true}]}}