{"id":133455,"date":"2026-09-03T17:09:00","date_gmt":"2026-09-03T15:09:00","guid":{"rendered":"https:\/\/www.reunion68.se\/?p=133455"},"modified":"2026-09-01T06:57:43","modified_gmt":"2026-09-01T04:57:43","slug":"03-09-121","status":"publish","type":"post","link":"https:\/\/www.reunion68.se\/?p=133455","title":{"rendered":"\u201eS\u0105 przeciwni zasadom kraju, w kt\u00f3rym \u017cyj\u0105\u201d: islamizacja Europy"},"content":{"rendered":"<p><img decoding=\"async\" class=\"aligncenter\" src=\"https:\/\/substackcdn.com\/image\/fetch\/$s_!1ycs!,w_1456,c_limit,f_webp,q_auto:good,fl_progressive:steep\/https%3A%2F%2Fsubstack-post-media.s3.amazonaws.com%2Fpublic%2Fimages%2F11456c09-4672-49a6-b7c4-d88368537db7_605x453.jpeg\" width=\"100%\" \/><\/p>\n<hr \/>\n<h3 style=\"text-align: center;\"><a href=\"https:\/\/andrzejkoraszewski.substack.com\/\" target=\"_blank\" rel=\"noopener noreferrer\"><img decoding=\"async\" class=\"center alignleft\" src=\"http:\/\/www.reunion68.com\/Biuletyn\/img\/z-naszego.jpg\" alt=\"\" width=\"50%\" \/><\/a><span style=\"text-decoration: underline; color: #000080;\"><strong><a style=\"color: #000080; text-decoration: underline;\" href=\"https:\/\/andrzejkoraszewski.substack.com\/p\/sa-przeciwni-zasadom-kraju-w-ktorym\" target=\"_blank\" rel=\"noopener noreferrer\">\u201eS\u0105 przeciwni zasadom kraju, w kt\u00f3rym \u017cyj\u0105\u201d: islamizacja Europy<\/a><\/strong><\/span><\/h3>\n<p style=\"text-align: center;\"><span style=\"color: #000000;\"><strong>Robert Williams<\/strong><\/span><\/p>\n<hr style=\"height: 15px; background: #d0e6fa; width: 100%;\" \/>\n<p><span style=\"color: #000080;\">Hamas ju\u017c dwukrotnie dzi\u0119kowa\u0142 Belgii za jej wsparcie. By\u0107 mo\u017ce Belgi\u0119 i inne kraje, kt\u00f3re sprzymierzaj\u0105 si\u0119 z ugrupowaniami terrorystycznymi i udzielaj\u0105 im schronienia, nale\u017ca\u0142oby uzna\u0107 za zagro\u017cenie dla bezpiecze\u0144stwa Europy? Na zdj\u0119ciu: propalesty\u0144ska demonstracja w Brukseli.<\/span><\/p>\n<p><span style=\"color: #000080;\">W samym sercu Unii Europejskiej Belgia stanowi by\u0107 mo\u017ce lepszy ni\u017c jakikolwiek inny kraj Europy Zachodniej przyk\u0142ad tego, do jakiego stopnia elity polityczne zdaj\u0105 si\u0119 wr\u0119cz delektowa\u0107 skal\u0105 islamizacji Europy.<\/span><\/p>\n<p><span style=\"color: #000080;\">W lipcu 2026 r. izraelski Channel 12 News\u00a0<a style=\"color: #000080;\" href=\"https:\/\/x.com\/SamvanRooy1\/status\/2077872810077135210\">wyemitowa\u0142<\/a>\u00a0reporta\u017c ostrzegaj\u0105cy, \u017ce terrory\u015bci Hamasu, w tym wysoko postawieni cz\u0142onkowie Brygad Al-Kassam tej organizacji, mieszkaj\u0105 obecnie w Antwerpii &#8211; a niekt\u00f3rzy z nich, wed\u0142ug mieszkaj\u0105cych tam Palesty\u0144czyk\u00f3w z Gazy sprzeciwiaj\u0105cych si\u0119 Hamasowi, otrzymuj\u0105 belgijskie obywatelstwo.<\/span><\/p>\n<p><span style=\"color: #000080;\">\u201eMa\u0142a Gaza\u201d, jak w reporta\u017cu okre\u015blana jest dzielnica w p\u00f3\u0142nocnej Antwerpii, zamieszkana jest przez du\u017c\u0105 liczb\u0119 Palesty\u0144czyk\u00f3w z Chan Junus, wa\u017cnego\u00a0<a style=\"color: #000080;\" href=\"https:\/\/www.pbs.org\/newshour\/world\/palestinians-returning-to-khan-younis-find-their-home-city-unrecognizable\">bastionu<\/a>\u00a0Hamasu. Wed\u0142ug\u00a0<a style=\"color: #000080;\" href=\"https:\/\/x.com\/SamvanRooy1\/status\/2077872810077135210\">relacji<\/a>\u00a0rozm\u00f3wc\u00f3w z Gazy mieszka\u0144cy powi\u0105zani z Hamasem handluj\u0105 tam nielegalnymi narkotykami, prowadz\u0105 sklepy i restauracje, a uzyskane dochody wysy\u0142aj\u0105 Hamasowi w Gazie. Rozm\u00f3wcy odwa\u017cyli si\u0119 wypowiedzie\u0107 jedynie anonimowo, obawiaj\u0105c si\u0119 zemsty miejscowych zwolennik\u00f3w Hamasu.<\/span><\/p>\n<p><span style=\"color: #000080;\">\u201eCzujesz si\u0119, jakby\u015b odwiedza\u0142 Palestyn\u0119\u201d &#8211;\u00a0<a style=\"color: #000080;\" href=\"https:\/\/x.com\/SamvanRooy1\/status\/2077872810077135210\">powiedzia\u0142<\/a>\u00a0jeden z Arab\u00f3w. Miejscowy piekarz, sprzedaj\u0105cy wy\u0142\u0105cznie specja\u0142y z Gazy, zgodzi\u0142 si\u0119, \u017ce spacer t\u0105 ulic\u0105 przypomina \u201espacer po Chan Junus\u201d.<\/span><\/p>\n<p><strong>Wed\u0142ug reporta\u017cu Channel 12:<\/strong><\/p>\n<p style=\"padding-left: 40px;\"><em>\u201eW Ma\u0142ej Gazie, w samym sercu Antwerpii, mo\u017cna dos\u0142ownie poczu\u0107 zapach Strefy. Od restauracji&#8230; po sklepy i supermarkety &#8211; wi\u0119kszo\u015b\u0107 w\u0142a\u015bcicieli firm pochodzi z Chan Junus. Nazwy sklep\u00f3w r\u00f3wnie\u017c odzwierciedlaj\u0105 charakter tutejszych imigrant\u00f3w: od \u00bbHaifa Market\u00ab, przez \u00bbRafah Market\u00ab, a\u017c po, oczywi\u015bcie, \u00bbAl Quds\u00ab&#8230;<\/em><\/p>\n<p style=\"padding-left: 40px;\"><em>\u201eNiekt\u00f3rzy ludzie na tej ulicy popieraj\u0105 Hamas, oni tak\u017ce pochodz\u0105 z Gazy. Inni m\u00f3wi\u0105, \u017ce to organizacja terrorystyczna. Ale nikt nie odwa\u017cy si\u0119 powiedzie\u0107 tego g\u0142o\u015bno, poniewa\u017c wiedz\u0105, \u017ce ta organizacja terrorystyczna mo\u017ce dopa\u015b\u0107 ka\u017cdego za po\u015brednictwem swoich ludzi, kt\u00f3rzy r\u00f3wnie\u017c s\u0105 tutaj&#8230; g\u0142osy sprzeciwu wobec Hamasu s\u0105 w Gazie jedynie szeptem z powodu strachu przed gro\u017abami organizacji terrorystycznej. Dziwne jest jednak to, \u017ce ludzie boj\u0105 si\u0119 tak\u017ce tutaj, w Antwerpii, w Belgii, w Europie&#8230;\u201d<\/em><\/p>\n<p style=\"text-align: left;\"><span style=\"color: #000080;\">Dziennikarz, Izraelczyk, zapyta\u0142 jednego z mieszka\u0144c\u00f3w Gazy, czy osobi\u015bcie zna kogokolwiek z Hamasu mieszkaj\u0105cego w Antwerpii. M\u0119\u017cczyzna odpowiedzia\u0142:<\/span><\/p>\n<p style=\"padding-left: 40px;\"><em>\u201eCz\u0142owiek, kt\u00f3ry mnie przes\u0142uchiwa\u0142, potem jak odwiedzi\u0142em Izrael, jest w Antwerpii&#8230; i ma teraz belgijskie obywatelstwo. By\u0142 nawet dow\u00f3dc\u0105 Hamasu w oddziale Din Al-Kassam&#8230; zbiera pieni\u0105dze&#8230; wszystkie te firmy, kt\u00f3re oni [Hamas] tutaj otworzyli. Datki s\u0105 zbierane za po\u015brednictwem bank\u00f3w. Maj\u0105 tu firmy, maj\u0105 narkotyki\u201d.<\/em><\/p>\n<p style=\"padding-left: 40px;\">\u201eWysy\u0142aj\u0105 pieni\u0105dze Hamasowi i go wspieraj\u0105\u201d &#8211; powiedzia\u0142 inny mieszkaj\u0105cy tam Palesty\u0144czyk z Gazy. Wspomnia\u0142 o zbi\u00f3rkach na rzecz dzieci z Gazy jako jednym ze sposob\u00f3w pozyskiwania darowizn.<\/p>\n<p style=\"padding-left: 40px;\"><em>\u201eEuropa powinna si\u0119 obudzi\u0107. Je\u015bli pozostanie bierna, zostanie zniszczona od \u015brodka. W\u0142a\u015bciwie ju\u017c niemal zosta\u0142a zniszczona. Je\u015bli Europa si\u0119 nie obudzi i nie zacznie \u015bciga\u0107 tych ludzi&#8230; ci ludzie to nie tylko Hamas. Ci ludzie s\u0105 przeciwni wolno\u015bci, przeciwni demokracji, przeciwni \u015bwiecko\u015bci, s\u0105 przeciwni podstawowym zasadom kraju, w kt\u00f3rym \u017cyj\u0105\u201d.<\/em><\/p>\n<p><span style=\"color: #000080;\">Belgijscy politycy nie wydaj\u0105 si\u0119 jednak szczeg\u00f3lnie zaniepokojeni tym narastaj\u0105cym zagro\u017ceniem politycznym, kulturowym i demograficznym. Po emisji reporta\u017cu belgijski deputowany federalny Sam van Rooy, b\u0119d\u0105cy r\u00f3wnie\u017c radnym Antwerpii z ramienia partii Vlaams Belang, wyst\u0105pi\u0142 o zwo\u0142anie nadzwyczajnej sesji rady miasta, ale nie zdo\u0142a\u0142 zebra\u0107 wystarczaj\u0105cej liczby g\u0142os\u00f3w.<\/span><\/p>\n<p><strong><a href=\"https:\/\/www.hln.be\/antwerpen\/vlaams-belang-vindt-geen-steun-voor-extra-gemeenteraad-na-aanwezigheid-hamas-in-antwerpen~a2a1cb8e\/\">Wed\u0142ug<\/a>\u00a0Van Rooya:<\/strong><\/p>\n<p style=\"padding-left: 40px;\"><span style=\"color: #000000;\"><em>\u201eTen szczeg\u00f3lnie niepokoj\u0105cy reporta\u017c pokazuje, \u017ce cz\u0142onkowie Hamasu i terrory\u015bci nie tylko mieszkaj\u0105 w Antwerpii i prowadz\u0105 sklepy oraz restauracje, ale tak\u017ce finansuj\u0105 Hamas w Gazie i gro\u017c\u0105 przeciwnikom Hamasu. Nie ma dla nich miejsca w naszym mie\u015bcie i musz\u0105 zosta\u0107 odnalezieni, zatrzymani i deportowani\u201d.<\/em><\/span><\/p>\n<p><span style=\"color: #000080;\">Posiedzenia nie zwo\u0142ano; \u017cadna inna partia nie uzna\u0142a go za konieczne.<\/span><\/p>\n<p><span style=\"color: #000080;\">Ta oboj\u0119tno\u015b\u0107 wobec bezpiecze\u0144stwa miejscowych spo\u0142eczno\u015bci chrze\u015bcija\u0144skiej i \u017cydowskiej, a tak\u017ce miasta i ca\u0142ego kraju, jest szczeg\u00f3lnie ra\u017c\u0105ca po ujawnieniu dokument\u00f3w wskazuj\u0105cych, \u017ce Hamas\u00a0<a style=\"color: #000080;\" href=\"https:\/\/www.jpost.com\/international\/islamic-terrorism\/article-899618\">planowa\u0142<\/a>\u00a0w Europie masowy atak na cele \u017cydowskie i izraelskie na wz\u00f3r 7 pa\u017adziernika, kt\u00f3ry mia\u0142 nast\u0105pi\u0107 w drug\u0105 rocznic\u0119 zbrodni z 7 pa\u017adziernika 2023 r.<\/span><\/p>\n<p><span style=\"color: #000080;\">Ju\u017c w lutym 2024 r. belgijski minister sprawiedliwo\u015bci Paul Van Tigchelt\u00a0<a style=\"color: #000080;\" href=\"https:\/\/www.i24news.tv\/en\/news\/international\/europe\/1707913390-hamas-operates-in-belgium-through-shell-companies-confirms-justice-minister\">potwierdzi\u0142<\/a>, \u017ce belgijskie w\u0142adze s\u0105 w pe\u0142ni \u015bwiadome dzia\u0142alno\u015bci Hamasu w tym kraju. Da\u0142 przy tym do\u015b\u0107 jasno do zrozumienia, \u017ce nikogo to szczeg\u00f3lnie nie obchodzi. \u201eJak dot\u0105d wiemy, \u017ce Hamas dzia\u0142a w Belgii za po\u015brednictwem r\u00f3\u017cnych firm. Dzia\u0142alno\u015b\u0107 (&#8230;) koncentruje si\u0119 na lobbingu i zbieraniu funduszy\u201d &#8211; stwierdzi\u0142 w\u00f3wczas.<\/span><\/p>\n<p><span style=\"color: #000080;\">W rzeczywisto\u015bci Hamas ma w Belgii znacznie wi\u0119cej ni\u017c sklepy i restauracje. Ma firmy-przykrywki\u00a0<a style=\"color: #000080;\" href=\"https:\/\/www.i24news.tv\/en\/news\/international\/europe\/1707913390-hamas-operates-in-belgium-through-shell-companies-confirms-justice-minister\">dzia\u0142aj\u0105ce<\/a>\u00a0tu\u017c obok Komisji Europejskiej i Rady UE.<\/span><\/p>\n<p><span style=\"color: #000080;\">Mo\u017cna by by\u0107 mo\u017ce argumentowa\u0107, \u017ce belgijski rz\u0105d, kt\u00f3ry da\u0142 si\u0119 pozna\u0107 jako skrajnie antyizraelski, nie przejmuje si\u0119 tym, \u017ce Hamas zbiera w kraju fundusze: ofiarami s\u0105 \u201etylko\u201d Izraelczycy i \u017bydzi. Jak dot\u0105d.<\/span><\/p>\n<p><span style=\"color: #000080;\">Status Europy jednak si\u0119 zmieni\u0142. Niemiecki federalny prokurator generalny Jens Rommel &#8211; kt\u00f3rego urz\u0105d koordynowa\u0142 zatrzymania dziewi\u0119ciu podejrzanych cz\u0142onk\u00f3w Hamasu stoj\u0105cych za europejskim spiskiem terrorystycznym na wz\u00f3r 7 pa\u017adziernika &#8211;\u00a0<a style=\"color: #000080;\" href=\"https:\/\/www.jpost.com\/international\/islamic-terrorism\/article-899618\">ostrzeg\u0142<\/a>\u00a0w czerwcu, \u017ce Europa nie s\u0142u\u017cy ju\u017c organizacjom terrorystycznym g\u0142\u00f3wnie jako miejsce pozyskiwania \u015brodk\u00f3w na finansowanie terroryzmu.<\/span><\/p>\n<p style=\"padding-left: 40px;\"><em>\u201ePrzeciwnie, Niemcy i inne kraje europejskie s\u0105 obecnie w coraz wi\u0119kszym stopniu postrzegane jako obszary prowadzenia potencjalnych atak\u00f3w. Jest to szczeg\u00f3lnie wyra\u017anie widoczne w przypadku Hamasu. W celu przygotowania atak\u00f3w w Europie jego zagraniczni operacyjni cz\u0142onkowie, sympatycy lub osoby powi\u0105zane z przest\u0119pczo\u015bci\u0105 zorganizowan\u0105 zdobywaj\u0105 i przemycaj\u0105 bro\u0144. Cz\u0119sto posiadaj\u0105 europejskie obywatelstwo lub zezwolenia na pobyt w strefie Schengen, co pozwala im swobodnie si\u0119 przemieszcza\u0107. S\u0105 niezwykle mobilni i maj\u0105 rozleg\u0142\u0105 sie\u0107 kontakt\u00f3w, a niekt\u00f3rzy dysponuj\u0105 znacznymi \u015brodkami finansowymi\u201d.<\/em><\/p>\n<p><span style=\"color: #000080;\">W Belgii jednak takie obawy wydaj\u0105 si\u0119 nie odgrywa\u0107 \u017cadnej roli. W 2024 r. do kraju\u00a0<a style=\"color: #000080;\" href=\"https:\/\/www.brusselstimes.com\/1250021\/belgium-receives-half-of-all-palestinian-asylum-applications-in-eu\">trafi\u0142a<\/a>\u00a0po\u0142owa wszystkich palesty\u0144skich wniosk\u00f3w o azyl z\u0142o\u017conych w ca\u0142ej UE. Tylko w tym jednym roku Belgia\u00a0<a style=\"color: #000080;\" href=\"https:\/\/ecre.org\/aida-country-report-on-belgium-update-on-2024\/\">przyzna\u0142a<\/a>\u00a0formalny status uchod\u017acy 3281 Palesty\u0144czykom.<\/span><\/p>\n<p><span style=\"color: #000080;\">Terrorysta Hamasu z Chan Junus, Mohannad al-Khatib, kt\u00f3ry\u00a0<a style=\"color: #000080;\" href=\"https:\/\/www.timesofisrael.com\/liveblog_entry\/hamas-terrorist-involved-in-oct-7-living-in-belgium-antisemitism-watchdog-says\/\">uczestniczy\u0142<\/a>\u00a0w masakrze 7 pa\u017adziernika 2023 r., lecz okre\u015bla si\u0119 mianem niezale\u017cnego dziennikarza, m\u00f3g\u0142 swobodnie wjecha\u0107 do Belgii i wyst\u0105pi\u0107 tam o azyl. Belgijskie w\u0142adze zosta\u0142y poinformowane o jego terrorystycznej przesz\u0142o\u015bci dopiero kiedy dzia\u0142aj\u0105ce w Antwerpii Jewish Information and Documentation Center (JID) zebra\u0142o informacje na jego temat, pochodz\u0105ce z nagra\u0144 przedstawiaj\u0105cych go na terytorium Izraela lub w jego pobli\u017cu podczas inwazji Hamasu.<\/span><\/p>\n<p><strong>Ralph Pais, wiceprzewodnicz\u0105cy JID,\u00a0<a href=\"https:\/\/belgashare.be\/en\/newsrooms\/457\/press-releases\/13291\/\">powiedzia\u0142<\/a>:<\/strong><\/p>\n<p style=\"padding-left: 40px;\"><em>\u201eTo niezrozumia\u0142e, \u017ce wolontariusze i zwykli obywatele byli w stanie zidentyfikowa\u0107 tego cz\u0142owieka na podstawie otwartych \u017ar\u00f3de\u0142, podczas gdy nasze s\u0142u\u017cby bezpiecze\u0144stwa najwyra\u017aniej nigdy go nie zauwa\u017cy\u0142y. Materia\u0142 wyra\u017anie pokazuje, \u017ce filmowa\u0142 przemoc, oklaskiwa\u0142 j\u0105 i otwarcie wyra\u017ca poparcie dla Hamasu, atak\u00f3w rakietowych i m\u0119cze\u0144stwa.<\/em><\/p>\n<p style=\"padding-left: 40px;\"><em>\u201eKa\u017cdy, kto chce w Europie chroni\u0107 synagogi, szko\u0142y, ko\u015bcio\u0142y, metro czy imprezy publiczne, ma wszelkie powody, by dopilnowa\u0107, aby terrory\u015bci nie przedostawali si\u0119 tutaj niezauwa\u017ceni. To nie jest problem \u017cydowski, lecz problem europejski. Domagamy si\u0119 pe\u0142nej przejrzysto\u015bci w kwestii tego, w jaki spos\u00f3b takie osoby uzyska\u0142y dost\u0119p do Europy, oraz natychmiastowych kontroli bezpiecze\u0144stwa przeprowadzonych przez w\u0142a\u015bciwe organy\u201d.<\/em><\/p>\n<p><span style=\"color: #000080;\">Chocia\u017c wniosek Al-Khatiba zosta\u0142 ostatecznie odrzucony przez Belgi\u0119, pozosta\u0142 on w kraju &#8211; gdzie najwyra\u017aniej nadal mieszka &#8211; i mo\u017ce swobodnie podr\u00f3\u017cowa\u0107 po ca\u0142ej UE. Nikogo to nie obchodzi.<\/span><\/p>\n<p><span style=\"color: #000080;\">Hamas ju\u017c\u00a0<a style=\"color: #000080;\" href=\"https:\/\/efe.com\/latest-news\/2023-11-25\/hamas-praises-clear-bold-stance-of-spain-belgium-on-gaza-war\/\">dwukrotnie<\/a>\u00a0<a style=\"color: #000080;\" href=\"https:\/\/english.palinfo.com\/news\/2023\/11\/25\/82840\/\">dzi\u0119kowa\u0142<\/a>\u00a0Belgii za jej wsparcie. By\u0107 mo\u017ce Belgi\u0119 i inne kraje, kt\u00f3re sprzymierzaj\u0105 si\u0119 z ugrupowaniami terrorystycznymi i udzielaj\u0105 im schronienia, nale\u017ca\u0142oby uzna\u0107 za zagro\u017cenie dla bezpiecze\u0144stwa Europy?<\/span><\/p>\n<hr \/>\n<p><span style=\"color: #808080;\"><em><strong>Robert Williams<\/strong> mieszka w Stanach Zjednoczonych.<\/em><\/span><\/p>\n<p><span style=\"color: #808080;\"><em>Link do orygina\u0142u:\u00a0<a style=\"color: #808080;\" href=\"https:\/\/www.gatestoneinstitute.org\/22787\/islamization-of-europe-belgium\">https:\/\/www.gatestoneinstitute.org\/22787\/islamization-of-europe-belgium<\/a><\/em><\/span><\/p>\n<p><span style=\"color: #808080;\"><em>Gatestone Institute, 25 sierpnia 2026<\/em><\/span><\/p>\n<hr style=\"height: 15px; background: #d0e6fa; width: 100%;\" \/>\n<div id=\"content\" class=\"content-alignment\">\n<div id=\"watch-description\" class=\"yt-uix-button-panel\">\n<div id=\"watch-description-text\" style=\"text-align: center;\">\n<p><em>Zawarto\u015b\u0107 publikowanych artyku\u0142\u00f3w i materia\u0142\u00f3w nie reprezentuje pogl\u0105d\u00f3w ani opinii Reunion&#8217;68,<\/em><em><br \/>\nani te\u017c webmastera Blogu Reunion&#8217;68, chyba ze jest to wyra\u017anie zaznaczone.<br \/>\nTwoje uwagi, linki, w\u0142asne artyku\u0142y lub wiadomo\u015bci prze\u015blij na adres:<br \/>\n<\/em><span style=\"color: #000080;\"><strong><em><a style=\"color: #000080;\" href=\"mailto:webmaster@reunion68.com\"><span style=\"text-decoration: underline;\">webmaster@reunion68.com<\/span><\/a><\/em><\/strong><\/span><\/p>\n<\/div>\n<\/div>\n<\/div>\n<hr style=\"width: 100%;\" \/>\n","protected":false},"excerpt":{"rendered":"<p>\u201eS\u0105 przeciwni zasadom kraju, w kt\u00f3rym \u017cyj\u0105\u201d: islamizacja Europy Robert Williams Hamas ju\u017c dwukrotnie dzi\u0119kowa\u0142 Belgii za jej wsparcie. By\u0107 mo\u017ce Belgi\u0119 i inne kraje, kt\u00f3re sprzymierzaj\u0105 si\u0119 z ugrupowaniami terrorystycznymi i udzielaj\u0105 im schronienia, nale\u017ca\u0142oby uzna\u0107 za zagro\u017cenie dla bezpiecze\u0144stwa Europy? Na zdj\u0119ciu: propalesty\u0144ska demonstracja w Brukseli. W samym sercu Unii Europejskiej Belgia stanowi [&hellip;]<\/p>\n","protected":false},"author":1,"featured_media":0,"comment_status":"closed","ping_status":"closed","sticky":false,"template":"","format":"standard","meta":[],"categories":[6],"tags":[33,24],"_links":{"self":[{"href":"https:\/\/www.reunion68.se\/index.php?rest_route=\/wp\/v2\/posts\/133455"}],"collection":[{"href":"https:\/\/www.reunion68.se\/index.php?rest_route=\/wp\/v2\/posts"}],"about":[{"href":"https:\/\/www.reunion68.se\/index.php?rest_route=\/wp\/v2\/types\/post"}],"author":[{"embeddable":true,"href":"https:\/\/www.reunion68.se\/index.php?rest_route=\/wp\/v2\/users\/1"}],"replies":[{"embeddable":true,"href":"https:\/\/www.reunion68.se\/index.php?rest_route=%2Fwp%2Fv2%2Fcomments&post=133455"}],"version-history":[{"count":7,"href":"https:\/\/www.reunion68.se\/index.php?rest_route=\/wp\/v2\/posts\/133455\/revisions"}],"predecessor-version":[{"id":133467,"href":"https:\/\/www.reunion68.se\/index.php?rest_route=\/wp\/v2\/posts\/133455\/revisions\/133467"}],"wp:attachment":[{"href":"https:\/\/www.reunion68.se\/index.php?rest_route=%2Fwp%2Fv2%2Fmedia&parent=133455"}],"wp:term":[{"taxonomy":"category","embeddable":true,"href":"https:\/\/www.reunion68.se\/index.php?rest_route=%2Fwp%2Fv2%2Fcategories&post=133455"},{"taxonomy":"post_tag","embeddable":true,"href":"https:\/\/www.reunion68.se\/index.php?rest_route=%2Fwp%2Fv2%2Ftags&post=133455"}],"curies":[{"name":"wp","href":"https:\/\/api.w.org\/{rel}","templated":true}]}}