{"id":133459,"date":"2026-09-01T17:00:00","date_gmt":"2026-09-01T15:00:00","guid":{"rendered":"https:\/\/www.reunion68.se\/?p=133459"},"modified":"2026-09-01T07:10:10","modified_gmt":"2026-09-01T05:10:10","slug":"03-00-124","status":"publish","type":"post","link":"https:\/\/www.reunion68.se\/?p=133459","title":{"rendered":"Metropolitan Museum of Art Cancels Met Gala Exhibit on John Galliano Following Backlash Over Antisemitic Comments"},"content":{"rendered":"<hr \/>\n<h3 style=\"text-align: center;\"><a href=\"https:\/\/www.algemeiner.com\/\" target=\"_blank\" rel=\"noopener noreferrer\"><img decoding=\"async\" class=\"center alignleft\" src=\"http:\/\/www.reunion68.com\/Biuletyn\/img\/algem.png\" alt=\"\" width=\"35%\" \/><\/a><span style=\"text-decoration: underline; color: #000080;\"><span><strong><a style=\"color: #000080; text-decoration: underline;\" href=\"https:\/\/www.algemeiner.com\/2026\/08\/31\/metropolitan-museum-art-cancels-met-gala-exhibit-john-galliano-following-backlash-antisemitic-comments\/\" target=\"_blank\" rel=\"noopener noreferrer\">Metropolitan Museum of Art Cancels Met Gala Exhibit on John Galliano Following Backlash Over Antisemitic Comments<\/a><\/strong><\/span><\/span><\/h3>\n<p style=\"text-align: center;\"><span style=\"color: #000000;\"><strong>Shiryn Ghermezian<br \/>\n<\/strong><\/span><\/p>\n<hr style=\"height: 15px; background: #d0e6fa; width: 100%;\" \/>\n<p style=\"text-align: center;\"><img decoding=\"async\" class=\"aligncenter\" src=\"https:\/\/www.algemeiner.com\/wp-content\/uploads\/2025\/10\/2023-05-18T000000Z_1105866108_MT1IMGOST000UBOOMQ_RTRMADP_3_IMAGO-IMAGES-2.jpg\" width=\"100%\" \/><span style=\"color: #808080;\"><em>View of the Metropolitan Museum of Art, The Met, founded in 1870, the largest art museum in the Americas, New York City. Photo: IMAGO\/Robert Harding via Reuters Connect<\/em><\/span><\/p>\n<p><span style=\"color: #000080;\">The Metropolitan Museum of Art on Monday canceled its scheduled 2027 Met Gala exhibit highlighting British fashion designer John Galliano, after facing backlash for honoring a designer with a history of making antisemitic comments.<\/span><\/p>\n<p><span style=\"color: #000080;\">The museum and fashion designer\u00a0<a style=\"color: #000080;\" href=\"https:\/\/www.metmuseum.org\/press-releases\/spring-ci-2027-announcement\" target=\"_blank\" rel=\"noopener\">announced<\/a>\u00a0in a joint statement that the exhibit \u201cJohn Galliano: Horizons,\u201d previously scheduled to open in May 2027, will \u201cnot proceed as planned\u201d and information about a new spring Costume Institute exhibition and 2027 Met Gala will be announced at a later date.<\/span><\/p>\n<p><span style=\"color: #000080;\">\u201cAfter much reflection and discussion with The Met and all those involved, I have decided, with great sadness, that it is best for the exhibition not to take place at this time,\u201d Galliano said. \u201cI remain fully accountable for the pain caused by my words in the past, particularly the hurt I caused to the Jewish and Asian communities, and I remain deeply sorry for it. I understand that meaningful atonement is not achieved through an exhibition, institutional recognition, or a single public gesture. It is a continuing responsibility, demonstrated through listening, learning, and one\u2019s conduct over time.\u201d<\/span><\/p>\n<p><span style=\"color: #000080;\">\u201cI do not want the debate surrounding me to place The Met in a difficult position or to distract from the remarkable work of the Costume Institute. I also recognize and respect that an exhibition honoring my work would be painful for some,\u201d added the former creative director of Christian Dior and Givenchy.<\/span><\/p>\n<p><span style=\"color: #000080;\">Andrew Bolton, curator in charge of The Met\u2019s Costume Institute, said he supports the decision to cancel the exhibit. \u201cI believe deeply in the responsibility of museums to examine difficult histories with rigor, candor, and care. I also recognize the pain and concern this exhibition has caused,\u201d he said.<\/span><\/p>\n<p><span style=\"color: #000080;\"><em>Vogue<\/em>\u2018s global editorial director and Met trustee Anna Wintour also commented on the cancellation of the exhibit. \u201cJohn\u2019s decision that the exhibition devoted to his work should not take place at this time is very courageous and a measure of the man he is. I believe this is the right decision, and both he and the Museum have my full support,\u201d she noted.<\/span><\/p>\n<p><span style=\"color: #000080;\">The decision was praised by Jonathan Greenblatt, CEO of the Anti-Defamation League. \u201cWith antisemitism at crisis levels, the Met honoring John Galliano at this moment was misguided, and even Galliano ultimately recognized what the Met should have done from the start,\u201d he\u00a0<a style=\"color: #000080;\" href=\"https:\/\/x.com\/JGreenblattADL\/status\/2094427643970015583?s=20\" target=\"_blank\" rel=\"noopener\">said.<\/a>\u00a0\u201cThis was the wrong move at the wrong moment. Timing matters.\u201d<\/span><\/p>\n<p><span style=\"color: #000080;\">It was\u00a0<a style=\"color: #000080;\" href=\"https:\/\/www.algemeiner.com\/2026\/08\/04\/anna-wintour-consulted-with-jewish-leaders-about-met-gala-honoree-john-gallianos-antisemitic-comments\/\" target=\"_blank\" rel=\"noopener\">announced in late July<\/a>\u00a0that the Met\u2019s 2027 Costume Institute exhibition and Gala next year would highlight Galliano\u2019s influence on fashion. Since then, executives at the Metropolitan Museum of Art and\u00a0<em>Vogue<\/em>\u00a0have been highly criticized for choosing to honor a designer who made antisemitic comments in the past. The Met Gala always takes place the first Monday in May and many observers also found it concerning that the 2027 event would be held on May 3, which coincides with Holocaust Remembrance Day (Yom HaShoah) on May 4. The national day of commemoration in Israel will open with a ceremony held at Yad Vashem, the Jewish state\u2019s national memorial to the Holocaust, on May 3.<\/span><\/p>\n<p><span style=\"color: #000080;\">\u201cA second chance for John Galliano is one thing. Making him only the third living designer ever granted a solo retrospective at the Met Gala is not forgiveness. It is canonization. Scheduling its gala for Yom HaShoah is not merely appalling. It is obscene,\u201d said Auschwitz Jewish Center Foundation President and Director General Jack Simony in a statement on Sunday.<\/span><\/p>\n<p><span style=\"color: #000080;\">\u201cThen again, perhaps the timing is perfect. Anna Wintour has always known what is in vogue. This year, it is antisemitism,\u201d he added, referring to\u00a0<em>Vogue\u2019<\/em>s global editorial director and Met trustee Anna Wintour.<\/span><\/p>\n<div class=\"node-article--body ckeditor5-html-field field field--name-body field--type-text-with-summary field--label-hidden\" data-once=\"accordion-body\">\n<div class=\"field__items\">\n<div class=\"field__item\">\n<div class=\"align-right\" data-gallery-index=\"0\">\n<div class=\"field field--name-field-media-image field--type-image field--label-hidden field__items\">\n<div class=\"ckeditor5-image-field__field-item field__item\">\n<div class=\"ckeditor5-image__resize-info-wrapper\">\n<div class=\"ckeditor5-image__icon\">\n<p><span style=\"color: #000080;\">In 2011, Galliano was convicted of a hate crime in France after he went on a drunken antisemitic tirade against a couple at a bar in Paris. He told the couple, a Jewish woman and her Asian boyfriend, \u201cDirty Jewish face, you should be dead\u201d and \u201cf\u2013king Asian bastard, I will kill you.\u201d The incident resulted in him being fired from Dior. A video then surfaced that showed Galliano making antisemitic comments at the same bar while drunk in October 2010. During the antisemitic rant, Galliano said, \u201cI love Hitler\u201d and \u201cPeople like you would be dead today. Your mothers, your forefathers, would be f\u2013king gassed and f\u2013king dead.\u201d Galliano has repeatedly apologized for his antisemitic remarks, blaming his actions on alcohol and drug addiction.<\/span><\/p>\n<p><span style=\"color: #000080;\">The Metropolitan Museum of Art had said the 2027 Costume Institute exhibition would \u201cdirectly address the rupture caused by [Galliano\u2019s] antisemitic, racist, and anti-Asian conduct in 2010 and 2011.\u201d<\/span><\/p>\n<p><span style=\"color: #000080;\">New York City Council Speaker Julie Menin\u00a0<a style=\"color: #000080;\" href=\"https:\/\/www.instagram.com\/p\/Dcmn5X2lj3p\/?img_index=1\" target=\"_blank\" rel=\"noopener\">said<\/a>\u00a0last week the museum was making a \u201cserious mistake\u201d in honoring Galliano and that the designer\u2019s antisemitic remarks \u201cis not behavior that should be easily overlooked or normalized.\u201d<\/span><\/p>\n<p><span style=\"color: #000080;\">\u201cAt a time when our city is confronting a serious rise in antisemitism, anti-Asian hate, and other forms of hatred, I find the decision to so prominently honor someone who has engaged in this behavior to be wholly inappropriate,\u201d Menin stated. \u201cOur cultural institutions, particular those that receive funding from the City of New York, have a responsibility to demonstrate that hatred and bigotry carry consequences. Words matter, and whom we choose to elevate is a direct statement of our values and what we are willing to tolerate.\u201d<\/span><\/p>\n<p><span style=\"color: #000080;\">Galliano was set to be only the third living designer to receive a solo exhibit at The Met, following Yves Saint Laurent in 1983 and Rei Kawakubo of Comme des Gar\u00e7ons in 2017.<\/span><\/p>\n<\/div>\n<\/div>\n<\/div>\n<\/div>\n<\/div>\n<\/div>\n<\/div>\n<\/div>\n<hr style=\"height: 15px; background: #d0e6fa; width: 100%;\" \/>\n<div id=\"content\" class=\"content-alignment\">\n<div id=\"watch-description\" class=\"yt-uix-button-panel\">\n<div id=\"watch-description-text\" style=\"text-align: center;\">\n<p><em>Zawarto\u015b\u0107 publikowanych artyku\u0142\u00f3w i materia\u0142\u00f3w nie reprezentuje pogl\u0105d\u00f3w ani opinii Reunion&#8217;68,<\/em><em><br \/>\nani te\u017c webmastera Blogu Reunion&#8217;68, chyba ze jest to wyra\u017anie zaznaczone.<br \/>\nTwoje uwagi, linki, w\u0142asne artyku\u0142y lub wiadomo\u015bci prze\u015blij na adres:<br \/>\n<\/em><span style=\"color: #000080;\"><strong><em><a style=\"color: #000080;\" href=\"mailto:webmaster@reunion68.com\"><span style=\"text-decoration: underline;\">webmaster@reunion68.com<\/span><\/a><\/em><\/strong><\/span><\/p>\n<\/div>\n<\/div>\n<\/div>\n<hr style=\"width: 100%;\" \/>\n","protected":false},"excerpt":{"rendered":"<p>Metropolitan Museum of Art Cancels Met Gala Exhibit on John Galliano Following Backlash Over Antisemitic Comments Shiryn Ghermezian View of the Metropolitan Museum of Art, The Met, founded in 1870, the largest art museum in the Americas, New York City. Photo: IMAGO\/Robert Harding via Reuters Connect The Metropolitan Museum of Art on Monday canceled its [&hellip;]<\/p>\n","protected":false},"author":1,"featured_media":0,"comment_status":"closed","ping_status":"closed","sticky":false,"template":"","format":"standard","meta":[],"categories":[6],"tags":[33,24],"_links":{"self":[{"href":"https:\/\/www.reunion68.se\/index.php?rest_route=\/wp\/v2\/posts\/133459"}],"collection":[{"href":"https:\/\/www.reunion68.se\/index.php?rest_route=\/wp\/v2\/posts"}],"about":[{"href":"https:\/\/www.reunion68.se\/index.php?rest_route=\/wp\/v2\/types\/post"}],"author":[{"embeddable":true,"href":"https:\/\/www.reunion68.se\/index.php?rest_route=\/wp\/v2\/users\/1"}],"replies":[{"embeddable":true,"href":"https:\/\/www.reunion68.se\/index.php?rest_route=%2Fwp%2Fv2%2Fcomments&post=133459"}],"version-history":[{"count":6,"href":"https:\/\/www.reunion68.se\/index.php?rest_route=\/wp\/v2\/posts\/133459\/revisions"}],"predecessor-version":[{"id":133478,"href":"https:\/\/www.reunion68.se\/index.php?rest_route=\/wp\/v2\/posts\/133459\/revisions\/133478"}],"wp:attachment":[{"href":"https:\/\/www.reunion68.se\/index.php?rest_route=%2Fwp%2Fv2%2Fmedia&parent=133459"}],"wp:term":[{"taxonomy":"category","embeddable":true,"href":"https:\/\/www.reunion68.se\/index.php?rest_route=%2Fwp%2Fv2%2Fcategories&post=133459"},{"taxonomy":"post_tag","embeddable":true,"href":"https:\/\/www.reunion68.se\/index.php?rest_route=%2Fwp%2Fv2%2Ftags&post=133459"}],"curies":[{"name":"wp","href":"https:\/\/api.w.org\/{rel}","templated":true}]}}