{"id":133479,"date":"2026-09-06T17:09:00","date_gmt":"2026-09-06T15:09:00","guid":{"rendered":"https:\/\/www.reunion68.se\/?p=133479"},"modified":"2026-09-04T07:44:32","modified_gmt":"2026-09-04T05:44:32","slug":"04-09-118","status":"publish","type":"post","link":"https:\/\/www.reunion68.se\/?p=133479","title":{"rendered":"Zbli\u017caj\u0105 si\u0119 wybory w Izraelu. Wszystko, co musimy wiedzie\u0107 o g\u0142osowaniu"},"content":{"rendered":"<p style=\"text-align: center;\"><img decoding=\"async\" class=\"aligncenter\" src=\"https:\/\/bi.im-g.pl\/im\/65\/78\/1f\/z32999269AMP,Typowany-na-nastepnego-premiera-Izraela-Gadi-Eisen.jpg\" width=\"100%\"><span style=\"color: #808080;\"><em>Typowany na nast\u0119pnego premiera Izraela Gadi Eisenkot &#8211; by\u0142y szef sztabu izraelskiej armii. Izrael, 17.08.2026. (Fot. REUTERS\/Amir Cohen)<\/em><\/span><\/p>\n<hr>\n<h3 style=\"text-align: center;\"><a href=\"https:\/\/wyborcza.pl\/\" target=\"_blank\" rel=\"noopener noreferrer\"><img decoding=\"async\" class=\"center alignleft\" src=\"http:\/\/www.reunion68.com\/Biuletyn\/img\/wyborcza.png\" alt=\"\" width=\"35%\"><\/a><span style=\"text-decoration: underline; color: #000080;\"><strong><a style=\"color: #000080; text-decoration: underline;\" href=\"https:\/\/wyborcza.pl\/7,75399,32999087,zblizaja-sie-wybory-w-izraelu-wszystko-co-musimy-wiedziec.html#s=S.index-K.C-B.1-L.1.duzy\" target=\"_blank\" rel=\"noopener noreferrer\">Zbli\u017caj\u0105 si\u0119 wybory w Izraelu. Wszystko, co musimy wiedzie\u0107 o g\u0142osowaniu<\/a><\/strong><\/span><\/h3>\n<p style=\"text-align: center;\"><span style=\"color: #000000;\"><strong>Marta Urz\u0119dowska<\/strong><\/span><\/p>\n<hr style=\"height: 15px; background: #d0e6fa; width: 100%;\">\n<p>W pa\u017adzierniku Izraelczycy b\u0119d\u0105 wybiera\u0107 parlament. Sonda\u017ce wskazuj\u0105, \u017ce Benjamin Netanjahu, kt\u00f3ry jest premierem ju\u017c po raz sz\u00f3sty, mo\u017ce straci\u0107 w\u0142adz\u0119.<\/p>\n<p class=\"text--paragraph\">Zg\u0142aszanie kandydat\u00f3w do pa\u017adziernikowych&nbsp;<a href=\"https:\/\/wyborcza.pl\/0,128956.html?tag=wybory+prezydenckie+2025#anchorLink\">wybor\u00f3w<\/a>&nbsp;potrwa do 8 wrze\u015bnia. Sonda\u017ce wskazuj\u0105, \u017ce Benjamin Netanjahu przegra. Kto ma szanse na wygran\u0105, co jest najwa\u017cniejszym tematem kampanii wyborczej i jak wa\u017cne b\u0119d\u0105 wybory dla Izraela i \u015bwiata?<\/p>\n<h4 class=\"text--title font-head-700\"><strong>Czy Netanjahu ma szanse utrzyma\u0107 si\u0119 u w\u0142adzy?<\/strong><\/h4>\n<p class=\"text--paragraph\"><span style=\"color: #000080;\"><b>Niewielkie.<\/b>&nbsp;Wybory s\u0105 uznawane za form\u0119 referendum poparcia dla premiera, a Netanjahu narazi\u0142 si\u0119 Izraelczykom w wa\u017cnych kwestiach:<\/span><\/p>\n<ul class=\"text--list text--list-unordered\">\n<li class=\"text--list-item text--list-item-unordered\"><strong>Nie powo\u0142a\u0142 komisji \u015bledczej, kt\u00f3ra wyja\u015bni\u0142aby dlaczego izraelskie s\u0142u\u017cby dopu\u015bci\u0142y do ataku Hamasu.<\/strong><\/li>\n<li class=\"text--list-item text--list-item-unordered\"><strong>Prowadzi trzy wojny: w Strefie Gazy, Libanie i Iranie, kt\u00f3re nie poprawiaj\u0105 bezpiecze\u0144stwa Izraela i mog\u0105 si\u0119 ci\u0105gn\u0105\u0107 latami.<\/strong><\/li>\n<li class=\"text--list-item text--list-item-unordered\"><strong>Rz\u0105d Netanjahu ograniczy\u0142 niezale\u017cno\u015b\u0107 s\u0105d\u00f3w, dlatego jeszcze przed atakiem Hamasu i wojn\u0105 w Gazie setki tysi\u0119cy Izraelczyk\u00f3w co tydzie\u0144 wychodzi\u0142y na ulice protestuj\u0105c przeciwko planom rz\u0105du.<\/strong><\/li>\n<\/ul>\n<p class=\"text--paragraph\"><span style=\"color: #000080;\">W 2022 r. Netanjahu, kt\u00f3ry p\u00f3\u0142tora roku wcze\u015bniej straci\u0142 w\u0142adz\u0119, ponownie zdoby\u0142 wi\u0119kszo\u015b\u0107 i utworzy\u0142 skrajnie prawicowy i nacjonalistyczny, najmniej demokratyczny rz\u0105d w historii Izraela. Jego partia Likud mia\u0142a 32 miejsca w &nbsp;Knesecie, dzi\u015b sonda\u017ce daj\u0105 jej o dziesi\u0119\u0107 mniej. Do tego sam premier jest w konflikcie z prawem &#8211; w kraju jest s\u0105dzony w trzech osobnych procesach o korupcj\u0119, a Mi\u0119dzynarodowy Trybuna\u0142 Karny wyda\u0142 nakaz aresztowania go za domniemane zbrodnie wojenne w Gazie.<\/span><\/p>\n<p class=\"text--paragraph\"><span style=\"color: #000080;\">W koalicji rz\u0105dz\u0105cej poza Likudem jest dzi\u015b partia osadnik\u00f3w Religijny Syjonizm ministra finans\u00f3w Bezalela Smotricza i skrajnie prawicowa \u017bydowska Si\u0142a ministra bezpiecze\u0144stwa narodowego Itamara Ben-Gwira. Ultraortodoksyjne partie Zjednoczony Judaizm Tory i Szas opu\u015bci\u0142y rz\u0105d w 2024 r., ale nadal wspieraj\u0105 go z zewn\u0105trz g\u0142osuj\u0105c za bud\u017cetem i kluczowymi ustawami.<\/span><\/p>\n<h4 class=\"text--title font-head-700\"><strong>Czy sytuacja polityczna w Izraelu jest stabilna?<\/strong><\/h4>\n<p class=\"text--paragraph\"><span style=\"color: #000080;\">Cho\u0107 wybory do licz\u0105cego 120 miejsc Knesetu teoretycznie odbywaj\u0105 si\u0119 co cztery lata,&nbsp;<b>rzadko zdarza si\u0119, \u017ceby parlament przetrwa\u0142 pe\u0142n\u0105 kadencj\u0119<\/b>. Mandaty rozdzielane s\u0105 proporcjonalnie krajowym listom partyjnym, kt\u00f3re przekraczaj\u0105 pr\u00f3g 3,25 proc. g\u0142os\u00f3w w skali kraju, co odpowiada minimum czterem mandat\u00f3w. Pojedyncza partia nigdy nie uzyska\u0142a samodzielnej wi\u0119kszo\u015bci, rz\u0105dy tworzone s\u0105 koalicyjnie, co daje mniejszym partiom wp\u0142yw na to kto zostanie premierem.<\/span><\/p>\n<p class=\"text--paragraph\"><span style=\"color: #000080;\">Netanjahu, \u017ceby utrzyma\u0107 si\u0119 przy w\u0142adzy, musia\u0142 spe\u0142nia\u0107 \u017c\u0105dania partii ultraortodoksyjnych \u017byd\u00f3w, co zmusi\u0142o go do zwolnienia ortodoks\u00f3w z obowi\u0105zkowej s\u0142u\u017cby wojskowej. Wywo\u0142uje to w kraju ogromne emocje. Szczeg\u00f3lnie dzi\u015b, kiedy w Strefie Gazy trwa wojna, Izraelczycy maj\u0105 do\u015b\u0107 sytuacji, w kt\u00f3rej ich dzieci gin\u0105 na froncie, a ortodoksi musz\u0105 jedynie modli\u0107 si\u0119 i czyta\u0107 Tor\u0119.<\/span><\/p>\n<p><img decoding=\"async\" with=\"100%\" class=\"preview aligncenter\" src=\"https:\/\/bi.im-g.pl\/im\/b7\/74\/1f\/z32984247IH,Izraelski-czolg-jedzie-wzdluz-linii-zawieszenia-br.jpg\" srcset=\"https:\/\/bi.im-g.pl\/im\/b7\/74\/1f\/z32984247IH,Izraelski-czolg-jedzie-wzdluz-linii-zawieszenia-br.jpg, https:\/\/bi.im-g.pl\/im\/b7\/74\/1f\/z32984247IHR,Izraelski-czolg-jedzie-wzdluz-linii-zawieszenia-br.jpg 2x\" alt=\"Izraelski czo\u0142g jedzie wzd\u0142u\u017c linii zawieszenia broni mi\u0119dzy okupowanymi przez Izrael Wzg\u00f3rzami Golan a Syri\u0105, po stronie izraelskiej.\" width=\"100%\"><\/p>\n<div class=\"text--photo-caption font-caption\" style=\"text-align: center;\"><span style=\"color: #808080;\"><em><span class=\"text--photo-title\">Izraelski czo\u0142g jedzie wzd\u0142u\u017c linii zawieszenia broni mi\u0119dzy okupowanymi przez Izrael Wzg\u00f3rzami Golan a Syri\u0105, po stronie izraelskiej.<\/span>&nbsp;<span class=\"text--photo-author\">Fot. REUTERS\/Ayal Margolin<\/span><\/em><\/span><\/div>\n<div><\/div>\n<div>\n<h4 class=\"text--title font-head-700\"><strong>Jest kto\u015b, kto mo\u017ce powa\u017cnie zagrozi\u0107 Netanjahu?<\/strong><\/h4>\n<p class=\"text--paragraph\"><span style=\"color: #000080;\">Cho\u0107 sonda\u017ce wr\u00f3\u017c\u0105 Netanjahu pora\u017ck\u0119, nie wskazuj\u0105 wyra\u017anie zwyci\u0119zcy.&nbsp;<b>Poparcie zyskuje Gadi Eisenkot<\/b>&nbsp;\u2013 by\u0142y szef sztabu izraelskiej armii, kt\u00f3ry dla Izraelczyk\u00f3w jest wiarygodny cho\u0107by z tego powodu, \u017ce jego syn i dwaj siostrze\u0144cy zgin\u0119li, walcz\u0105c w Strefie Gazy, podczas gdy syn Netanjahu sp\u0119dza wojn\u0119 na Florydzie.<\/span><\/p>\n<p class=\"text--paragraph\"><span style=\"color: #000080;\">Do tego Eisenkot, syn imigrant\u00f3w z Maroka, przedstawiany jest w kampanii jako cz\u0142owiek uczciwy, podczas gdy obecny premier unika odpowiedzialno\u015bci karnej. Eisenkot w swoim programie zapewnia, \u017ce przywr\u00f3ci w kraju bezpiecze\u0144stwo, jedno\u015b\u0107 i instytucje demokratyczne Izraela. Jego partia to Jaszar (hebr. \u201euczciwy&#8221; lub \u201eprosty&#8221;).<\/span><\/p>\n<p class=\"text--paragraph\"><span style=\"color: #000080;\">Kandydat obiecuje, \u017ce \u2013 je\u015bli wygra \u2013 powo\u0142a komisj\u0119 \u015bledcz\u0105, kt\u00f3ra wyja\u015bni, jak izraelskie s\u0142u\u017cby dopu\u015bci\u0142y do ataku. Zapowiada te\u017c, \u017ce rozszerzy obowi\u0105zkow\u0105 s\u0142u\u017cb\u0119 wojskow\u0105 na ortodoks\u00f3w i Arab\u00f3w. Ostro krytykowa\u0142 w kampanii decyzj\u0119 Netanjahu by pozwoli\u0107 ortodoksom nadal unika\u0107 s\u0142u\u017cby \u201ew czasie brutalnej wojny, gdy najlepsi synowie i c\u00f3rki narodu walcz\u0105 na wszystkich frontach&#8221;.<\/span><\/p>\n<h4 class=\"text--title font-head-700\"><strong>Czy s\u0105 inni powa\u017cni kandydaci?<\/strong><\/h4>\n<p class=\"text--paragraph\"><span style=\"color: #000080;\">Do wy\u015bcigu z Netanjahu staj\u0105 te\u017c dwaj byli premierzy &#8211;&nbsp;<b>Naftali Bennett i Yair Lapid<\/b>, kt\u00f3rzy nie pierwszy raz pr\u00f3buj\u0105 odsun\u0105\u0107 go od w\u0142adzy. Kiedy w 2021 r. zawarli sojusz, Netanjahu straci\u0142 w\u0142adz\u0119, a ich rz\u0105d z\u0142o\u017cony z partii liberalnych i konserwatywnych, do kt\u00f3rego wesz\u0142a te\u017c partia arabska, przetrwa\u0142 p\u00f3\u0142tora roku. Dzi\u015b ich sojusz &#8211; Razem \u2013 ponownie rzuca premierowi wyzwanie. Cho\u0107 w sonda\u017cach wypada nie\u017ale, nie ma tak mocnej pozycji jak Eisenkot.<\/span><\/p>\n<p class=\"text--paragraph\"><span style=\"color: #000080;\">Do wybor\u00f3w staje te\u017c Nasz Dom Izrael \u2013 partia Awigdora Liebermana, by\u0142ego ministra obrony i dawnego sojusznika Netanjahu. Przez ponad trzy dekady pe\u0142ni\u0142 kluczowe funkcje w rz\u0105dach \u2013 by\u0142 &nbsp;ministrem obrony, spraw zagranicznych i finans\u00f3w. To kandydat powa\u017cny, ale ma mniejsze szanse ni\u017c Eisenkot.<\/span><\/p>\n<h4 class=\"text--title font-head-700\"><strong>Jak wypadaj\u0105 poszczeg\u00f3lne partie w sonda\u017cach?<\/strong><\/h4>\n<p class=\"text--paragraph\"><span style=\"color: #000080;\">Najnowszy sonda\u017c dla Kana\u0142u 12 z 25 sierpnia 2026 r.&nbsp;<b>wskazuje na nast\u0119puj\u0105ce roz\u0142o\u017cenie szans<\/b>&nbsp;w\u015br\u00f3d najwa\u017cniejszych ugrupowa\u0144:<\/span><\/p>\n<ul class=\"text--list text--list-unordered\">\n<li class=\"text--list-item text--list-item-unordered\"><strong>Jaszar (Gadi Eisenkot): 24 mandaty<\/strong><\/li>\n<li class=\"text--list-item text--list-item-unordered\"><strong>Likud (Benjamin Netanjahu): 22 mandaty<\/strong><\/li>\n<li class=\"text--list-item text--list-item-unordered\"><strong>Razem (Naftali Bennett i Jair Lapid): 15 mandat\u00f3w<\/strong><\/li>\n<li class=\"text--list-item text--list-item-unordered\"><strong>Demokraci (Jair Golan): 11 mandat\u00f3w<\/strong><\/li>\n<li class=\"text--list-item text--list-item-unordered\"><strong>Nasz Dom Izrael (Awigdor Lieberman): 9 mandat\u00f3w<\/strong><\/li>\n<\/ul>\n<p><span style=\"color: #000080;\">Je\u015bli chodzi o dw\u00f3ch g\u0142\u00f3wnych rywali, w tym samym badaniu 43 proc. respondent\u00f3w uzna\u0142o Eisenkota za najbardziej odpowiedniego kandydata na premiera. Tylko 34 proc. uzna\u0142o, \u017ce jest nim Netanjahu.<br \/>\n<\/span><\/p>\n<div class=\"text--photo\">\n<img decoding=\"async\" width=\"100%\" class=\"preview aligncenter\" src=\"https:\/\/bi.im-g.pl\/im\/3a\/77\/1f\/z32994106IH,Benjamin-Netanjahu.jpg\" srcset=\"https:\/\/bi.im-g.pl\/im\/3a\/77\/1f\/z32994106IH,Benjamin-Netanjahu.jpg, https:\/\/bi.im-g.pl\/im\/3a\/77\/1f\/z32994106IHR,Benjamin-Netanjahu.jpg 2x\" alt=\"Benjamin Netanjahu\"><\/p>\n<div class=\"text--photo-caption font-caption\" style=\"text-align: center;\"><span style=\"color: #808080;\"><em><span class=\"text--photo-title\">Benjamin Netanjahu<\/span>&nbsp;<span class=\"text--photo-author\">Fot. REUTERS\/Ohad Zwigenberg<\/span><\/em><\/span><\/div>\n<\/div>\n<h4><\/h4>\n<h4 class=\"text--title font-head-700\"><strong>Jak wa\u017cne s\u0105 prowadzone dzi\u015b wojny w kontek\u015bcie wybor\u00f3w?<\/strong><\/h4>\n<p class=\"text--paragraph\"><span style=\"color: #000080;\">Cho\u0107 sonda\u017ce pokazuj\u0105, \u017ce Izraelczycy s\u0105 zm\u0119czeni po trzech latach nieustannych wojen,&nbsp;<b>jednocze\u015bnie opowiadaj\u0105 si\u0119 za ich kontynuowaniem<\/b>, bo nie widz\u0105 innej drogi. &nbsp;<\/span><\/p>\n<p class=\"text--paragraph\"><span style=\"color: #000080;\">Partia Likud w czasie kampanii ch\u0119tnie odwo\u0142ywa\u0142a si\u0119 do wojennej retoryki, obiecuj\u0105c Izraelczykom \u201eca\u0142kowite zwyci\u0119stwo&#8221; na wszystkich frontach. Podobnie Demokraci podkre\u015blaj\u0105, \u017ce ich najlepsi kandydaci wywodz\u0105 si\u0119 z armii.<\/span><\/p>\n<p class=\"text--paragraph\"><span style=\"color: #000080;\">Tak\u017ce Eisenkot podkre\u015bla swoje wojskowe pochodzenie zapewniaj\u0105c, \u017ce b\u0119dzie lepszy w rz\u0105dzeniu Izraelem od cywil\u00f3w, bo zna si\u0119 na bezpiecze\u0144stwie. Przekonuje, \u017ce ma pomys\u0142 na \u201enow\u0105 doktryn\u0119 bezpiecze\u0144stwa&#8221;, kt\u00f3ra \u201eumocni armi\u0119 i granice Izraela&#8221;. Obiecuje te\u017c, \u017ce b\u0119dzie chroni\u0142 niezale\u017cno\u015b\u0107 s\u0105d\u00f3w, pilnowa\u0142 rz\u0105d\u00f3w prawa i wolno\u015bci medi\u00f3w.<\/span><\/p>\n<h4 class=\"text--title font-head-700\"><strong>Wybory przynios\u0105 Izraelowi polityczn\u0105 stabilno\u015b\u0107?<\/strong><\/h4>\n<p class=\"text--paragraph\"><span style=\"color: #000080;\"><b>To ma\u0142o prawdopodobne.<\/b>&nbsp;Partii, kt\u00f3re przekrocz\u0105 pr\u00f3g wyborczy, jest du\u017co, co oznacza rozdrobnienie. Na razie opozycja wydaje si\u0119 mocniejsza ni\u017c partie obecnej koalicji, jednak jest te\u017c mocno podzielona \u2013 partie syjonistyczne nie chc\u0105 zawi\u0105za\u0107 sojuszu z ugrupowaniami arabskimi, co sprawia, \u017ce trudno b\u0119dzie opozycji zdoby\u0107 wi\u0119kszo\u015b\u0107 w Knesecie.<\/span><\/p>\n<p class=\"text--paragraph\"><span style=\"color: #000080;\">W jednej kwestii partie opozycji s\u0105 zgodne \u2013 nie chc\u0105 wchodzi\u0107 w koalicj\u0119 z Netanjahu. Zgodnie chc\u0105 te\u017c utworzenia komisji \u015bledczej w sprawie ataku Hamasu i poboru ortodoks\u00f3w do armii.<\/span><\/p>\n<p class=\"text--paragraph\"><span style=\"color: #000080;\">Jednocze\u015bnie opozycja pr\u00f3buje na ostatni\u0105 chwil\u0119 przesuni\u0119\u0107, kt\u00f3re maj\u0105 zwi\u0119kszy\u0107 jej szanse. W ostatnich dniach Mansur Abbas, lider arabskiej partii Raam (Zjednoczona Lista Arabska), da\u0142 drugie po sobie miejsce na li\u015bcie kandydat\u00f3w swojej partii Joawowi Segalowitzowi, znanemu syjoni\u015bcie, weteranowi izraelskiej armii, kt\u00f3ry blisko trzydzie\u015bci lat pracowa\u0142 w policji i by\u0142 wiceministrem ds. bezpiecze\u0144stwa narodowego. Wcze\u015bniej do arabskich partii nale\u017celi tylko \u017bydzi ze skrajnie lewicowych \u015brodowisk, podczas gdy Segalowitz nale\u017cy do otwarcie syjonistycznej partii Jesz Atid.<\/span><\/p>\n<blockquote class=\"text--quote font-quotation-500\"><p><strong>W ka\u017cdym pokoleniu przychodzi moment, kiedy strach i nadzieja stoj\u0105 razem w jednym pomieszczeniu. Dzi\u015b wieczorem, w tym pokoju, wygra\u0142a nadzieja<\/strong><\/p><\/blockquote>\n<p class=\"text--paragraph\"><span style=\"color: #000080;\">&#8211; zachwala\u0142 Abbas, stoj\u0105c obok Segalowitza na konferencji prasowej. &#8211; Witaj Joaw, mamy robot\u0119 do wykonania &#8211; doda\u0142.<\/span><\/p>\n<p class=\"text--paragraph\"><span style=\"color: #000080;\">Bez poparcia partii Raam opozycja nie zdob\u0119dzie wystarczaj\u0105cej liczby mandat\u00f3w by odsun\u0105\u0107 Netanjahu od w\u0142adzy.<\/span><\/p>\n<p class=\"text--paragraph\"><span style=\"color: #000080;\">Segalowitz cieszy si\u0119 poparciem arabskich Izraelczyk\u00f3w, bo skutecznie walczy z przest\u0119pczo\u015bci\u0105 w arabskich spo\u0142eczno\u015bciach. W ostatnich latach jako zast\u0119pca ministra zmniejszy\u0142 liczb\u0119 zab\u00f3jstw o 16 proc., a strzelanin o 30 proc. Arabowie stanowi\u0105 jedn\u0105 pi\u0105t\u0105 mieszka\u0144c\u00f3w Izraela.<\/span><\/p>\n<\/div>\n<h4 class=\"text--title font-head-700\"><strong>Jakie s\u0105 najwa\u017cniejsze tematy w kampanii wyborczej?<\/strong><\/h4>\n<h4><\/h4>\n<p class=\"text--paragraph\"><span style=\"color: #000080;\">Przysz\u0142o\u015b\u0107 Benjamina Netanjahu na sto\u0142ku premiera, bezpiecze\u0144stwo \u2013 w kontek\u015bcie wojen w Strefie Gazy, Libanie i Iranie, kwestia zwolnienia ortodoks\u00f3w z s\u0142u\u017cby wojskowej, utworzenie komisji \u015bledczej w sprawie 7 pa\u017adziernika 2023. Kwestia Palesty\u0144czyk\u00f3w \u2013 ewentualnego utworzenia w przysz\u0142o\u015bci palesty\u0144skiego pa\u0144stwa \u2013 dzi\u015b jest na dalekim planie. A po atakach Hamasu Izraelczycy przestali wierzy\u0107 w pokojowe rozwi\u0105zanie bliskowschodniego konfliktu.<\/span><\/p>\n<hr>\n<p><span style=\"color: #808080;\"><i>Redagowa\u0142 <strong>Micha\u0142 Olszewski<\/strong><\/i><\/span><\/p>\n<hr style=\"height: 15px; background: #d0e6fa; width: 100%;\">\n<div id=\"content\" class=\"content-alignment\">\n<div id=\"watch-description\" class=\"yt-uix-button-panel\">\n<div id=\"watch-description-text\" style=\"text-align: center;\">\n<p><em>Zawarto\u015b\u0107 publikowanych artyku\u0142\u00f3w i materia\u0142\u00f3w nie reprezentuje pogl\u0105d\u00f3w ani opinii Reunion&#8217;68,<\/em><em><br \/>\nani te\u017c webmastera Blogu Reunion&#8217;68, chyba ze jest to wyra\u017anie zaznaczone.<br \/>\nTwoje uwagi, linki, w\u0142asne artyku\u0142y lub wiadomo\u015bci prze\u015blij na adres:<br \/>\n<\/em><span style=\"color: #000080;\"><strong><em><a style=\"color: #000080;\" href=\"mailto:webmaster@reunion68.com\"><span style=\"text-decoration: underline;\">webmaster@reunion68.com<\/span><\/a><\/em><\/strong><\/span><\/p>\n<\/div>\n<\/div>\n<\/div>\n<hr style=\"width: 100%;\">\n","protected":false},"excerpt":{"rendered":"<p>Typowany na nast\u0119pnego premiera Izraela Gadi Eisenkot &#8211; by\u0142y szef sztabu izraelskiej armii. Izrael, 17.08.2026. (Fot. REUTERS\/Amir Cohen) Zbli\u017caj\u0105 si\u0119 wybory w Izraelu. Wszystko, co musimy wiedzie\u0107 o g\u0142osowaniu Marta Urz\u0119dowska W pa\u017adzierniku Izraelczycy b\u0119d\u0105 wybiera\u0107 parlament. Sonda\u017ce wskazuj\u0105, \u017ce Benjamin Netanjahu, kt\u00f3ry jest premierem ju\u017c po raz sz\u00f3sty, mo\u017ce straci\u0107 w\u0142adz\u0119. Zg\u0142aszanie kandydat\u00f3w do [&hellip;]<\/p>\n","protected":false},"author":1,"featured_media":0,"comment_status":"closed","ping_status":"closed","sticky":false,"template":"","format":"standard","meta":[],"categories":[6],"tags":[33,24],"_links":{"self":[{"href":"https:\/\/www.reunion68.se\/index.php?rest_route=\/wp\/v2\/posts\/133479"}],"collection":[{"href":"https:\/\/www.reunion68.se\/index.php?rest_route=\/wp\/v2\/posts"}],"about":[{"href":"https:\/\/www.reunion68.se\/index.php?rest_route=\/wp\/v2\/types\/post"}],"author":[{"embeddable":true,"href":"https:\/\/www.reunion68.se\/index.php?rest_route=\/wp\/v2\/users\/1"}],"replies":[{"embeddable":true,"href":"https:\/\/www.reunion68.se\/index.php?rest_route=%2Fwp%2Fv2%2Fcomments&post=133479"}],"version-history":[{"count":10,"href":"https:\/\/www.reunion68.se\/index.php?rest_route=\/wp\/v2\/posts\/133479\/revisions"}],"predecessor-version":[{"id":133495,"href":"https:\/\/www.reunion68.se\/index.php?rest_route=\/wp\/v2\/posts\/133479\/revisions\/133495"}],"wp:attachment":[{"href":"https:\/\/www.reunion68.se\/index.php?rest_route=%2Fwp%2Fv2%2Fmedia&parent=133479"}],"wp:term":[{"taxonomy":"category","embeddable":true,"href":"https:\/\/www.reunion68.se\/index.php?rest_route=%2Fwp%2Fv2%2Fcategories&post=133479"},{"taxonomy":"post_tag","embeddable":true,"href":"https:\/\/www.reunion68.se\/index.php?rest_route=%2Fwp%2Fv2%2Ftags&post=133479"}],"curies":[{"name":"wp","href":"https:\/\/api.w.org\/{rel}","templated":true}]}}