{"id":133483,"date":"2026-09-02T17:00:00","date_gmt":"2026-09-02T15:00:00","guid":{"rendered":"https:\/\/www.reunion68.se\/?p=133483"},"modified":"2026-09-02T11:43:06","modified_gmt":"2026-09-02T09:43:06","slug":"04-00-116","status":"publish","type":"post","link":"https:\/\/www.reunion68.se\/?p=133483","title":{"rendered":"Belgian Airline Workers Threaten Strike Over Mandatory Tel Aviv Flights, Citing Security and \u2018Ethical\u2019 Concerns"},"content":{"rendered":"<hr \/>\n<h3 style=\"text-align: center;\"><a href=\"https:\/\/www.algemeiner.com\/\" target=\"_blank\" rel=\"noopener noreferrer\"><img decoding=\"async\" class=\"center alignleft\" src=\"http:\/\/www.reunion68.com\/Biuletyn\/img\/algem.png\" alt=\"\" width=\"35%\" \/><\/a><span style=\"text-decoration: underline; color: #000080;\"><span><strong><a style=\"color: #000080; text-decoration: underline;\" href=\"https:\/\/www.algemeiner.com\/2026\/09\/01\/belgian-airline-workers-threaten-strike-over-mandatory-tel-aviv-flights-citing-security-and-ethical-concerns\/\" target=\"_blank\" rel=\"noopener noreferrer\">Belgian Airline Workers Threaten Strike Over Mandatory Tel Aviv Flights, Citing Security and \u2018Ethical\u2019 Concerns<\/a><\/strong><\/span><\/span><\/h3>\n<p style=\"text-align: center;\"><span style=\"color: #000000;\"><strong>Ailin Vilches Arguello<\/strong><\/span><\/p>\n<hr style=\"height: 15px; background: #d0e6fa; width: 100%;\" \/>\n<p style=\"text-align: center;\"><img decoding=\"async\" class=\"aligncenter\" src=\"https:\/\/www.algemeiner.com\/wp-content\/uploads\/2016\/08\/brusselsairlines.jpg\" width=\"100%\" \/><span style=\"color: #808080;\"><em>Brussels Airlines has removed an Israeli halva product from its in-flight menu. Photo: Wikimedia Commons<\/em><\/span><\/p>\n<p><span style=\"color: #000080;\">Belgian airline workers have filed a formal strike notice over Brussels Airlines\u2019 decision to resume flights to Tel Aviv while requiring employees to work the Israel route, citing security concerns and what they called the \u201cethical implications\u201d of operating flights amid the war in Gaza.<\/span><\/p>\n<p><span style=\"color: #000080;\">Effective Sept. 1, Belgian trade union ACV Puls, which represents workers in the service sector, is expected to launch protest measures if Brussels Airlines does not reverse its decision to make Tel Aviv assignments mandatory, potentially disrupting flights to and from Israel.<\/span><\/p>\n<p><span style=\"color: #000080;\">Under a previous agreement, Brussels Airlines had planned for flights to Tel Aviv to initially be staffed exclusively by employees who volunteered for the assignments.<\/span><\/p>\n<p><span style=\"color: #000080;\">With its Israel route returning this summer, the airline offered grants, bonuses and other financial incentives to employees who volunteered to staff the flights.<\/span><\/p>\n<p><span style=\"color: #000080;\">A shortage of volunteers for the planned schedule has now led the airline to move away from voluntary staffing and return to its standard crew-assignment system, making Tel Aviv flights mandatory for some employees.<\/span><\/p>\n<p><span style=\"color: #000080;\">The company also said that the successful resumption of operations over the summer had helped normalize the service, allowing it to resume regular crew assignments while stressing that safety remains its highest priority.<\/span><\/p>\n<p><span style=\"color: #000080;\">\u201cTogether with the other airlines in the Lufthansa Group, we will continue to monitor the situation on the ground closely and can adjust our procedures at any time, should that be necessary,\u201d the statement reads.<\/span><\/p>\n<p><span style=\"color: #000080;\">However, ACV Puls argues that Brussels Airlines\u2019 decision to require employees to accept assignments to Israel despite the security situation fails to meet its responsibility to protect workers from potential security and health risks.<\/span><\/p>\n<p><span style=\"color: #000080;\">The union also pointed to the \u201cpsychological and ethical\u201d implications of operating the route, citing what it described as the \u201cgenocide in Gaza.\u201d<\/span><\/p>\n<p><span style=\"color: #000080;\">\u201cThere are serious concerns among employees regarding physical safety, as well as the psychological and ethical impact of the flights,\u201d Yolinde Defeu, representative of the union, said in a statement.\u00a0<\/span><\/p>\n<p><span style=\"color: #000080;\">\u201cBrussels Airlines refuses to give employees the option to refuse such assignments. This is particularly grave in the context of the ongoing war and genocide in Gaza,\u201d Defeu continued.<\/span><\/p>\n<p><span style=\"color: #000080;\">ACV Puls also cited Belgium\u2019s Foreign Ministry guidance, including warnings over the security risks and advice against nonessential travel to Israel and Jerusalem, while pledging to support employees who decline assignments on such routes.<\/span><\/p>\n<p><span style=\"color: #000080;\">\u201cA shortage of volunteers does not give a free hand to coerce workers,\u201d the union\u2019s statement said.<\/span><\/p>\n<p><span style=\"color: #000080;\">ACV Puls is demanding that employees with \u201cserious safety or conscientious reservations\u201d be allowed to refuse Tel Aviv assignments without financial, professional or disciplinary penalties. It is also calling on the Belgian government to clarify its policy on commercial flights to conflict zones and protections for airline workers.<\/span><\/p>\n<hr style=\"height: 15px; background: #d0e6fa; width: 100%;\" \/>\n<div id=\"content\" class=\"content-alignment\">\n<div id=\"watch-description\" class=\"yt-uix-button-panel\">\n<div id=\"watch-description-text\" style=\"text-align: center;\">\n<p><em>Zawarto\u015b\u0107 publikowanych artyku\u0142\u00f3w i materia\u0142\u00f3w nie reprezentuje pogl\u0105d\u00f3w ani opinii Reunion&#8217;68,<\/em><em><br \/>\nani te\u017c webmastera Blogu Reunion&#8217;68, chyba ze jest to wyra\u017anie zaznaczone.<br \/>\nTwoje uwagi, linki, w\u0142asne artyku\u0142y lub wiadomo\u015bci prze\u015blij na adres:<br \/>\n<\/em><span style=\"color: #000080;\"><strong><em><a style=\"color: #000080;\" href=\"mailto:webmaster@reunion68.com\"><span style=\"text-decoration: underline;\">webmaster@reunion68.com<\/span><\/a><\/em><\/strong><\/span><\/p>\n<\/div>\n<\/div>\n<\/div>\n<hr style=\"width: 100%;\" \/>\n","protected":false},"excerpt":{"rendered":"<p>Belgian Airline Workers Threaten Strike Over Mandatory Tel Aviv Flights, Citing Security and \u2018Ethical\u2019 Concerns Ailin Vilches Arguello Brussels Airlines has removed an Israeli halva product from its in-flight menu. Photo: Wikimedia Commons Belgian airline workers have filed a formal strike notice over Brussels Airlines\u2019 decision to resume flights to Tel Aviv while requiring employees [&hellip;]<\/p>\n","protected":false},"author":1,"featured_media":0,"comment_status":"closed","ping_status":"closed","sticky":false,"template":"","format":"standard","meta":[],"categories":[6],"tags":[33,24],"_links":{"self":[{"href":"https:\/\/www.reunion68.se\/index.php?rest_route=\/wp\/v2\/posts\/133483"}],"collection":[{"href":"https:\/\/www.reunion68.se\/index.php?rest_route=\/wp\/v2\/posts"}],"about":[{"href":"https:\/\/www.reunion68.se\/index.php?rest_route=\/wp\/v2\/types\/post"}],"author":[{"embeddable":true,"href":"https:\/\/www.reunion68.se\/index.php?rest_route=\/wp\/v2\/users\/1"}],"replies":[{"embeddable":true,"href":"https:\/\/www.reunion68.se\/index.php?rest_route=%2Fwp%2Fv2%2Fcomments&post=133483"}],"version-history":[{"count":5,"href":"https:\/\/www.reunion68.se\/index.php?rest_route=\/wp\/v2\/posts\/133483\/revisions"}],"predecessor-version":[{"id":133505,"href":"https:\/\/www.reunion68.se\/index.php?rest_route=\/wp\/v2\/posts\/133483\/revisions\/133505"}],"wp:attachment":[{"href":"https:\/\/www.reunion68.se\/index.php?rest_route=%2Fwp%2Fv2%2Fmedia&parent=133483"}],"wp:term":[{"taxonomy":"category","embeddable":true,"href":"https:\/\/www.reunion68.se\/index.php?rest_route=%2Fwp%2Fv2%2Fcategories&post=133483"},{"taxonomy":"post_tag","embeddable":true,"href":"https:\/\/www.reunion68.se\/index.php?rest_route=%2Fwp%2Fv2%2Ftags&post=133483"}],"curies":[{"name":"wp","href":"https:\/\/api.w.org\/{rel}","templated":true}]}}