{"id":133511,"date":"2026-09-05T17:00:00","date_gmt":"2026-09-05T15:00:00","guid":{"rendered":"https:\/\/www.reunion68.se\/?p=133511"},"modified":"2026-09-03T08:14:41","modified_gmt":"2026-09-03T06:14:41","slug":"05-00-123","status":"publish","type":"post","link":"https:\/\/www.reunion68.se\/?p=133511","title":{"rendered":"More Than 180 Jewish Figures Defend Mark Ruffalo After He\u2019s Accused of Antisemitism"},"content":{"rendered":"<hr \/>\n<h3 style=\"text-align: center;\"><a href=\"https:\/\/www.algemeiner.com\/\" target=\"_blank\" rel=\"noopener noreferrer\"><img decoding=\"async\" class=\"center alignleft\" src=\"http:\/\/www.reunion68.com\/Biuletyn\/img\/algem.png\" alt=\"\" width=\"35%\" \/><\/a><span style=\"text-decoration: underline; color: #000080;\"><span><strong><a style=\"color: #000080; text-decoration: underline;\" href=\"https:\/\/www.algemeiner.com\/2026\/09\/02\/more-than-180-jewish-figures-defend-mark-ruffalo-after-hes-accused-antisemitism\/\" target=\"_blank\" rel=\"noopener noreferrer\">More Than 180 Jewish Figures Defend Mark Ruffalo After He\u2019s Accused of Antisemitism<\/a><\/strong><\/span><\/span><\/h3>\n<p style=\"text-align: center;\"><span style=\"color: #000000;\"><strong>Shiryn Ghermezian<\/strong><\/span><\/p>\n<hr style=\"height: 15px; background: #d0e6fa; width: 100%;\" \/>\n<p style=\"text-align: center;\"><img decoding=\"async\" class=\"aligncenter\" src=\"https:\/\/www.algemeiner.com\/wp-content\/uploads\/2026\/08\/2026-01-28T184413Z_2011771482_MT1SIPA000ZRT4KI_RTRMADP_3_SIPA-USA-1.jpg\" width=\"100%\" \/><span style=\"color: #808080;\"><em>Mark Ruffalo attends \u201cCrime 101\u201d European Gala Screening at Odeon Luxe Leicester Square in London, England, UK, Jan. 28, 2026. Photo: James Warren\/Famous Images\/Sipa USA via Reuters Connect<\/em><\/span><\/p>\n<p><span style=\"color: #000080;\">More than 180 Jewish figures in the media and entertainment industry signed an open letter on Tuesday in support of actor Mark Ruffalo, after the Marvel star was accused of making antisemitic remarks while criticizing the pending Paramount Skydance-Warner Bros. Discovery merger.<\/span><\/p>\n<p><span style=\"color: #000080;\">In a social media post on Aug. 21, Ruffalo slammed the merger and also accused the Ellison family, who are Jewish, of being complicit in the \u201cgenocide\u201d of Palestinians in the Gaza Strip because of the Larry Ellison-founded technology company Oracle and its ties to Israel. Ellison\u2019s son, David Ellison, is the CEO of Paramount.<\/span><\/p>\n<p><span style=\"color: #000080;\">Ruffalo posted on Instagram a clip of Jewish Paramount board member and former Oracle CEO Safra Catz and claimed she \u201crevels in what we now have come to see as a genocide, which was built on an apartheid system of oppression powered by Oracle.\u201d Ruffalo also accused the Ellisons of \u201cpowering some of the most destructive and inhuman forces in the world.\u201d A spokesperson for Catz later clarified that the Oracle technology mentioned in Ruffalo\u2019s social media post \u201cwas in fact intended for use in rescuing hostages abducted during the Oct. 7, 2023, Hamas terror attack.\u201d<\/span><\/p>\n<p><span style=\"color: #000080;\">A Paramount spokesperson accused Ruffalo of promoting \u201cantisemitic tropes\u201d in his criticism of the merger and nearly 1,000 Hollywood industry figures accused the Marvel star of sharing \u201c<a style=\"color: #000080;\" href=\"https:\/\/www.algemeiner.com\/2026\/08\/27\/nearly-1000-hollywood-figures-condemn-mark-ruffalos-antisemitic-theories-paramount-warner-bros-merger\/\" target=\"_blank\" rel=\"noopener\">antisemitic conspiracy theories<\/a>.\u201d They said in part: \u201cIt is unacceptable to introduce Jews, antizionism [sic], or antisemitism into conversations about business transactions, simply because those involved are Jewish.\u201d<\/span><\/p>\n<p><span style=\"color: #000080;\">In their open letter on Tuesday, shared by\u00a0<em>Variety<\/em>, the Jewish figures claim Ruffalo has been the target of a \u201csmear campaign\u201d and attack the \u201cspurious charges of antisemitism\u201d against the actor. They criticize what they call the \u201cfalse and dangerous weaponization of charges of antisemitism,\u201d while also echoing Ruffalo\u2019s sentiments against the merger and the alleged \u201cgenocide\u201d taking place in the Gaza Strip. The signatures include musicians, producers, screenwriters, actors, filmmakers, writers, journalists, professors and even rabbis. Those who signed the open letter include Joaquin Phoenix, Hannah Einbinder, \u201c<a style=\"color: #000080;\" href=\"https:\/\/www.algemeiner.com\/2023\/05\/30\/holocaust-drama-the-zone-of-interest-wins-second-place-prize-at-cannes-film-festival\/\" target=\"_blank\" rel=\"noopener\">The Zone of Interest<\/a>\u201d director Jonathan Glazer, Todd Haynes, Ilana Glazer, journalist Peter Beinart, actress Rosanna Arquette, screenwriter Tony Kushner, and \u201cYoung Sheldon\u201d actor Wallace Shawn.<\/span><\/p>\n<p><span style=\"color: #000080;\">\u201cThe assault on the Palestinian people and the assault on our liberties at home are deeply interconnected, and there is nothing antisemitic about recognizing that fact,\u201d they claim in the open letter. They accuse Larry Ellison and his partners of supporting \u201cthe ongoing depredations being visited on the people of Palestine and their silencing of critics of those horrors.\u201d They allege that Gaza has become \u201can open-air laboratory for AI-driven killing and control technologies like the ones celebrated\u201d by Catz.<\/span><\/p>\n<p class=\"paragraph larva \/\/ lrv-u-margin-lr-auto lrv-a-font-body-m \"><span style=\"color: #000080;\">\u201cPointing out the crucial connections between what is happening in Gaza and what is happening in Hollywood is the exact opposite of antisemitism,\u201d they claim. \u201cIt is, for us, the very essence of Jewish ethical duty,\u201d they continue, before spewing accusations about Israel committing war crimes and genocide in Gaza. \u201cThe time is over for spurious charges of antisemitism to be trotted out, this time in the defense of war, oligarchy, and AI domination.\u201d<\/span><\/p>\n<p><span style=\"color: #000080;\">Ruffalo denied being antisemitic, calling the claims \u201cappalling and fundamentally dishonest.\u201d Others who have defended Ruffalo\u2019s offensive comments include Oscar-winning filmmaker and playwright Kenneth Lonergan, Oscar winner Jane Fonda, and John Cusack.<\/span><\/p>\n<hr style=\"height: 15px; background: #d0e6fa; width: 100%;\" \/>\n<div id=\"content\" class=\"content-alignment\">\n<div id=\"watch-description\" class=\"yt-uix-button-panel\">\n<div id=\"watch-description-text\" style=\"text-align: center;\">\n<p><em>Zawarto\u015b\u0107 publikowanych artyku\u0142\u00f3w i materia\u0142\u00f3w nie reprezentuje pogl\u0105d\u00f3w ani opinii Reunion&#8217;68,<\/em><em><br \/>\nani te\u017c webmastera Blogu Reunion&#8217;68, chyba ze jest to wyra\u017anie zaznaczone.<br \/>\nTwoje uwagi, linki, w\u0142asne artyku\u0142y lub wiadomo\u015bci prze\u015blij na adres:<br \/>\n<\/em><span style=\"color: #000080;\"><strong><em><a style=\"color: #000080;\" href=\"mailto:webmaster@reunion68.com\"><span style=\"text-decoration: underline;\">webmaster@reunion68.com<\/span><\/a><\/em><\/strong><\/span><\/p>\n<\/div>\n<\/div>\n<\/div>\n<hr style=\"width: 100%;\" \/>\n","protected":false},"excerpt":{"rendered":"<p>More Than 180 Jewish Figures Defend Mark Ruffalo After He\u2019s Accused of Antisemitism Shiryn Ghermezian Mark Ruffalo attends \u201cCrime 101\u201d European Gala Screening at Odeon Luxe Leicester Square in London, England, UK, Jan. 28, 2026. Photo: James Warren\/Famous Images\/Sipa USA via Reuters Connect More than 180 Jewish figures in the media and entertainment industry signed [&hellip;]<\/p>\n","protected":false},"author":1,"featured_media":0,"comment_status":"closed","ping_status":"closed","sticky":false,"template":"","format":"standard","meta":[],"categories":[6],"tags":[33,24],"_links":{"self":[{"href":"https:\/\/www.reunion68.se\/index.php?rest_route=\/wp\/v2\/posts\/133511"}],"collection":[{"href":"https:\/\/www.reunion68.se\/index.php?rest_route=\/wp\/v2\/posts"}],"about":[{"href":"https:\/\/www.reunion68.se\/index.php?rest_route=\/wp\/v2\/types\/post"}],"author":[{"embeddable":true,"href":"https:\/\/www.reunion68.se\/index.php?rest_route=\/wp\/v2\/users\/1"}],"replies":[{"embeddable":true,"href":"https:\/\/www.reunion68.se\/index.php?rest_route=%2Fwp%2Fv2%2Fcomments&post=133511"}],"version-history":[{"count":6,"href":"https:\/\/www.reunion68.se\/index.php?rest_route=\/wp\/v2\/posts\/133511\/revisions"}],"predecessor-version":[{"id":133530,"href":"https:\/\/www.reunion68.se\/index.php?rest_route=\/wp\/v2\/posts\/133511\/revisions\/133530"}],"wp:attachment":[{"href":"https:\/\/www.reunion68.se\/index.php?rest_route=%2Fwp%2Fv2%2Fmedia&parent=133511"}],"wp:term":[{"taxonomy":"category","embeddable":true,"href":"https:\/\/www.reunion68.se\/index.php?rest_route=%2Fwp%2Fv2%2Fcategories&post=133511"},{"taxonomy":"post_tag","embeddable":true,"href":"https:\/\/www.reunion68.se\/index.php?rest_route=%2Fwp%2Fv2%2Ftags&post=133511"}],"curies":[{"name":"wp","href":"https:\/\/api.w.org\/{rel}","templated":true}]}}