{"id":13385,"date":"2015-01-26T19:09:19","date_gmt":"2015-01-26T17:09:19","guid":{"rendered":"http:\/\/www.reunion68.se\/?p=13385"},"modified":"2015-01-26T17:51:45","modified_gmt":"2015-01-26T15:51:45","slug":"13385","status":"publish","type":"post","link":"https:\/\/www.reunion68.se\/?p=13385","title":{"rendered":"Auschwitz II-Birkenau"},"content":{"rendered":"<h5 style=\"text-align: center;\"><a href=\"http:\/\/auschwitz.org\/\" target=\"_blank\"><img decoding=\"async\" class=\"center alignleft\" src=\"http:\/\/www.reunion68.com\/Biuletyn\/img\/birkenau.png\" alt=\"\" \/><\/a><span style=\"text-decoration: underline; color: #000080;\"><span style=\"text-decoration: underline;\"><strong><a style=\"color: #000080; text-decoration: underline;\" href=\"http:\/\/auschwitz.org\/historia\/auschwitz-ii\/\" target=\"_blank\">Auschwitz II-Birkenau<\/a><\/strong><\/span><\/span><\/h5>\n<hr style=\"height: 15px; background: #d0e6fa; width: 710px;\" \/>\n<div style=\"width: 360px\" class=\"wp-caption alignright\"><a href=\"http:\/\/auschwitz.org\/gfx\/auschwitz\/_thumbs\/pl\/defaultstronaopisowa\/283\/2\/1\/20080529_1697193160_big_982,oHuCn6impHCVqcKHZpY.jpg\"><img decoding=\"async\" id=\"fancybox-img\" src=\"http:\/\/auschwitz.org\/gfx\/auschwitz\/_thumbs\/pl\/defaultstronaopisowa\/283\/2\/1\/20080529_1697193160_big_982,oHuCn6impHCVqcKHZpY.jpg\" alt=\"Zdj\u0119cie lotnicze Birkenau - lato 1944 r.\" width=\"350\" \/><\/a><p class=\"wp-caption-text\">Zdj\u0119cie lotnicze Birkenau &#8211; lato 1944 r.<\/p><\/div>\n<p style=\"text-align: left;\">\u00a0<span style=\"color: #000080;\">Ob\u00f3z Birkenau by\u0142 najwi\u0119kszym z ponad 40 oboz\u00f3w i podoboz\u00f3w wchodz\u0105cych w sk\u0142ad kompleksu oboz\u00f3w Auschwitz. W czasie 3 lat istnienia pe\u0142ni\u0142 on szereg funkcji: zacz\u0119to go budowa\u0107 w pa\u017adzierniku 1941 r. jako ob\u00f3z dla oko\u0142o 125 000 je\u0144c\u00f3w wojennych, uruchomiono w marcu 1942 r. jako fili\u0119 KL Auschwitz, przy czym pe\u0142ni\u0142 r\u00f3wnocze\u015bnie funkcj\u0119 o\u015brodka zag\u0142ady \u017byd\u00f3w. W ostatniej fazie istnienia, od 1944 r. sta\u0142 si\u0119 r\u00f3wnie\u017c miejscem koncentracji wi\u0119\u017ani\u00f3w przed przeniesieniem ich do pracy dla niemieckiego przemys\u0142u w g\u0142\u0119bi Trzeciej Rzeszy.<\/span><\/p>\n<p style=\"text-align: left;\"><span style=\"color: #000080;\">W obozie tym zgin\u0119\u0142a wi\u0119kszo\u015b\u0107, przypuszczalnie oko\u0142o 90% ofiar KL Auschwitz, a zatem oko\u0142o 1 mln ludzi; w zdecydowanej wi\u0119kszo\u015bci (ponad 90%) byli to \u017bydzi. Ponadto w obozie tym zgin\u0119\u0142a znaczna cz\u0119\u015b\u0107 z oko\u0142o 70 000 Polak\u00f3w zmar\u0142ych i zabitych w kompleksie oboz\u00f3w Auschwitz, oko\u0142o 20 000 Cygan\u00f3w, opr\u00f3cz nich je\u0144cy radzieccy i wi\u0119\u017aniowie innych narodowo\u015bci.<\/span><\/p>\n<p><span style=\"text-decoration: underline;\"><strong><a href=\"http:\/\/pl.auschwitz.org\/lekcja\/1\/\" target=\"_blank\">&gt;&gt;&gt;LEKCJA ON-LINE. AUSCHWITZ \u2014 OB\u00d3Z KONCENTRACYJNY I ZAG\u0141ADY&lt;&lt;&lt;<\/a><\/strong><\/span><\/p>\n<p style=\"text-align: left;\"><span style=\"color: #000080;\">Pierwsza wzmianka o zamiarze za\u0142o\u017cenia obozu w Brzezince (Birkenau) wsi po\u0142o\u017conej w s\u0105siedztwie obozu koncentracyjnego Auschwitz zwi\u0105zana jest z pierwsz\u0105 wizytacj\u0105 obozu Auschwitz przeprowadzon\u0105 przez Heinricha Himmlera w dniu 1 marca 1941 r. Jak zanotowa\u0142 w swojej autobiografii by\u0142y komendant obozu Auschwitz, Rudolf H\u00f6ss, w czasie tej wizytacji Himmler wyda\u0142 szereg dyspozycji odno\u015bnie rozbudowy istniej\u0105cego ju\u017c obozu i zatrudnienia wi\u0119\u017ani\u00f3w. W\u015br\u00f3d nowo planowanych obiekt\u00f3w, kt\u00f3re Himmler wymieni\u0142 w\u00f3wczas, znalaz\u0142 si\u0119 \u201eob\u00f3z dla 100 000 je\u0144c\u00f3w wojennych\u201d.<\/span><\/p>\n<p style=\"text-align: left;\"><span style=\"color: #000080;\">Pierwsze projekty i plany obozu przewidywa\u0142y pocz\u0105tkowo umieszczenie w obozie 100-125 000 ludzi. W 1942 roku koncepcja ta uleg\u0142a kilkakrotnie zmianie \u2013 przyj\u0119to mianowicie, \u017ce ob\u00f3z ten b\u0119dzie ostatecznie mie\u015bci\u0142 dwukrotnie wi\u0119cej, bo 200 000 os\u00f3b. Wed\u0142ug tych plan\u00f3w ob\u00f3z mia\u0142 si\u0119 dzieli\u0107 na cztery cz\u0119\u015bci zwane odcinkami budowlanymi (Bauabschnitte), oznaczonymi kolejnymi cyframi rzymskimi: pierwszy odcinek budowlany mia\u0142 mie\u015bci\u0107 20 000 ludzi a pozosta\u0142e trzy odcinki po 60 000 ludzi. Ca\u0142y ob\u00f3z mia\u0142 zajmowa\u0107 powierzchni\u0119 175 hektar\u00f3w.<\/span><\/p>\n<p style=\"text-align: left;\"><span style=\"color: #000080;\">W 1941 r. postanowiono, a w nast\u0119pnym roku uruchomiono w Brzezince, w s\u0105siedztwie budowanego obozu, urz\u0105dzenia masowej zag\u0142ady \u2013 komory gazowe przeznaczone do masowego zabijania \u017byd\u00f3w przywo\u017conych do Brzezinki w ramach realizowanej przez w\u0142adze Trzeciej Rzeszy ca\u0142kowitej zag\u0142ady \u017byd\u00f3w w Europie.<\/span><\/p>\n<hr style=\"height: 15px; background: #d0e6fa; width: 710px;\" \/>\n<div id=\"content\" class=\"  content-alignment&lt;br \/&gt;&lt;br \/&gt; \">\n<div id=\"watch-description\" class=\"yt-uix-button-panel\">\n<div id=\"watch-description-text\">\n<p style=\"text-align: center;\"><span style=\"color: #808080;\"> twoje uwagi, linki, wlasne artykuly, lub wiadomosci przeslij do: <strong><span style=\"text-decoration: underline;\"><span style=\"color: #808080; text-decoration: underline;\"><a href=\"mailto:webmaster@reunion68.com\">webmaster@reunion68.com<\/a><\/span><\/span><\/strong><\/span><\/p>\n<\/div>\n<\/div>\n<\/div>\n<p>&nbsp;<\/p>\n<hr style=\"width: 710px;\" \/>\n","protected":false},"excerpt":{"rendered":"<p>Auschwitz II-Birkenau \u00a0Ob\u00f3z Birkenau by\u0142 najwi\u0119kszym z ponad 40 oboz\u00f3w i podoboz\u00f3w wchodz\u0105cych w sk\u0142ad kompleksu oboz\u00f3w Auschwitz. W czasie 3 lat istnienia pe\u0142ni\u0142 on szereg funkcji: zacz\u0119to go budowa\u0107 w pa\u017adzierniku 1941 r. jako ob\u00f3z dla oko\u0142o 125 000 je\u0144c\u00f3w wojennych, uruchomiono w marcu 1942 r. jako fili\u0119 KL Auschwitz, przy czym pe\u0142ni\u0142 r\u00f3wnocze\u015bnie [&hellip;]<\/p>\n","protected":false},"author":1,"featured_media":0,"comment_status":"closed","ping_status":"closed","sticky":false,"template":"","format":"standard","meta":[],"categories":[4],"tags":[24],"_links":{"self":[{"href":"https:\/\/www.reunion68.se\/index.php?rest_route=\/wp\/v2\/posts\/13385"}],"collection":[{"href":"https:\/\/www.reunion68.se\/index.php?rest_route=\/wp\/v2\/posts"}],"about":[{"href":"https:\/\/www.reunion68.se\/index.php?rest_route=\/wp\/v2\/types\/post"}],"author":[{"embeddable":true,"href":"https:\/\/www.reunion68.se\/index.php?rest_route=\/wp\/v2\/users\/1"}],"replies":[{"embeddable":true,"href":"https:\/\/www.reunion68.se\/index.php?rest_route=%2Fwp%2Fv2%2Fcomments&post=13385"}],"version-history":[{"count":10,"href":"https:\/\/www.reunion68.se\/index.php?rest_route=\/wp\/v2\/posts\/13385\/revisions"}],"predecessor-version":[{"id":13392,"href":"https:\/\/www.reunion68.se\/index.php?rest_route=\/wp\/v2\/posts\/13385\/revisions\/13392"}],"wp:attachment":[{"href":"https:\/\/www.reunion68.se\/index.php?rest_route=%2Fwp%2Fv2%2Fmedia&parent=13385"}],"wp:term":[{"taxonomy":"category","embeddable":true,"href":"https:\/\/www.reunion68.se\/index.php?rest_route=%2Fwp%2Fv2%2Fcategories&post=13385"},{"taxonomy":"post_tag","embeddable":true,"href":"https:\/\/www.reunion68.se\/index.php?rest_route=%2Fwp%2Fv2%2Ftags&post=13385"}],"curies":[{"name":"wp","href":"https:\/\/api.w.org\/{rel}","templated":true}]}}