{"id":13396,"date":"2015-01-26T19:11:24","date_gmt":"2015-01-26T17:11:24","guid":{"rendered":"http:\/\/www.reunion68.se\/?p=13396"},"modified":"2015-01-26T18:00:22","modified_gmt":"2015-01-26T16:00:22","slug":"13396","status":"publish","type":"post","link":"https:\/\/www.reunion68.se\/?p=13396","title":{"rendered":"\u015awiadkowie \u2013 pisarze. Spotkanie z okazji 70. rocznicy wyzwolenia Auschwitz."},"content":{"rendered":"<h5 style=\"text-align: center;\"><a href=\"http:\/\/auschwitz.org\/\" target=\"_blank\"><img decoding=\"async\" class=\"center alignleft\" src=\"http:\/\/www.reunion68.com\/Biuletyn\/img\/birkenau.png\" alt=\"\" \/><\/a><span style=\"text-decoration: underline; color: #000080;\"><span style=\"text-decoration: underline;\"><strong><a style=\"color: #000080; text-decoration: underline;\" href=\"http:\/\/auschwitz.org\/muzeum\/aktualnosci\/swiadkowie-pisarze-spotkanie-z-okazji-70-rocznicy-wyzwolenia-auschwitz-,1688.html\" target=\"_blank\">\u015awiadkowie \u2013 pisarze. Spotkanie z okazji 70. rocznicy wyzwolenia Auschwitz.<\/a><\/strong><\/span><\/span><\/h5>\n<hr style=\"height: 15px; background: #d0e6fa; width: 710px;\" \/>\n<p style=\"text-align: left;\"><span style=\"color: #000080;\">W przededniu 70. rocznicy wyzwolenia niemieckiego nazistowskiego obozu koncentracyjnego i zag\u0142ady Auschwitz w o\u015bwi\u0119cimskiej Galerii Ksi\u0105\u017cki odb\u0119dzie si\u0119 spotkanie z tr\u00f3jk\u0105 by\u0142ych wi\u0119\u017ani\u00f3w obozu. Halina Birenbaum, Zofia Posmysz i Bogdan Bartnikowski to \u015bwiadkowie historii, kt\u00f3rzy swoje do\u015bwiadczenia z czas\u00f3w wojny zawarli w literackich wspomnieniach. Otwarte spotkanie, podczas kt\u00f3rego go\u015bcie opowiedz\u0105 zar\u00f3wno o swoich do\u015bwiadczeniach obozowych, jak i o tw\u00f3rczo\u015bci literackiej, rozpocznie si\u0119 w poniedzia\u0142ek 26 stycznia 2015 r. o godz. 17.00.<\/span><\/p>\n<p style=\"text-align: left;\"><span style=\"color: #000080;\">Halina Birenbaum urodzi\u0142a si\u0119 w 1929 r. w Warszawie. Jako dziecko prze\u017cy\u0142a koszmar warszawskiego getta i oboz\u00f3w: na Majdanku, Auschwitz, Ravensbr\u00fcck i Neustadt-Glewe, gdzie zosta\u0142a wyzwolona w 1945 r. W 1947 r. wyemigrowa\u0142a do Izraela. W 1967 r. ukaza\u0142a si\u0119 jej pierwsza ksi\u0105\u017cka Nadzieja umiera ostatnia b\u0119d\u0105ca zapisem wspomnie\u0144 w czas\u00f3w wojny. W 1991 r. Halina Birenbaum wyda\u0142a drug\u0105 ksi\u0105\u017ck\u0119 Powr\u00f3t do ziemi praojc\u00f3w nast\u0119pnie Ka\u017cdy odzyskany dzie\u0144, Wo\u0142anie o pami\u0119\u0107 i kilka tomik\u00f3w wierszy. Jej tw\u00f3rczo\u015b\u0107 jest \u015bwiadectwem pami\u0119ci o Holokau\u015bcie, ale zarazem te\u017c zachwytem nad \u015bwiatem i wyrazem wiary w podstawowe ludzkie warto\u015bci.<\/span><\/p>\n<div id=\"content\" class=\"  content-alignment&lt;br \/&gt;&lt;br \/&gt; \">\n<div id=\"watch-description\" class=\"yt-uix-button-panel\">\n<div id=\"watch-description-text\"><center><br \/>\n<iframe loading=\"lazy\" src=\"\/\/www.youtube.com\/embed\/TVRMIid9Xiw?feature=player_embedded\" width=\"680\" height=\"400\" frameborder=\"0\" allowfullscreen=\"allowfullscreen\"><\/iframe><\/center><\/div>\n<\/div>\n<\/div>\n<p>&nbsp;<\/p>\n<p style=\"text-align: left;\"><span style=\"color: #000080;\">Zofia Posmysz urodzi\u0142a si\u0119 w 1923 r. w Krakowie. W kwietniu 1942 r. zosta\u0142a aresztowana za posiadanie ulotek i osadzona w wi\u0119zieniu przy ul Montelupich w Krakowie, sk\u0105d w 30 maja zosta\u0142a przewieziona do KL Auschwitz. W styczniu 1945 r. zosta\u0142a ewakuowana do KL Ravensbr\u00fcck i Neustadt-Glewe. Literacko zadebiutowa\u0142a w 1945 r. wspomnieniami Znam kat\u00f3w z Belsen. Rozg\u0142os przynios\u0142o jej s\u0142uchowisko radiowePasa\u017cerka z kabiny 45, na motywach kt\u00f3rego powsta\u0142 film Pasa\u017cerka w re\u017cyserii Andrzeja Munka, a tak\u017ce ksi\u0105\u017cka pod tym samym tytu\u0142em. Zofia Posmysz w 2013 r. zosta\u0142a Honorowym obywatelem miasta O\u015bwi\u0119cim, a we wrze\u015bniu 2014 r. ods\u0142oni\u0142a tablic\u0119 jej po\u015bwi\u0119con\u0105 w Alei Pisarzy przy o\u015bwi\u0119cimskiej Galerii Ksi\u0105\u017cki.<\/span><\/p>\n<p style=\"text-align: left;\"><span style=\"color: #000080;\">Bogdan Bartnikowski urodzi\u0142 si\u0119 w Warszawie w 1932 r. Bra\u0142 czynny udzia\u0142 w Powstaniu Warszawskim. 12 sierpnia 1944 r. zosta\u0142 wywieziony wraz z matk\u0105 do obozu Auschwitz. W styczniu 1945 r. przeniesiono go do obozu w Berlinie-Blankenburgu, gdzie zosta\u0142 wyzwolony 22 kwietnia 1945 r. Po wojnie zosta\u0142 pilotem wojskowym, a tak\u017ce pracowa\u0142 jako dziennikarz. W 1969 r. ukaza\u0142y si\u0119 jego opowiadania o polskich dzieciach w Auschwitz pt.: Dzieci\u0144stwo w pasiakach, kt\u00f3re zosta\u0142y wydane w kilku j\u0119zykach.<\/span><\/p>\n<p style=\"text-align: left;\"><span style=\"color: #000080;\">Organizatorami wydarzenia s\u0105 Pa\u0144stwowe Muzeum Auschwitz-Birkenau oraz Galeria Ksi\u0105\u017cki. Wst\u0119p wolny. Adres: ul. Nojego 2.<\/span><\/p>\n<p style=\"text-align: left;\"><span style=\"color: #000080;\">G\u0142\u00f3wne obchody 70. rocznicy wyzwolenia Auschwitz odb\u0119d\u0105 si\u0119 27 stycznia 2015 r. w namiocie ustawionym przed g\u0142\u00f3wn\u0105 bram\u0105 by\u0142ego obozu Birkenau. Szczeg\u00f3\u0142y znale\u017a\u0107 mo\u017cna na stronie 70.auschwitz.org.<\/span><\/p>\n<hr style=\"height: 15px; background: #d0e6fa; width: 710px;\" \/>\n<div id=\"content\" class=\"  content-alignment&lt;br \/&gt;&lt;br \/&gt; \">\n<div id=\"watch-description\" class=\"yt-uix-button-panel\">\n<div id=\"watch-description-text\">\n<p style=\"text-align: center;\"><span style=\"color: #808080;\"> twoje uwagi, linki, wlasne artykuly, lub wiadomosci przeslij do: <strong><span style=\"text-decoration: underline;\"><span style=\"color: #808080; text-decoration: underline;\"><a href=\"mailto:webmaster@reunion68.com\">webmaster@reunion68.com<\/a><\/span><\/span><\/strong><\/span><\/p>\n<\/div>\n<\/div>\n<\/div>\n<p>&nbsp;<\/p>\n<hr style=\"width: 710px;\" \/>\n","protected":false},"excerpt":{"rendered":"<p>\u015awiadkowie \u2013 pisarze. Spotkanie z okazji 70. rocznicy wyzwolenia Auschwitz. W przededniu 70. rocznicy wyzwolenia niemieckiego nazistowskiego obozu koncentracyjnego i zag\u0142ady Auschwitz w o\u015bwi\u0119cimskiej Galerii Ksi\u0105\u017cki odb\u0119dzie si\u0119 spotkanie z tr\u00f3jk\u0105 by\u0142ych wi\u0119\u017ani\u00f3w obozu. Halina Birenbaum, Zofia Posmysz i Bogdan Bartnikowski to \u015bwiadkowie historii, kt\u00f3rzy swoje do\u015bwiadczenia z czas\u00f3w wojny zawarli w literackich wspomnieniach. Otwarte [&hellip;]<\/p>\n","protected":false},"author":1,"featured_media":0,"comment_status":"closed","ping_status":"closed","sticky":false,"template":"","format":"standard","meta":[],"categories":[4],"tags":[24],"_links":{"self":[{"href":"https:\/\/www.reunion68.se\/index.php?rest_route=\/wp\/v2\/posts\/13396"}],"collection":[{"href":"https:\/\/www.reunion68.se\/index.php?rest_route=\/wp\/v2\/posts"}],"about":[{"href":"https:\/\/www.reunion68.se\/index.php?rest_route=\/wp\/v2\/types\/post"}],"author":[{"embeddable":true,"href":"https:\/\/www.reunion68.se\/index.php?rest_route=\/wp\/v2\/users\/1"}],"replies":[{"embeddable":true,"href":"https:\/\/www.reunion68.se\/index.php?rest_route=%2Fwp%2Fv2%2Fcomments&post=13396"}],"version-history":[{"count":8,"href":"https:\/\/www.reunion68.se\/index.php?rest_route=\/wp\/v2\/posts\/13396\/revisions"}],"predecessor-version":[{"id":13402,"href":"https:\/\/www.reunion68.se\/index.php?rest_route=\/wp\/v2\/posts\/13396\/revisions\/13402"}],"wp:attachment":[{"href":"https:\/\/www.reunion68.se\/index.php?rest_route=%2Fwp%2Fv2%2Fmedia&parent=13396"}],"wp:term":[{"taxonomy":"category","embeddable":true,"href":"https:\/\/www.reunion68.se\/index.php?rest_route=%2Fwp%2Fv2%2Fcategories&post=13396"},{"taxonomy":"post_tag","embeddable":true,"href":"https:\/\/www.reunion68.se\/index.php?rest_route=%2Fwp%2Fv2%2Ftags&post=13396"}],"curies":[{"name":"wp","href":"https:\/\/api.w.org\/{rel}","templated":true}]}}