{"id":13426,"date":"2015-01-28T19:09:41","date_gmt":"2015-01-28T17:09:41","guid":{"rendered":"http:\/\/www.reunion68.se\/?p=13426"},"modified":"2015-01-27T15:06:32","modified_gmt":"2015-01-27T13:06:32","slug":"13426","status":"publish","type":"post","link":"https:\/\/www.reunion68.se\/?p=13426","title":{"rendered":"Szef \u015awiatowego Kongresu \u017byd\u00f3w o polskim antysemityzmie"},"content":{"rendered":"<h5 style=\"text-align: center;\"><a href=\"http:\/\/www.msn.com\/\" target=\"_blank\"><img decoding=\"async\" class=\"center alignleft\" src=\"http:\/\/www.reunion68.com\/Biuletyn\/img\/msn.png\" alt=\"\" \/><\/a><span style=\"text-decoration: underline; color: #000080;\"><span style=\"text-decoration: underline;\"><strong><a style=\"color: #000080; text-decoration: underline;\" href=\"http:\/\/www.msn.com\/pl-pl\/wiadomosci\/opinie\/szef-%C5%9Bwiatowego-kongresu-%C5%BCyd%C3%B3w-o-polskim-antysemityzmie\/ar-AA8yV2j\" target=\"_blank\">Szef \u015awiatowego Kongresu \u017byd\u00f3w o polskim antysemityzmie<\/a><\/strong><\/span><\/span><\/h5>\n<p style=\"text-align: center;\"><span style=\"color: #333333;\"><strong>Jerzy Haszczy\u0144ski<\/strong><\/span><\/p>\n<hr style=\"height: 15px; background: #d0e6fa; width: 710px;\" \/>\n<div style=\"width: 360px\" class=\"wp-caption alignright\"><img decoding=\"async\" class=\"image fs loaded\" title=\"Ronald S. Lauder - worldjewishcongress.org\" src=\"http:\/\/img.s-msn.com\/tenant\/amp\/entityid\/AA8yNy9.img?h=1080&amp;w=1920&amp;m=6&amp;q=60&amp;o=f&amp;l=f&amp;x=180&amp;y=147\" alt=\"Ronald S. Lauder\" width=\"350\" data-src=\"{&quot;default&quot;:&quot;\/\/img.s-msn.com\/tenant\/amp\/entityid\/AA8yNy9.img?h=442&amp;w=948&amp;m=6&amp;q=60&amp;o=f&amp;l=f&amp;x=180&amp;y=147&quot;,&quot;size3column&quot;:&quot;\/\/img.s-msn.com\/tenant\/amp\/entityid\/AA8yNy9.img?h=373&amp;w=624&amp;m=6&amp;q=60&amp;o=f&amp;l=f&amp;x=180&amp;y=147&quot;,&quot;size2column&quot;:&quot;\/\/img.s-msn.com\/tenant\/amp\/entityid\/AA8yNy9.img?h=373&amp;w=624&amp;m=6&amp;q=60&amp;o=f&amp;l=f&amp;x=180&amp;y=147&quot;}\" data-noupdate=\"true\" \/><p class=\"wp-caption-text\"><span style=\"color: #000080;\">Ronald S. Lauder<\/span><\/p><\/div>\n<p style=\"text-align: left;\"><span style=\"color: #333333;\"><strong>Ma\u0142o go dostrzegam w dzisiejszej Polsce \u2013 m\u00f3wi Ronald S. Lauder. I obiecuje wsparcie walki z \u201epolskimi obozami\u201d.<\/strong><\/span><\/p>\n<p style=\"text-align: left;\"><span style=\"color: #000080;\">\u201eRzeczpospolita&#8221; zapyta\u0142a przewodnicz\u0105cego \u015awiatowego Kongresu \u017byd\u00f3w, kt\u00f3ry przyje\u017cd\u017ca na obchody 70. rocznicy wyzwolenia obozu Auschwitz, o to, jak Polska wypada w por\u00f3wnaniu ze star\u0105 Europ\u0105 Zachodni\u0105, je\u017celi chodzi o antysemityzm?<\/span><\/p>\n<p style=\"text-align: left;\"><span style=\"color: #000080;\">Ronald S. Lauder: &#8211; Dostrzeg\u0142em ma\u0142o antysemityzmu w Polsce. Polacy tyle przeszli, widzieli horror w obozach koncentracyjnych, tak \u017ce trudno im ju\u017c si\u0119 widzie\u0107 w roli antysemit\u00f3w. Poza tym spo\u0142eczno\u015b\u0107 \u017cydowska w Polsce jest ma\u0142a w por\u00f3wnaniu z tymi na Zachodzie.<\/span><\/p>\n<p style=\"text-align: left;\"><span style=\"color: #000080;\">Co niepokoi pana w Polsce najbardziej w kwestii antysemityzmu?<\/span><\/p>\n<p style=\"text-align: left;\"><span style=\"color: #000080;\">Tak bardzo si\u0119 nie niepokoj\u0119, bo wsp\u00f3\u0142pracuj\u0119 z polskim rz\u0105dem, kt\u00f3ry jak sadz\u0119, jest bardzo dobry, a ludzie, kt\u00f3rych spotka\u0142em, mi\u0119dzy innymi w mediach, wykazywali tak daleko id\u0105ce zrozumienia dla tego problemu, \u017ce trudno mi powiedzie\u0107, co mnie najbardziej niepokoi. Je\u017celi naprawd\u0119 co\u015b, to boj\u0119 si\u0119 antysemityzmu o podstawach ekonomicznych. Cz\u0119\u015bciowo antysemityzm wynika ze z\u0142ej sytuacji gospodarczej, kt\u00f3ra powoduje, \u017ce ludzie szukaj\u0105 koz\u0142a ofiarnego i znajduj\u0105 go w spo\u0142eczno\u015bci \u017cydowskiej.<\/span><\/p>\n<p style=\"text-align: left;\"><span style=\"color: #000080;\">Jaka jest przysz\u0142o\u015b\u0107 wsp\u00f3lnoty \u017cydowskiej w Polsce?<\/span><\/p>\n<p style=\"text-align: left;\"><span style=\"color: #000080;\">S\u0105dz\u0119, \u017ce b\u0119dzie ros\u0142a. Gdy przyjecha\u0142em do Polski po raz pierwszy, 20-30 lat temu, spo\u0142eczno\u015b\u0107 \u017cydowska by\u0142a bardzo ma\u0142a i bardzo wiekowa. Teraz widz\u0119, w zwi\u0105zku z tym, \u017ce mam szko\u0142\u0119 w Warszawie z \u017cydowskimi uczniami, wzrastaj\u0105c\u0105 ilo\u015b\u0107 rodzin \u017cydowskich w Polsce, co jest wspania\u0142e.<\/span><\/p>\n<p style=\"text-align: left;\"><span style=\"color: #000080;\">Jakie mia\u0142 pan skojarzenia z Polsk\u0105, gdy przyjecha\u0142 pan po raz pierwszy?<\/span><\/p>\n<p style=\"text-align: left;\"><span style=\"color: #000080;\">Wtedy tylko zwi\u0105zane z tragiczn\u0105 histori\u0105, ale im bardziej si\u0119 Polsce przygl\u0105da\u0142em, tym bardziej mi si\u0119 podoba\u0142a. Poznawa\u0142em ludzi mocnych i inteligentnych. O dzisiejszej Polsce mog\u0119 m\u00f3wi\u0107 tylko dobre rzeczy.<\/span><\/p>\n<p style=\"text-align: left;\"><span style=\"color: #000080;\">Polska walczy z niesprawiedliwym i k\u0142amliwym okre\u015bleniem pojawiaj\u0105cym si\u0119 za granic\u0105 \u201epolskie obozy \u015bmierci&#8221;. Jak pan reaguje, gdy pan s\u0142yszy o \u201epolskich obozach&#8221;?<\/span><\/p>\n<p style=\"text-align: left;\"><span style=\"color: #000080;\">Nie wiedzia\u0142em wystarczaj\u0105co du\u017co o tym. Pan napisa\u0142 jeden z artyku\u0142\u00f3w, w kt\u00f3rych ten problem dok\u0142adnie opisano.<\/span><\/p>\n<p style=\"text-align: left;\"><span style=\"color: #000080;\">Mogliby\u015bmy razem co\u015b w tej sprawie zrobi\u0107?<\/span><\/p>\n<p style=\"text-align: left;\"><span style=\"color: #000080;\">Oczywi\u015bcie. My\u015bl\u0119, \u017ce jak si\u0119 spotkamy osobi\u015bcie, to znajdzie pan we mnie dobrego sojusznika.<\/span><\/p>\n<p style=\"text-align: left;\"><span style=\"color: #000080;\">(rozmowa przeprowadzona telefonicznie)<\/span><\/p>\n<p style=\"text-align: left;\"><span style=\"color: #000080;\">Ronald S. Lauder jest przewodnicz\u0105cym \u015awiatowego Kongresu \u017byd\u00f3w, reprezentuj\u0105cego wsp\u00f3lnoty z 100 kraj\u00f3w. Jest filantropem, szefem fundacji swojego imienia, dzia\u0142aj\u0105cej te\u017c w Polsce. W przesz\u0142o\u015bci pracowa\u0142 w administracji ameryka\u0144skiej, by\u0142 ambasadorem USA w Wiedniu. 421 na li\u015bcie najbogatszych ludzi \u015bwiata sporz\u0105dzonej przez \u201eForbesa&#8221; (3.8 mld dolar\u00f3w).<\/span><\/p>\n<hr style=\"height: 15px; background: #d0e6fa; width: 710px;\" \/>\n<div id=\"content\" class=\"  content-alignment&lt;br \/&gt;&lt;br \/&gt; \">\n<div id=\"watch-description\" class=\"yt-uix-button-panel\">\n<div id=\"watch-description-text\">\n<p style=\"text-align: center;\"><span style=\"color: #808080;\"> twoje uwagi, linki, wlasne artykuly, lub wiadomosci przeslij do: <strong><span style=\"text-decoration: underline;\"><span style=\"color: #808080; text-decoration: underline;\"><a href=\"mailto:webmaster@reunion68.com\">webmaster@reunion68.com<\/a><\/span><\/span><\/strong><\/span><\/p>\n<\/div>\n<\/div>\n<\/div>\n<p>&nbsp;<\/p>\n<hr style=\"width: 710px;\" \/>\n","protected":false},"excerpt":{"rendered":"<p>Szef \u015awiatowego Kongresu \u017byd\u00f3w o polskim antysemityzmie Jerzy Haszczy\u0144ski Ma\u0142o go dostrzegam w dzisiejszej Polsce \u2013 m\u00f3wi Ronald S. Lauder. I obiecuje wsparcie walki z \u201epolskimi obozami\u201d. \u201eRzeczpospolita&#8221; zapyta\u0142a przewodnicz\u0105cego \u015awiatowego Kongresu \u017byd\u00f3w, kt\u00f3ry przyje\u017cd\u017ca na obchody 70. rocznicy wyzwolenia obozu Auschwitz, o to, jak Polska wypada w por\u00f3wnaniu ze star\u0105 Europ\u0105 Zachodni\u0105, je\u017celi chodzi [&hellip;]<\/p>\n","protected":false},"author":1,"featured_media":0,"comment_status":"closed","ping_status":"closed","sticky":false,"template":"","format":"standard","meta":[],"categories":[6],"tags":[24],"_links":{"self":[{"href":"https:\/\/www.reunion68.se\/index.php?rest_route=\/wp\/v2\/posts\/13426"}],"collection":[{"href":"https:\/\/www.reunion68.se\/index.php?rest_route=\/wp\/v2\/posts"}],"about":[{"href":"https:\/\/www.reunion68.se\/index.php?rest_route=\/wp\/v2\/types\/post"}],"author":[{"embeddable":true,"href":"https:\/\/www.reunion68.se\/index.php?rest_route=\/wp\/v2\/users\/1"}],"replies":[{"embeddable":true,"href":"https:\/\/www.reunion68.se\/index.php?rest_route=%2Fwp%2Fv2%2Fcomments&post=13426"}],"version-history":[{"count":11,"href":"https:\/\/www.reunion68.se\/index.php?rest_route=\/wp\/v2\/posts\/13426\/revisions"}],"predecessor-version":[{"id":13428,"href":"https:\/\/www.reunion68.se\/index.php?rest_route=\/wp\/v2\/posts\/13426\/revisions\/13428"}],"wp:attachment":[{"href":"https:\/\/www.reunion68.se\/index.php?rest_route=%2Fwp%2Fv2%2Fmedia&parent=13426"}],"wp:term":[{"taxonomy":"category","embeddable":true,"href":"https:\/\/www.reunion68.se\/index.php?rest_route=%2Fwp%2Fv2%2Fcategories&post=13426"},{"taxonomy":"post_tag","embeddable":true,"href":"https:\/\/www.reunion68.se\/index.php?rest_route=%2Fwp%2Fv2%2Ftags&post=13426"}],"curies":[{"name":"wp","href":"https:\/\/api.w.org\/{rel}","templated":true}]}}