{"id":13567,"date":"2015-01-31T19:09:03","date_gmt":"2015-01-31T17:09:03","guid":{"rendered":"http:\/\/www.reunion68.se\/?p=13567"},"modified":"2015-01-30T16:25:58","modified_gmt":"2015-01-30T14:25:58","slug":"13567","status":"publish","type":"post","link":"https:\/\/www.reunion68.se\/?p=13567","title":{"rendered":"Anty bez granic &#8211; Sprawd\u017a, czy jeste\u015b antysemit\u0105"},"content":{"rendered":"<h5 style=\"text-align: center;\"><a href=\"http:\/\/www.polityka.pl\/\" target=\"_blank\"><img decoding=\"async\" class=\"center alignleft\" src=\"http:\/\/www.reunion68.com\/Biuletyn\/img\/polityka.jpg\" alt=\"\" \/><\/a><span style=\"text-decoration: underline; color: #000080;\"><span style=\"text-decoration: underline;\"><strong><a style=\"color: #000080; text-decoration: underline;\" href=\"http:\/\/www.polityka.pl\/tygodnikpolityka\/swiat\/1581389,1,czy-jestes-antysemita.read\" target=\"_blank\">Anty bez granic &#8211; Sprawd\u017a, czy jeste\u015b antysemit\u0105<\/a><\/strong><\/span><\/span><\/h5>\n<p style=\"text-align: center;\"><strong><span style=\"color: #333333;\">Adam Szostkiewicz, J\u0119drzej Winiecki,<\/span><\/strong><\/p>\n<hr style=\"height: 15px; background: #d0e6fa; width: 710px;\" \/>\n<p style=\"text-align: left;\"><span style=\"color: #333333;\"><strong>Ankieta: Czy zgadzasz si\u0119 z opini\u0105, \u017ce:<\/strong><\/span><\/p>\n<p style=\"text-align: left;\"><strong><span style=\"color: #333333;\">1. \u017bydzi s\u0105 bardziej lojalni wzgl\u0119dem Izraela ni\u017c kraju w\u0142asnego zamieszkania<\/span><\/strong><br \/>\n<strong><span style=\"color: #333333;\"> 2. Maj\u0105 zbyt wielk\u0105 w\u0142adz\u0119 na mi\u0119dzynarodowych rynkach finansowych<\/span><\/strong><br \/>\n<strong><span style=\"color: #333333;\"> 3. Maj\u0105 za du\u017cy wp\u0142yw na sprawy \u015bwiata<\/span><\/strong><br \/>\n<strong><span style=\"color: #333333;\"> 4. Uwa\u017caj\u0105 si\u0119 za lepszych ni\u017c inne narody<\/span><\/strong><br \/>\n<strong><span style=\"color: #333333;\"> 5. Maj\u0105 za du\u017cy wp\u0142yw na globalne media<\/span><\/strong><br \/>\n<strong><span style=\"color: #333333;\"> 6. Ponosz\u0105 odpowiedzialno\u015b\u0107 za wi\u0119kszo\u015b\u0107 wojen na \u015bwiecie<\/span><\/strong><br \/>\n<strong><span style=\"color: #333333;\"> 7. Maj\u0105 za du\u017co w\u0142adzy w \u015bwiecie biznesu<\/span><\/strong><br \/>\n<strong><span style=\"color: #333333;\"> 8. Nic ich nie obchodz\u0105 inni, martwi\u0105 si\u0119 tylko o swoich<\/span><\/strong><br \/>\n<strong><span style=\"color: #333333;\"> 9. Ludzie ich nienawidz\u0105 wskutek tego, jak \u017bydzi post\u0119puj\u0105<\/span><\/strong><br \/>\n<strong><span style=\"color: #333333;\"> 10. Maj\u0105 oni za du\u017cy wp\u0142yw na w\u0142adze USA<\/span><\/strong><br \/>\n<strong><span style=\"color: #333333;\"> 11. Ci\u0105gle za du\u017co m\u00f3wi\u0105 o tym, co im si\u0119 zdarzy\u0142o podczas Holocaustu<\/span><\/strong><\/p>\n<p style=\"text-align: left;\"><span style=\"color: #000080;\">Jak interpretowa\u0107 wyniki ankiety, czytaj w tek\u015bcie.<\/span><\/p>\n<p style=\"text-align: left;\"><span style=\"color: #000080;\">Na te same pytania od lipca 2013 r. do lutego tego roku odpowiedzia\u0142o telefonicznie i bezpo\u015brednio 53 tys. os\u00f3b ze 101 kraj\u00f3w, z wyj\u0105tkiem Izraela, ale ze Stref\u0105 Gazy i Zachodnim Brzegiem. W ten spos\u00f3b powsta\u0142o pierwsze tak szeroko zakrojone badanie nad antysemityzmem. Raport ma odzwierciedla\u0107 pogl\u0105dy blisko 6 mld ludzi, przepytano mieszka\u0144c\u00f3w 9 z 10 najludniejszych pa\u0144stw, z pierwszej dziesi\u0105tki pomini\u0119to tylko Pakistan. Zleceniodawcom chodzi\u0142o o zgromadzenie danych z ca\u0142ego \u015bwiata, stworzenie indeksu antysemityzmu, aby na jego podstawie wypracowa\u0107 skuteczniejsze metody walki z postawami i uprzedzeniami anty\u017cydowskimi. U\u015bredniony indeks dla \u015bwiata wynosi 26 proc., co oznacza, \u017ce antysemitami w rozumieniu raportu ma by\u0107 1,09 mld doros\u0142ych os\u00f3b. To tak\u017ce indeks ignorancji \u2013 dojmuj\u0105ce, \u017ce ponad jedna czwarta z owego miliarda z ok\u0142adem nigdy w swoim \u017cyciu \u017byda nie spotka\u0142a.<\/span><\/p>\n<div style=\"width: 360px\" class=\"wp-caption alignright\"><a title=\"MS\/Polityka\" href=\"\/\/static.polityka.pl\/_resource\/res\/path\/01\/45\/014559d9-72f0-40ad-b073-00777bdae9e3_900x\" target=\"_blank\"><img decoding=\"async\" src=\"\/\/static.polityka.pl\/_resource\/res\/path\/01\/45\/014559d9-72f0-40ad-b073-00777bdae9e3_470x\" alt=\"\" width=\"350\" \/><\/a><p class=\"wp-caption-text\"><span style=\"color: #000080;\">MS\/Polityka<\/span><\/p><\/div>\n<p style=\"text-align: left;\"><span style=\"color: #000080;\">Inicjatorem i patronem przedsi\u0119wzi\u0119cia by\u0142a \u017cydowska organizacja z USA, Liga Przeciwko Znies\u0142awieniu (Anti-Defamation League ADL). Podczas majowej prezentacji indeksu jej szef Abraham Foxman powiedzia\u0142, \u017ce raport daje wyobra\u017cenie, jak g\u0142\u0119boko zakorzenione s\u0105 uprzedzenia anty\u017cydowskie. Doda\u0142, \u017ce w erze wspania\u0142ych mo\u017cliwo\u015bci zdobywania informacji i 70 lat po tragedii zag\u0142ady \u017byd\u00f3w w Europie mo\u017cna by oczekiwa\u0107, \u017ce poziom antysemityzmu b\u0119dzie niski. \u201eNiestety, wyniki s\u0105 w tym sensie otrze\u017awiaj\u0105ce. Z zebranych danych jasno wynika, \u017ce granice narodowe, kulturowe, religijne i ekonomiczne nie s\u0105 przeszkod\u0105 dla plotki i pom\u00f3wienia\u201d.<\/span><\/p>\n<p style=\"text-align: left;\"><span style=\"color: #000080;\">Wyprzedzaj\u0105c krytyk\u0119, Foxman podkre\u015bli\u0142, \u017ce Liga jest bardzo czu\u0142a na punkcie wiarygodno\u015bci: \u201edzia\u0142ali\u015bmy sumiennie i z wielk\u0105 ostro\u017cno\u015bci\u0105, wyniki s\u0105 raczej niedoszacowane ni\u017c przeszacowane\u201d. Nie pytano go, jak ocenia wiarygodno\u015b\u0107 bada\u0144 nad antysemityzmem prowadzonych przez instytucj\u0119 \u017cydowsk\u0105 i finansowan\u0105 przez \u017byda, gdy\u017c takie pytanie zabrzmia\u0142oby antysemicko. W ko\u0144cu czemu dezawuowa\u0107 badania antysemityzmu tylko dlatego, \u017ce og\u0142asza je organizacja walcz\u0105ca z antysemityzmem? Trzeba Lidze odda\u0107, \u017ce ranking mo\u017ce i ma mankamenty metodologiczne, ale jest pierwszy i dostarcza por\u00f3wnywalne dane.<\/span><\/p>\n<p style=\"text-align: left;\"><span style=\"color: #000080;\">Badanie przeprowadzi\u0142a i opracowa\u0142a w formie globalnego indeksu (the ADL Global 100: An Index of Anti-Semitism) ameryka\u0144ska firma badania opinii publicznej Anzalone Liszt Grove \u00adResearch, pod nadzorem First International \u00adResources. P\u0142aci\u0142 miliarder i filantrop \u00adLeonard Stern, potentat bran\u017cy deweloperskiej. Ile badania kosztowa\u0142y, nie podano do wiadomo\u015bci, cho\u0107 wiadomo, \u017ce przez d\u0142u\u017cszy czas ADL nie by\u0142a w stanie sfinansowa\u0107 badania z w\u0142asnych \u015brodk\u00f3w. Liga ma siedzib\u0119 w Nowym Jorku, a powsta\u0142a w USA w 1913 r. do walki z oczernianiem narodu \u017cydowskiego w imi\u0119 sprawiedliwo\u015bci i r\u00f3wnego traktowania wszystkich obywateli. Ma w Ameryce i \u015bwiecie zachodnim znaczenie opiniotw\u00f3rcze i nale\u017cy do najwa\u017cniejszych i cenionych wsp\u00f3\u0142czesnych \u017cydowskich organizacji pozarz\u0105dowych. Na jej wz\u00f3r niekt\u00f3rzy przedstawiciele Polonii chcieli prowadzi\u0107 walk\u0119 z antypolskimi stereotypami w \u015bwiecie zachodnim. ADL ma oczywi\u015bcie krytyk\u00f3w, kt\u00f3rzy przypominaj\u0105, \u017ce np. pod wp\u0142ywem jej nacisk\u00f3w polski konsulat w USA zrezygnowa\u0142 ze spotkania z Tonym Judtem, znanym brytyjskim historykiem i publicyst\u0105 \u017cydowskiego pochodzenia, kt\u00f3ry krytykowa\u0142 polityk\u0119 Izraela w kwestii palesty\u0144skiej.<\/span><\/p>\n<p style=\"text-align: right;\"><span style=\"color: #000080;\">Czytaj dalej tu: <span style=\"text-decoration: underline;\"><strong><a style=\"color: #000080; text-decoration: underline;\" href=\"http:\/\/www.polityka.pl\/tygodnikpolityka\/swiat\/1581389,1,czy-jestes-antysemita.read\" target=\"_blank\">Anty bez granic&#8230;<\/a><\/strong><\/span><\/span><\/p>\n<hr style=\"height: 15px; background: #d0e6fa; width: 710px;\" \/>\n<div id=\"content\" class=\"  content-alignment&lt;br \/&gt;&lt;br \/&gt; \">\n<div id=\"watch-description\" class=\"yt-uix-button-panel\">\n<div id=\"watch-description-text\">\n<p style=\"text-align: center;\"><span style=\"color: #808080;\"> twoje uwagi, linki, wlasne artykuly, lub wiadomosci przeslij do: <strong><span style=\"text-decoration: underline;\"><span style=\"color: #808080; text-decoration: underline;\"><a href=\"mailto:webmaster@reunion68.com\">webmaster@reunion68.com<\/a><\/span><\/span><\/strong><\/span><\/p>\n<\/div>\n<\/div>\n<\/div>\n<p>&nbsp;<\/p>\n<hr style=\"width: 710px;\" \/>\n","protected":false},"excerpt":{"rendered":"<p>Anty bez granic &#8211; Sprawd\u017a, czy jeste\u015b antysemit\u0105 Adam Szostkiewicz, J\u0119drzej Winiecki, Ankieta: Czy zgadzasz si\u0119 z opini\u0105, \u017ce: 1. \u017bydzi s\u0105 bardziej lojalni wzgl\u0119dem Izraela ni\u017c kraju w\u0142asnego zamieszkania 2. Maj\u0105 zbyt wielk\u0105 w\u0142adz\u0119 na mi\u0119dzynarodowych rynkach finansowych 3. Maj\u0105 za du\u017cy wp\u0142yw na sprawy \u015bwiata 4. Uwa\u017caj\u0105 si\u0119 za lepszych ni\u017c inne narody [&hellip;]<\/p>\n","protected":false},"author":1,"featured_media":0,"comment_status":"closed","ping_status":"closed","sticky":false,"template":"","format":"standard","meta":[],"categories":[6],"tags":[24],"_links":{"self":[{"href":"https:\/\/www.reunion68.se\/index.php?rest_route=\/wp\/v2\/posts\/13567"}],"collection":[{"href":"https:\/\/www.reunion68.se\/index.php?rest_route=\/wp\/v2\/posts"}],"about":[{"href":"https:\/\/www.reunion68.se\/index.php?rest_route=\/wp\/v2\/types\/post"}],"author":[{"embeddable":true,"href":"https:\/\/www.reunion68.se\/index.php?rest_route=\/wp\/v2\/users\/1"}],"replies":[{"embeddable":true,"href":"https:\/\/www.reunion68.se\/index.php?rest_route=%2Fwp%2Fv2%2Fcomments&post=13567"}],"version-history":[{"count":19,"href":"https:\/\/www.reunion68.se\/index.php?rest_route=\/wp\/v2\/posts\/13567\/revisions"}],"predecessor-version":[{"id":13580,"href":"https:\/\/www.reunion68.se\/index.php?rest_route=\/wp\/v2\/posts\/13567\/revisions\/13580"}],"wp:attachment":[{"href":"https:\/\/www.reunion68.se\/index.php?rest_route=%2Fwp%2Fv2%2Fmedia&parent=13567"}],"wp:term":[{"taxonomy":"category","embeddable":true,"href":"https:\/\/www.reunion68.se\/index.php?rest_route=%2Fwp%2Fv2%2Fcategories&post=13567"},{"taxonomy":"post_tag","embeddable":true,"href":"https:\/\/www.reunion68.se\/index.php?rest_route=%2Fwp%2Fv2%2Ftags&post=13567"}],"curies":[{"name":"wp","href":"https:\/\/api.w.org\/{rel}","templated":true}]}}