{"id":13702,"date":"2015-02-04T19:05:00","date_gmt":"2015-02-04T17:05:00","guid":{"rendered":"http:\/\/www.reunion68.se\/?p=13702"},"modified":"2015-02-02T16:44:43","modified_gmt":"2015-02-02T14:44:43","slug":"13702","status":"publish","type":"post","link":"https:\/\/www.reunion68.se\/?p=13702","title":{"rendered":"Korepetycje ze zgrozy"},"content":{"rendered":"<h5 style=\"text-align: center;\"><a href=\"http:\/\/www.polityka.pl\/\" target=\"_blank\"><img decoding=\"async\" class=\"center alignleft\" src=\"http:\/\/www.reunion68.com\/Biuletyn\/img\/polityka.jpg\" alt=\"\" \/><\/a><span style=\"text-decoration: underline; color: #000080;\"><span style=\"text-decoration: underline;\"><strong><a style=\"color: #000080; text-decoration: underline;\" href=\"http:\/\/www.polityka.pl\/tygodnikpolityka\/historia\/1521695,1,judeopolonia-wg-michnika.read\" target=\"_blank\">Korepetycje ze zgrozy (Judeopolonia wg Michnika)<\/a><\/strong><\/span><\/span><\/h5>\n<p style=\"text-align: center;\"><span style=\"color: #333333;\"><strong>Adam Krzemi\u0144ski, <\/strong>8 grudnia 2011<\/span><\/p>\n<hr style=\"height: 15px; background: #d0e6fa; width: 710px;\" \/>\n<div style=\"width: 360px\" class=\"wp-caption alignright\"><img decoding=\"async\" src=\"\/\/static.polityka.pl\/_resource\/res\/path\/28\/24\/282459cc-04fa-4a19-a7bf-2f6208a2cb12_470x\" alt=\"Jeszcze 10 lat temu 11,6 proc. Polak\u00f3w wierzy\u0142o, \u017ce nar\u00f3d \u017cydowski ponosi zbiorow\u0105 odpowiedzialno\u015b\u0107 za ukrzy\u017cowanie Jezusa, a co czwarty (27 proc.), \u017ce \u017bydzi potajemnie d\u0105\u017c\u0105 do przej\u0119cia w\u0142adzy nad \u015bwiatem.\" width=\"350\" \/><p class=\"wp-caption-text\"><span style=\"color: #000080;\">Jeszcze 10 lat temu 11,6 proc. Polak\u00f3w wierzy\u0142o, \u017ce nar\u00f3d \u017cydowski ponosi zbiorow\u0105 odpowiedzialno\u015b\u0107 za ukrzy\u017cowanie Jezusa, a co czwarty (27 proc.), \u017ce \u017bydzi potajemnie d\u0105\u017c\u0105 do przej\u0119cia w\u0142adzy nad \u015bwiatem.<\/span><\/p><\/div>\n<p style=\"text-align: left;\"><span style=\"color: #333333;\"><strong>Uwagi na marginesie antologii Adama Michnika \u201ePrzeciw antysemityzmowi 1936\u20132009\u201d.<\/strong><\/span><\/p>\n<p style=\"text-align: left;\"><span style=\"color: #000080;\">Kilka tygodni po \u015bmierci Gabriela Narutowicza wybitny polski j\u0119zykoznawca Jan Baudouin de Courtenay pisa\u0142: \u201ePolska jest od dawna Judeo-Polsk\u0105 i tak\u0105 te\u017c pozostanie. Za po\u015brednictwem chrze\u015bcija\u0144stwa \u017cydostwo w\u017car\u0142o si\u0119 g\u0142\u0119boko w polsko\u015b\u0107. A nawet musimy przyj\u0105\u0107 a\u017c trzy Judeo-Polski.<\/span><\/p>\n<p style=\"text-align: left;\"><span style=\"color: #000080;\">Pierwsza to wytw\u00f3r historii, ze \u015bladami w kulturze, literaturze, \u015bwiatopogl\u0105dzie i nastroju religijnym. Mniej wi\u0119cej lat temu tysi\u0105c przyw\u0119drowa\u0142a ona z Zachodu. Wysz\u0142a niegdy\u015b z Palestyny, usadowi\u0142a si\u0119 w Rzymie, a przez Niemcy i Czechy trafi\u0142a do Polski. To Judeo-Polska organist\u00f3w, pastuszk\u00f3w, kantyczek, kol\u0119d. Judeo-Polska chrze\u015bcija\u0144stwa.<\/span><\/p>\n<p style=\"text-align: left;\"><span style=\"color: #000080;\">Druga to Judeo-Polska rozdarcia, wzajemnego szczucia, nienawi\u015bci, wa\u015bni, Judeo-Polska \u017carcia si\u0119, gryzienia si\u0119, podszczuwaczy i sfanatyzowanej gawiedzi.<\/span><\/p>\n<p style=\"text-align: left;\"><span style=\"color: #000080;\">I wreszcie ta trzecia Judeo-Polska opami\u0119tania si\u0119, pogodzenia si\u0119, zgodnego i spokojnego wsp\u00f3\u0142\u017cycia i wsp\u00f3lnej pracy obywatelskiej, Judeo-Polska Ko\u015bciuszki i Berka Joselewicza, Towia\u0144skiego i Mickiewicza, Asnyka, Gomulickiego, Orzeszkowej i Konopnickiej, kr\u00f3tkotrwa\u0142ej epoki reform Wielopolskiego, Judeo-Polska przysz\u0142o\u015bci \u2013 Polska r\u00f3wnouprawnienia i wsp\u00f3\u0142pracy obywatelskiej\u201d.<\/span><\/p>\n<p style=\"text-align: left;\"><span style=\"color: #333333;\"><strong>Zastrzyk wiedzy<\/strong><\/span><\/p>\n<p style=\"text-align: left;\"><span style=\"color: #000080;\">Pierwszy prezydent wolnej Polski zosta\u0142 zamordowany, bo g\u0142osowali na niego tak\u017ce pos\u0142owie \u017cydowscy. Dla endeckiej prawicy by\u0142 to dow\u00f3d, \u017ce oto ziszcza si\u0119 ich zmora: zamiast narodowego pa\u0144stwa prawdziwych Polak\u00f3w powstaje jaka\u015b szemrana Judeo-Polonia, w kt\u00f3rej \u017bydzi decyduj\u0105, kto ma by\u0107 g\u0142ow\u0105 pa\u0144stwa.<\/span><\/p>\n<p style=\"text-align: left;\"><span style=\"color: #000080;\">Mimo \u017ce \u017bydzi \u017cyli w Polsce od wiek\u00f3w i przed rozbiorami zostali uznani za samodzielny stan \u2013 obok rycerstwa, duchowie\u0144stwa, mieszcza\u0144stwa i ch\u0142op\u00f3w \u2013 to jednak do \u201enarodu politycznego\u201d (podobnie zreszt\u0105 jak ch\u0142opi i po cz\u0119\u015bci mieszczanie) nie nale\u017celi. A Konstytucja 3 maja nie zd\u0105\u017cy\u0142a zintegrowa\u0107 mieszka\u0144c\u00f3w Rzeczpospolitej w jeden nar\u00f3d obywatelski. I cho\u0107 w XIX w. nie brakowa\u0142o dowod\u00f3w solidarno\u015bci polsko-\u017cydowskiej, zar\u00f3wno w postawie rewolucyjnych romantyk\u00f3w, jak i ugodowych realist\u00f3w czy liberalnych pozytywist\u00f3w, to jednak po rozbiorach nawet tak \u015bwiat\u0142ych my\u015blicieli jak Niemcewicz czy Krasi\u0144ski dr\u0119czy\u0142 majak Judeo-Polonii zdominowanej przez obcoplemiennych. Ten l\u0119k wzm\u00f3g\u0142 si\u0119 pod koniec XIX w., gdy w\u0142adze carskie wypycha\u0142y nad Wis\u0142\u0119 \u201elitwak\u00f3w\u201d, \u017byd\u00f3w kresowych maj\u0105cych mniejszy kontakt ni\u017c pozostali z kultur\u0105 polsk\u0105. Zarazem podobnie jak Polacy-Litwini, Ukrai\u0144cy czy Bia\u0142orusini przejawiali w\u0142asne aspiracje narodowe. Przed pierwsz\u0105 wojn\u0105 \u015bwiatow\u0105 ten wy\u015bcig narodowych egoizm\u00f3w sta\u0142 si\u0119 si\u0142\u0105 nap\u0119dow\u0105 gwa\u0142townych konflikt\u00f3w etnicznych, kt\u00f3re po 1918 r. zosta\u0142y przeniesione do II Rzeczpospolitej, gdzie jedn\u0105 trzeci\u0105 ludno\u015bci stanowi\u0142y mniejszo\u015bci narodowe, w tym 3,5-milionowa spo\u0142eczno\u015b\u0107 \u017cydowska \u2013 10 proc. ludno\u015bci kraju.<\/span><\/p>\n<p style=\"text-align: left;\"><span style=\"color: #000080;\">O ile jednak niech\u0119\u0107 do Niemc\u00f3w, Rosjan, Ukrai\u0144c\u00f3w, Litwin\u00f3w czy Czech\u00f3w wy\u0142adowywa\u0142a si\u0119 w Polsce w wojnach o granice pa\u0144stwa, o tyle zderzenie polsko-\u017cydowskie by\u0142o konfliktem wewn\u0119trznym z odwiecznym s\u0105siadem, kt\u00f3ry wed\u0142ug polskich narodowc\u00f3w nie by\u0142 s\u0105siadem, lecz cia\u0142em obcym, wrogiem wewn\u0119trznym. Stacjami tego zderzenia w Polsce mi\u0119dzywojennej by\u0142y pogromy w latach 1918\u201319, bojkot sklep\u00f3w i stragan\u00f3w \u017cydowskich, oenerowskie has\u0142o \u201ebij \u017byda\u201d, getto \u0142awkowe i usuwanie \u017byd\u00f3w ze stanowisk.<\/span><\/p>\n<p style=\"text-align: right;\"><span style=\"color: #000080;\">Czytaj dalej tu: <a style=\"color: #000080; text-decoration: underline;\" href=\"http:\/\/www.polityka.pl\/tygodnikpolityka\/historia\/1521695,1,judeopolonia-wg-michnika.read\" target=\"_blank\"><span style=\"text-decoration: underline;\"><strong>Korepetycje ze zgrozy..<\/strong><\/span>.<\/a><\/span><\/p>\n<hr style=\"height: 15px; background: #d0e6fa; width: 710px;\" \/>\n<div id=\"content\" class=\"  content-alignment&lt;br \/&gt;&lt;br \/&gt; \">\n<div id=\"watch-description\" class=\"yt-uix-button-panel\">\n<div id=\"watch-description-text\">\n<p style=\"text-align: center;\"><span style=\"color: #808080;\"> twoje uwagi, linki, wlasne artykuly, lub wiadomosci przeslij do: <strong><span style=\"text-decoration: underline;\"><span style=\"color: #808080; text-decoration: underline;\"><a href=\"mailto:webmaster@reunion68.com\">webmaster@reunion68.com<\/a><\/span><\/span><\/strong><\/span><\/p>\n<\/div>\n<\/div>\n<\/div>\n<p>&nbsp;<\/p>\n<hr style=\"width: 710px;\" \/>\n","protected":false},"excerpt":{"rendered":"<p>Korepetycje ze zgrozy (Judeopolonia wg Michnika) Adam Krzemi\u0144ski, 8 grudnia 2011 Uwagi na marginesie antologii Adama Michnika \u201ePrzeciw antysemityzmowi 1936\u20132009\u201d. Kilka tygodni po \u015bmierci Gabriela Narutowicza wybitny polski j\u0119zykoznawca Jan Baudouin de Courtenay pisa\u0142: \u201ePolska jest od dawna Judeo-Polsk\u0105 i tak\u0105 te\u017c pozostanie. Za po\u015brednictwem chrze\u015bcija\u0144stwa \u017cydostwo w\u017car\u0142o si\u0119 g\u0142\u0119boko w polsko\u015b\u0107. A nawet musimy [&hellip;]<\/p>\n","protected":false},"author":1,"featured_media":0,"comment_status":"closed","ping_status":"closed","sticky":false,"template":"","format":"standard","meta":[],"categories":[6],"tags":[24],"_links":{"self":[{"href":"https:\/\/www.reunion68.se\/index.php?rest_route=\/wp\/v2\/posts\/13702"}],"collection":[{"href":"https:\/\/www.reunion68.se\/index.php?rest_route=\/wp\/v2\/posts"}],"about":[{"href":"https:\/\/www.reunion68.se\/index.php?rest_route=\/wp\/v2\/types\/post"}],"author":[{"embeddable":true,"href":"https:\/\/www.reunion68.se\/index.php?rest_route=\/wp\/v2\/users\/1"}],"replies":[{"embeddable":true,"href":"https:\/\/www.reunion68.se\/index.php?rest_route=%2Fwp%2Fv2%2Fcomments&post=13702"}],"version-history":[{"count":16,"href":"https:\/\/www.reunion68.se\/index.php?rest_route=\/wp\/v2\/posts\/13702\/revisions"}],"predecessor-version":[{"id":13719,"href":"https:\/\/www.reunion68.se\/index.php?rest_route=\/wp\/v2\/posts\/13702\/revisions\/13719"}],"wp:attachment":[{"href":"https:\/\/www.reunion68.se\/index.php?rest_route=%2Fwp%2Fv2%2Fmedia&parent=13702"}],"wp:term":[{"taxonomy":"category","embeddable":true,"href":"https:\/\/www.reunion68.se\/index.php?rest_route=%2Fwp%2Fv2%2Fcategories&post=13702"},{"taxonomy":"post_tag","embeddable":true,"href":"https:\/\/www.reunion68.se\/index.php?rest_route=%2Fwp%2Fv2%2Ftags&post=13702"}],"curies":[{"name":"wp","href":"https:\/\/api.w.org\/{rel}","templated":true}]}}