{"id":1377,"date":"2014-05-20T00:51:31","date_gmt":"2014-05-19T22:51:31","guid":{"rendered":"http:\/\/www.reunion68.se\/?p=1377"},"modified":"2014-05-20T19:05:42","modified_gmt":"2014-05-20T17:05:42","slug":"odslony-wystawy-glownej-galeria-powojnie","status":"publish","type":"post","link":"https:\/\/www.reunion68.se\/?p=1377","title":{"rendered":"Ods\u0142ony wystawy g\u0142\u00f3wnej &#8211; galeria \u201ePowojnie\u201d"},"content":{"rendered":"<p>&nbsp;<\/p>\n<p><img decoding=\"async\" class=\"alignleft\" src=\"http:\/\/www.reunion68.com\/Biuletyn\/img\/MHZP.jpg\" alt=\"\" \/><\/p>\n<h3 style=\"text-align: center;\"><strong><span style=\"text-decoration: underline;\"><span style=\"color: #000080; text-decoration: underline;\"><a href=\"http:\/\/www.jewishmuseum.org.pl\/pl\/wydarzenie\/odslony-wystawy-glownej-galeria-powojnie?d=0\" target=\"_blank\"><span style=\"color: #000080; text-decoration: underline;\">Ods\u0142ony wystawy g\u0142\u00f3wnej &#8211; galeria \u201ePowojnie\u201d<\/span><\/a><\/span><\/span><\/strong><\/h3>\n<p><img decoding=\"async\" class=\"alignright\" src=\"http:\/\/www.jewishmuseum.org.pl\/sites\/default\/files\/styles\/isohead_8\/public\/pictures\/odslony_v.jpg?itok=i67ByrTF\" alt=\"\" width=\"300\" \/><span style=\"color: #000080;\">Ostatnie z cyklu spotka\u0144, podczas kt\u00f3rych naukowcy i kuratorzy opowiadaj\u0105 o wyzwaniach, z jakimi mierzyli si\u0119 w trakcie tworzenia wystawy g\u0142\u00f3wnej. Tym razem wyk\u0142ad po\u015bwi\u0119cony b\u0119dzie galerii \u201ePowojnie\u201d w Muzeum Historii \u017byd\u00f3w Polskich. Wyg\u0142osi go prof. Stanis\u0142aw Krajewski.<\/span><\/p>\n<p style=\"text-align: left;\"><span style=\"color: #000080;\">Czy po wojnie w Polsce s\u0105 jeszcze \u017bydzi? \u2013 pytaj\u0105 jedni. \u2013 \u017bydzi w Polsce s\u0105 i rz\u0105dz\u0105 \u2013 odpowiadaj\u0105 niekt\u00f3rzy. Powojenne emigracje, stalinizm, Marzec 1968 nie pozwoli\u0142y na pe\u0142n\u0105 odbudow\u0119 \u017cycia \u017cydowskiego w Polsce. Jednak \u017bydzi, cho\u0107 nieliczni, zawsze byli w Polsce widoczni: w elicie w\u0142adzy, w opozycji, w kulturze, w krajowych debatach. Wi\u0119kszo\u015b\u0107 znanych os\u00f3b o \u017cydowskich korzeniach by\u0142a bardzo odleg\u0142a od \u017cycia \u017cydowskiego. Jak takich ludzi pokazywa\u0107? Jak powojenne dzieje \u017byd\u00f3w zosta\u0142y opowiedziane na wystawie g\u0142\u00f3wnej w Muzeum Historii \u017byd\u00f3w Polskich?<\/span><\/p>\n<p style=\"text-align: left;\"><span style=\"color: #000080;\">czytaj wiecej tu &#8230;<\/span> <span style=\"text-decoration: underline;\"><strong><span style=\"color: #000080; text-decoration: underline;\"><a href=\"http:\/\/www.jewishmuseum.org.pl\/pl\/wydarzenie\/odslony-wystawy-glownej-galeria-powojnie?d=0\" target=\"_blank\"><span style=\"color: #000080; text-decoration: underline;\">Ods\u0142ony wystawy g\u0142\u00f3wnej &#8211; galeria \u201ePowojnie\u201d<\/span><\/a><\/span><\/strong><\/span><\/p>\n<p style=\"text-align: left;\">\n<hr>\n","protected":false},"excerpt":{"rendered":"<p>&nbsp; Ods\u0142ony wystawy g\u0142\u00f3wnej &#8211; galeria \u201ePowojnie\u201d Ostatnie z cyklu spotka\u0144, podczas kt\u00f3rych naukowcy i kuratorzy opowiadaj\u0105 o wyzwaniach, z jakimi mierzyli si\u0119 w trakcie tworzenia wystawy g\u0142\u00f3wnej. Tym razem wyk\u0142ad po\u015bwi\u0119cony b\u0119dzie galerii \u201ePowojnie\u201d w Muzeum Historii \u017byd\u00f3w Polskich. Wyg\u0142osi go prof. Stanis\u0142aw Krajewski. Czy po wojnie w Polsce s\u0105 jeszcze \u017bydzi? \u2013 pytaj\u0105 [&hellip;]<\/p>\n","protected":false},"author":1,"featured_media":0,"comment_status":"closed","ping_status":"closed","sticky":false,"template":"","format":"standard","meta":[],"categories":[4],"tags":[24],"_links":{"self":[{"href":"https:\/\/www.reunion68.se\/index.php?rest_route=\/wp\/v2\/posts\/1377"}],"collection":[{"href":"https:\/\/www.reunion68.se\/index.php?rest_route=\/wp\/v2\/posts"}],"about":[{"href":"https:\/\/www.reunion68.se\/index.php?rest_route=\/wp\/v2\/types\/post"}],"author":[{"embeddable":true,"href":"https:\/\/www.reunion68.se\/index.php?rest_route=\/wp\/v2\/users\/1"}],"replies":[{"embeddable":true,"href":"https:\/\/www.reunion68.se\/index.php?rest_route=%2Fwp%2Fv2%2Fcomments&post=1377"}],"version-history":[{"count":11,"href":"https:\/\/www.reunion68.se\/index.php?rest_route=\/wp\/v2\/posts\/1377\/revisions"}],"predecessor-version":[{"id":1422,"href":"https:\/\/www.reunion68.se\/index.php?rest_route=\/wp\/v2\/posts\/1377\/revisions\/1422"}],"wp:attachment":[{"href":"https:\/\/www.reunion68.se\/index.php?rest_route=%2Fwp%2Fv2%2Fmedia&parent=1377"}],"wp:term":[{"taxonomy":"category","embeddable":true,"href":"https:\/\/www.reunion68.se\/index.php?rest_route=%2Fwp%2Fv2%2Fcategories&post=1377"},{"taxonomy":"post_tag","embeddable":true,"href":"https:\/\/www.reunion68.se\/index.php?rest_route=%2Fwp%2Fv2%2Ftags&post=1377"}],"curies":[{"name":"wp","href":"https:\/\/api.w.org\/{rel}","templated":true}]}}