{"id":13807,"date":"2015-02-04T19:02:59","date_gmt":"2015-02-04T17:02:59","guid":{"rendered":"http:\/\/www.reunion68.se\/?p=13807"},"modified":"2015-02-02T14:38:50","modified_gmt":"2015-02-02T12:38:50","slug":"arabskie-echa-zamachow-w-paryzu-zima-po-wiosnie","status":"publish","type":"post","link":"https:\/\/www.reunion68.se\/?p=13807","title":{"rendered":"Arabskie echa zamach\u00f3w w Pary\u017cu &#8211; Zima po wio\u015bnie"},"content":{"rendered":"<h5 style=\"text-align: center;\"><a href=\"http:\/\/www.polityka.pl\/\" target=\"_blank\"><img decoding=\"async\" class=\"center alignleft\" src=\"http:\/\/www.reunion68.com\/Biuletyn\/img\/polityka.jpg\" alt=\"\" \/><\/a><span style=\"text-decoration: underline; color: #000080;\"><span style=\"text-decoration: underline;\"><strong><a style=\"color: #000080; text-decoration: underline;\" href=\"http:\/\/www.polityka.pl\/tygodnikpolityka\/swiat\/1605967,1,arabskie-echa-zamachow-w-paryzu.read\" target=\"_blank\">Arabskie echa zamach\u00f3w w Pary\u017cu &#8211; Zima po wio\u015bnie<\/a><\/strong><\/span><\/span><\/h5>\n<p style=\"text-align: center;\"><span style=\"color: #808080;\"><strong><span style=\"color: #333333;\">Joanna Podg\u00f3rska,<\/span><br \/>\n<\/strong><\/span><\/p>\n<hr style=\"height: 15px; background: #d0e6fa; width: 710px;\" \/>\n<p><img decoding=\"async\" class=\" alignright\" src=\"\/\/static.polityka.pl\/_resource\/res\/path\/cc\/03\/cc039829-a2e0-48fa-90e6-a1f813eb2891_f665x355\" alt=\"\" width=\"350\" border=\"1\" \/><\/p>\n<p style=\"text-align: left;\"><span style=\"color: #333333;\"><strong>Joanna Podg\u00f3rska: \u2013 Gdy dosz\u0142o do zamach\u00f3w 11 wrze\u015bnia, w krajach muzu\u0142ma\u0144skich ludzie ta\u0144czyli z rado\u015bci na ulicach. Jakie by\u0142o w Egipcie echo strza\u0142\u00f3w w paryskiej redakcji \u201eCharlie Hebdo\u201d?<\/strong><\/span><\/p>\n<p style=\"text-align: left;\"><strong>Piotr Ibrahim Kalwas:<\/strong> <span style=\"color: #000080;\">\u2013 Je\u015bli chodzi o przeci\u0119tnych Egipcjan, to w\u0142a\u015bciwie nie by\u0142o \u017cadnej reakcji. Na placu Tahrir i w paru innych miejscach w Kairze odby\u0142y si\u0119 wiece protestacyjne, g\u0142\u00f3wnie dziennikarzy, intelektualist\u00f3w, artyst\u00f3w. Zbiera\u0142o si\u0119 po kilkaset os\u00f3b z d\u0142ugopisami, o\u0142\u00f3wkami demonstrowa\u0107 w obronie wolno\u015bci s\u0142owa. Tak jak w Europie, tylko na du\u017co mniejsz\u0105 skal\u0119. Egipt ma tyle w\u0142asnych problem\u00f3w i k\u0142opot\u00f3w, \u017ce to wydarzenie przesz\u0142o troch\u0119 bokiem. Francja jest daleko, a zamachy terrorystyczne na Synaju to codzienno\u015b\u0107. Chc\u0119 jednak podkre\u015bli\u0107, \u017ce ani razu \u2013 ani w mediach, ani w rozmowach z lud\u017ami \u2013 nie spotka\u0142em si\u0119 z \u017cadnym wyrazem poparcia dla terroryst\u00f3w. Inna rzecz, \u017ce w moim otoczeniu nie ma fundamentalist\u00f3w ani d\u017cihadyst\u00f3w.<\/span><\/p>\n<p style=\"text-align: left;\"><span style=\"color: #333333;\"><strong>Czy przeci\u0119tni Egipcjanie boj\u0105 si\u0119 fundamentalist\u00f3w?<\/strong><\/span><br \/>\n<span style=\"color: #000080;\">Strasznie. Najlepszy dow\u00f3d, \u017ce obalili rz\u0105d Bractwa Muzu\u0142ma\u0144skiego w tzw. drugiej rewolucji po upadku Mubaraka. Miliony ludzi wysz\u0142y na ulic\u0119, a do tego dopiero do\u0142\u0105czy\u0142a si\u0119 armia. Bo to nie by\u0142o tak, jak m\u00f3wi si\u0119 w Europie, \u017ce to by\u0142 jaki\u015b zamach czy pucz wojskowy. Zacz\u0119\u0142o si\u0119 od protest\u00f3w spo\u0142ecznych. Egipcjanie to bardzo specyficzny nar\u00f3d na tle innych kraj\u00f3w arabskich. Jeden z najbardziej wierz\u0105cych, bogobojnych i praktykuj\u0105cych islam, a z drugiej strony absolutnie odrzucaj\u0105cy wszelk\u0105 teokracj\u0119. Wi\u0119kszo\u015b\u0107 po prostu boi si\u0119 rz\u0105d\u00f3w islamist\u00f3w.<\/span><\/p>\n<p style=\"text-align: left;\"><strong>Ale egipska rewolucja, kt\u00f3ra przynios\u0142a wolno\u015b\u0107, jednocze\u015bnie te demony fundamentalizmu wywo\u0142a\u0142a.<\/strong><br \/>\n<span style=\"color: #000080;\">On wyszed\u0142 z podziemia. To ten sam mechanizm, kt\u00f3ry zadzia\u0142a\u0142 w Iraku po obaleniu Husajna czy teraz w Syrii po rozbiciu pa\u0144stwa Asada. Tylko \u017ce tamto to skrajne przypadki rozmontowania pa\u0144stwa policyjnego, kt\u00f3re trzyma\u0142o wszystkich za twarz. W Egipcie rz\u0105d Mubaraka te\u017c trzyma\u0142 za twarz wszelkich fundamentalist\u00f3w, d\u017cihadyst\u00f3w czy salafit\u00f3w. Bractwo Muzu\u0142ma\u0144skie nie mog\u0142o przecie\u017c legalnie dzia\u0142a\u0107. Po upadku Mubaraka wszystkie te si\u0142y wype\u0142z\u0142y na \u015bwiat\u0142o dzienne.<\/span><\/p>\n<p style=\"text-align: left;\"><strong><span style=\"color: #333333;\">Podobno jeden z najbardziej dynamicznie rozwijaj\u0105cych si\u0119 dzi\u015b w Egipcie nurt\u00f3w islamu to salafici. Kim oni s\u0105?<\/span><\/strong><br \/>\n<span style=\"color: #000080;\">To archaiczny, ultrakonserwatywny pr\u0105d my\u015blowy, oparty na surowej wyk\u0142adni islamu pierwszych muzu\u0142man\u00f3w. Odczytuje \u015bwi\u0119te teksty literalnie i d\u0105\u017cy do tego, by wszystko by\u0142o jak p\u00f3\u0142tora tysi\u0105ca lat temu. Odwo\u0142uje si\u0119 do salafu, czyli przodk\u00f3w. Za czas\u00f3w Mubaraka salafizm by\u0142 bardzo niemile widziany przez w\u0142adze, a jego wyznawcy trafiali do wi\u0119zie\u0144, byli inwigilowani, kontrolowani. W pierwszej fazie rewolucji salafici odci\u0119li si\u0119 od niej, bo wed\u0142ug ich wyk\u0142adni islamu rewolucje s\u0105 haram, czyli zakazane, potem jednak do\u0142\u0105czyli do rewolty, nie chc\u0105c wypa\u015b\u0107 z politycznej sceny. Z pocz\u0105tku popierali Bractwo Muzu\u0142ma\u0144skie ze wzgl\u0119du na blisko\u015b\u0107 pogl\u0105d\u00f3w, cho\u0107 rywalizowali z nim o rz\u0105d dusz. Potem dokonali wolty, poparli armi\u0119 i prezydenta Sisiego. W wyborach parlamentarnych partie z nimi zwi\u0105zane dosta\u0142y 28 proc. g\u0142os\u00f3w. To powa\u017cna si\u0142a polityczna.<\/span><\/p>\n<p style=\"text-align: left;\"><span style=\"color: #000080;\">Rz\u0105d wojskowy pr\u00f3buje prowadzi\u0107 stabiln\u0105 polityk\u0119. Z jednej strony kontrolowa\u0107 i zamyka\u0107 najbardziej radykalnych fundamentalist\u00f3w z Bractwa Muzu\u0142ma\u0144skiego, a z drugiej nie prze\u015bladowa\u0107 \u015brodowisk religijnych, bo te maj\u0105 poparcie w\u015br\u00f3d ludzi. Ja wiem, \u017ce to wszystko dla Europejczyka brzmi dziwnie. Wojsko obala demokratycznie wybrany rz\u0105d Bractwa Muzu\u0142ma\u0144skiego, a jednocze\u015bnie jest gwarantem demokracji. Ale do Egiptu, jak i wszystkich kraj\u00f3w Bliskiego Wschodu, nie mo\u017cna stosowa\u0107 europejskich miar. Zach\u00f3d powinien pami\u0119ta\u0107, \u017ce blisko stuletnia historia Bractwa Muzu\u0142ma\u0144skiego to historia terroryzmu i przemocy. Ja jestem przekonany, \u017ce marsza\u0142ek Sisi uratowa\u0142 kraj od wojny domowej i chaosu.<\/span><\/p>\n<p style=\"text-align: left;\"><span style=\"color: #333333;\"><strong>Sk\u0105d si\u0119 bierze si\u0142a fanatyzmu nap\u0119dzaj\u0105ca terroryzm, dla Europejczyk\u00f3w zupe\u0142nie niepoj\u0119ta?<\/strong><\/span><br \/>\n<span style=\"color: #000080;\">Jest wiele czynnik\u00f3w, ale przede wszystkim z wyk\u0142adni islamu. Tu si\u0119 nie ma co oszukiwa\u0107. Muzu\u0142manie staj\u0105 na g\u0142owie i kombinuj\u0105, jak mog\u0105, \u017ce to nie jest wina religii, a terroryzm to nie islamizm i nie ma nic z islamem wsp\u00f3lnego; \u017ce to jakie\u015b wypaczenie. Prawda jest taka, \u017ce zamach\u00f3w dokonuj\u0105 muzu\u0142manie, kt\u00f3rzy do okrutnych dzia\u0142a\u0144 czerpi\u0105 inspiracje r\u00f3wnie\u017c z wyk\u0142adni islamu obowi\u0105zuj\u0105cej od setek lat. W tej wyk\u0142adni jest du\u017co przemocy, ona jest w hadisach, w Koranie. To tkwi tam niezmiennie, niepoddane nowej interpretacji, niepotraktowane symbolicznie czy alegorycznie. W islamie od niepami\u0119tnych czas\u00f3w dominuje literalizm religijny. Fundamentali\u015bci z tego korzystaj\u0105. To nie tylko nauka ich imam\u00f3w z piek\u0142a rodem, to tak\u017ce, niestety, po trosze jest przekaz mainstreamowego islamu. Dlatego wyk\u0142adnia islamu wymaga reformy, o kt\u00f3rej m\u00f3wi\u0142 ostatnio prezydent Sisi.<\/span><\/p>\n<p style=\"text-align: right;\"><span style=\"color: #000080;\">Czytaj dalej tu: <span style=\"text-decoration: underline;\"><strong><a style=\"color: #000080; text-decoration: underline;\" href=\"http:\/\/www.polityka.pl\/tygodnikpolityka\/swiat\/1605967,1,arabskie-echa-zamachow-w-paryzu.read\" target=\"_blank\">Arabskie echa&#8230;<\/a><\/strong><\/span><\/span><\/p>\n<hr style=\"height: 15px; background: #d0e6fa; width: 710px;\" \/>\n<div id=\"content\" class=\"  content-alignment&lt;br \/&gt;&lt;br \/&gt; \">\n<div id=\"watch-description\" class=\"yt-uix-button-panel\">\n<div id=\"watch-description-text\">\n<p style=\"text-align: center;\"><span style=\"color: #808080;\"> twoje uwagi, linki, wlasne artykuly, lub wiadomosci przeslij do: <strong><span style=\"text-decoration: underline;\"><span style=\"color: #808080; text-decoration: underline;\"><a href=\"mailto:webmaster@reunion68.com\">webmaster@reunion68.com<\/a><\/span><\/span><\/strong><\/span><\/p>\n<\/div>\n<\/div>\n<\/div>\n<p>&nbsp;<\/p>\n<hr style=\"width: 710px;\" \/>\n","protected":false},"excerpt":{"rendered":"<p>Arabskie echa zamach\u00f3w w Pary\u017cu &#8211; Zima po wio\u015bnie Joanna Podg\u00f3rska, Joanna Podg\u00f3rska: \u2013 Gdy dosz\u0142o do zamach\u00f3w 11 wrze\u015bnia, w krajach muzu\u0142ma\u0144skich ludzie ta\u0144czyli z rado\u015bci na ulicach. Jakie by\u0142o w Egipcie echo strza\u0142\u00f3w w paryskiej redakcji \u201eCharlie Hebdo\u201d? Piotr Ibrahim Kalwas: \u2013 Je\u015bli chodzi o przeci\u0119tnych Egipcjan, to w\u0142a\u015bciwie nie by\u0142o \u017cadnej reakcji. [&hellip;]<\/p>\n","protected":false},"author":1,"featured_media":0,"comment_status":"closed","ping_status":"closed","sticky":false,"template":"","format":"standard","meta":[],"categories":[6],"tags":[24],"_links":{"self":[{"href":"https:\/\/www.reunion68.se\/index.php?rest_route=\/wp\/v2\/posts\/13807"}],"collection":[{"href":"https:\/\/www.reunion68.se\/index.php?rest_route=\/wp\/v2\/posts"}],"about":[{"href":"https:\/\/www.reunion68.se\/index.php?rest_route=\/wp\/v2\/types\/post"}],"author":[{"embeddable":true,"href":"https:\/\/www.reunion68.se\/index.php?rest_route=\/wp\/v2\/users\/1"}],"replies":[{"embeddable":true,"href":"https:\/\/www.reunion68.se\/index.php?rest_route=%2Fwp%2Fv2%2Fcomments&post=13807"}],"version-history":[{"count":23,"href":"https:\/\/www.reunion68.se\/index.php?rest_route=\/wp\/v2\/posts\/13807\/revisions"}],"predecessor-version":[{"id":13830,"href":"https:\/\/www.reunion68.se\/index.php?rest_route=\/wp\/v2\/posts\/13807\/revisions\/13830"}],"wp:attachment":[{"href":"https:\/\/www.reunion68.se\/index.php?rest_route=%2Fwp%2Fv2%2Fmedia&parent=13807"}],"wp:term":[{"taxonomy":"category","embeddable":true,"href":"https:\/\/www.reunion68.se\/index.php?rest_route=%2Fwp%2Fv2%2Fcategories&post=13807"},{"taxonomy":"post_tag","embeddable":true,"href":"https:\/\/www.reunion68.se\/index.php?rest_route=%2Fwp%2Fv2%2Ftags&post=13807"}],"curies":[{"name":"wp","href":"https:\/\/api.w.org\/{rel}","templated":true}]}}