{"id":13876,"date":"2015-02-03T19:09:12","date_gmt":"2015-02-03T17:09:12","guid":{"rendered":"http:\/\/www.reunion68.se\/?p=13876"},"modified":"2015-02-03T18:05:02","modified_gmt":"2015-02-03T16:05:02","slug":"13876","status":"publish","type":"post","link":"https:\/\/www.reunion68.se\/?p=13876","title":{"rendered":"Portret w autoportrecie. Samuel Finkelstein"},"content":{"rendered":"<h5 style=\"text-align: center;\"><a href=\"http:\/\/www.jhi.pl\/\" target=\"_blank\"><img decoding=\"async\" class=\"center alignleft\" src=\"http:\/\/www.reunion68.com\/Biuletyn\/img\/zih-1.png\" alt=\"\" \/><\/a><span style=\"text-decoration: underline; color: #000080;\"><span style=\"text-decoration: underline;\"><strong><a style=\"color: #000080; text-decoration: underline;\" href=\"http:\/\/www.jhi.pl\/blog\/2015-02-02-portret-w-autoportrecie-samuel-finkelstein\" target=\"_blank\">Portret w autoportrecie. Samuel Finkelstein<\/a><\/strong><\/span><\/span><\/h5>\n<hr style=\"height: 15px; background: #d0e6fa; width: 710px;\" \/>\n<p style=\"text-align: left;\"><span style=\"color: #000080;\">Na wystawie \u201eOcala\u0142e. Kolekcja malarstwa, rysunku, rze\u017aby ze zbior\u00f3w \u017bydowskiego Instytutu Historycznego\u201d prezentowanych jest kilka obraz\u00f3w utalentowanego malarza i rysownika Samuela Finkelsteina (1891 w Sandomierzu \u2013 1942 w Treblince?). W\u015br\u00f3d nich szczeg\u00f3lne miejsce zajmuj\u0105 (jak i w jego tw\u00f3rczo\u015bci w og\u00f3le) wizerunek w\u0142asny oraz portret starej kobiety.<\/span><\/p>\n<p><img decoding=\"async\" class=\" aligncenter\" src=\"http:\/\/www.jhi.pl\/uploads\/image\/file\/6592\/wide_Screen_Shot_2015-02-02_at_10.25.15.png\" alt=\"Wide screen shot 2015 02 02 at 10.25.15\" width=\"700\" border=\"1\" data-2x-src=\"\/uploads\/image\/file\/6592\/wide_Screen_Shot_2015-02-02_at_10.25.15@2x.png\" \/><\/p>\n<p><span style=\"color: #000080;\">Na wystawie \u201eOcala\u0142e. Kolekcja malarstwa, rysunku, rze\u017aby ze zbior\u00f3w \u017bydowskiego Instytutu Historycznego\u201d prezentowanych jest kilka obraz\u00f3w utalentowanego malarza i rysownika Samuela Finkelsteina (1891 w Sandomierzu \u2013 1942 w Treblince?). W\u015br\u00f3d nich szczeg\u00f3lne miejsce zajmuj\u0105 (jak i w jego tw\u00f3rczo\u015bci w og\u00f3le) wizerunek w\u0142asny oraz portret starej kobiety<\/span><\/p>\n<p><img decoding=\"async\" class=\" aligncenter\" src=\"http:\/\/www.jhi.pl\/uploads\/image\/file\/6593\/medium_Screen_Shot_2015-02-02_at_10.25.30.png\" alt=\"Medium screen shot 2015 02 02 at 10.25.30\" border=\"1\" data-2x-src=\"\/uploads\/image\/file\/6593\/medium_Screen_Shot_2015-02-02_at_10.25.30@2x.png\" \/><\/p>\n<p style=\"text-align: left;\"><span style=\"color: #000080;\">Samuel Finkelstein, tak jak wielu innych malarzy, mia\u0142 z pocz\u0105tku obrany zaw\u00f3d zupe\u0142nie niezwi\u0105zany z artystycznymi drogami, maj\u0105cy mu zapewni\u0107 przede wszystkim dobr\u0105 p\u0142ac\u0119 i stabilizacj\u0119. Jego ojciec by\u0142 kupcem. Mia\u0142 nim te\u017c zosta\u0107 Samuel. Jednak po czterech lat nauki w szkole handlowej w rodzinnej \u0141odzi, po zgromadzeniu dostatecznej ilo\u015bci wewn\u0119trznej si\u0142y, zdecydowa\u0142 o porzuceniu wyznaczonej wcze\u015bniej drogi prowadz\u0105cej go do solidnego zawodu. Z wielk\u0105 ochot\u0105 wst\u0105pi\u0142 na do\u015b\u0107 niepewn\u0105 \u015bcie\u017ck\u0119 malarskiej kariery, zapewne na przek\u00f3r rodzicielskim upomnieniom. Studia malarskie odby\u0142 pod kierunkiem Wojciecha Weissa w Akademii Sztuk Pi\u0119knych w Krakowie (ale sp\u0119dzi\u0142 na tej uczelni tylko jeden rok akademicki 1913\/1914). Krak\u00f3w nie sprosta\u0142 jego aspiracjom. Finkelstein przeni\u00f3s\u0142 si\u0119 do Wiednia na s\u0142ynn\u0105 Akademi\u0119 Sztuk Pi\u0119knych. Sp\u0119dzi\u0142 tam sze\u015b\u0107 semestr\u00f3w \u2013 od semestru zimowego 1915\/16 roku do semestru letniego 1918. Z akt osobowych przechowywanych w archiwum wiede\u0144skiej Akademii wiemy, \u017ce gdy zaczyna\u0142 studia w stolicy Austro-W\u0119gier to jego ojciec ju\u017c nie \u017cy\u0142. \u017by\u0142a tylko matka. Zdaje si\u0119, \u017ce to smutne wydarzenie umo\u017cliwi\u0142o Finkelsteinowi podj\u0119cie studi\u00f3w zgodnych z jego zainteresowaniami i temperamentem.<\/span><\/p>\n<p style=\"text-align: left;\"><span style=\"color: #000080;\">W Wiedniu uczy\u0142 si\u0119 malarstwa i rysunku u tuz\u00f3w tamtejszej Akademii, profesor\u00f3w Juliusa Schmida, Rudolfa Bachera, Rudolfa Jettmara, Josefa Jungwirtha i Hansa Tichy\u2019ego. Finkelstein nigdy jednak nie uzyska\u0142 dyplomu, mimo \u017ce jego nauka trwa\u0142a tyle czasu, ile wymagano (wliczaj\u0105c w to studia krakowskie). Nie wiadomo, dlaczego nie sfinalizowa\u0142 studi\u00f3w.<\/span><\/p>\n<p style=\"text-align: left;\"><span style=\"color: #000080;\">Swoje \u017cycie prywatne i zawodowe zwi\u0105za\u0142 z \u0141odzi\u0105, gdzie mieszka\u0142a matka i inni krewni. Tam te\u017c najcz\u0119\u015bciej wystawia\u0142 swoje obrazy, jednak nie ogranicza\u0142 si\u0119 tylko do salon\u00f3w i galerii tego miasta. Wzi\u0105\u0142 udzia\u0142 m.in. w Salonie Wiosennym Sztuki \u017bydowskiej w Warszawie w 1927 r., czy wielokrotnie w Krakowie w tamtejszym Towarzystwie Przyjaci\u00f3\u0142 Sztuk Pi\u0119knych.<\/span><\/p>\n<p style=\"text-align: right;\"><span style=\"color: #000080;\">Czytaj dalej tu: <strong><a style=\"color: #000080; text-decoration: underline;\" href=\"http:\/\/www.jhi.pl\/blog\/2015-02-02-portret-w-autoportrecie-samuel-finkelstein\" target=\"_blank\">Portret w autoportrecie&#8230;<\/a><\/strong><\/span><\/p>\n<hr style=\"height: 15px; background: #d0e6fa; width: 710px;\" \/>\n<div id=\"content\" class=\"  content-alignment&lt;br \/&gt;&lt;br \/&gt; \">\n<div id=\"watch-description\" class=\"yt-uix-button-panel\">\n<div id=\"watch-description-text\">\n<p style=\"text-align: center;\"><span style=\"color: #808080;\"> twoje uwagi, linki, wlasne artykuly, lub wiadomosci przeslij do: <strong><span style=\"text-decoration: underline;\"><span style=\"color: #808080; text-decoration: underline;\"><a href=\"mailto:webmaster@reunion68.com\">webmaster@reunion68.com<\/a><\/span><\/span><\/strong><\/span><\/p>\n<\/div>\n<\/div>\n<\/div>\n<p>&nbsp;<\/p>\n<hr style=\"width: 710px;\" \/>\n","protected":false},"excerpt":{"rendered":"<p>Portret w autoportrecie. Samuel Finkelstein Na wystawie \u201eOcala\u0142e. Kolekcja malarstwa, rysunku, rze\u017aby ze zbior\u00f3w \u017bydowskiego Instytutu Historycznego\u201d prezentowanych jest kilka obraz\u00f3w utalentowanego malarza i rysownika Samuela Finkelsteina (1891 w Sandomierzu \u2013 1942 w Treblince?). W\u015br\u00f3d nich szczeg\u00f3lne miejsce zajmuj\u0105 (jak i w jego tw\u00f3rczo\u015bci w og\u00f3le) wizerunek w\u0142asny oraz portret starej kobiety. Na wystawie \u201eOcala\u0142e. [&hellip;]<\/p>\n","protected":false},"author":1,"featured_media":0,"comment_status":"closed","ping_status":"closed","sticky":false,"template":"","format":"standard","meta":[],"categories":[4],"tags":[24],"_links":{"self":[{"href":"https:\/\/www.reunion68.se\/index.php?rest_route=\/wp\/v2\/posts\/13876"}],"collection":[{"href":"https:\/\/www.reunion68.se\/index.php?rest_route=\/wp\/v2\/posts"}],"about":[{"href":"https:\/\/www.reunion68.se\/index.php?rest_route=\/wp\/v2\/types\/post"}],"author":[{"embeddable":true,"href":"https:\/\/www.reunion68.se\/index.php?rest_route=\/wp\/v2\/users\/1"}],"replies":[{"embeddable":true,"href":"https:\/\/www.reunion68.se\/index.php?rest_route=%2Fwp%2Fv2%2Fcomments&post=13876"}],"version-history":[{"count":18,"href":"https:\/\/www.reunion68.se\/index.php?rest_route=\/wp\/v2\/posts\/13876\/revisions"}],"predecessor-version":[{"id":13888,"href":"https:\/\/www.reunion68.se\/index.php?rest_route=\/wp\/v2\/posts\/13876\/revisions\/13888"}],"wp:attachment":[{"href":"https:\/\/www.reunion68.se\/index.php?rest_route=%2Fwp%2Fv2%2Fmedia&parent=13876"}],"wp:term":[{"taxonomy":"category","embeddable":true,"href":"https:\/\/www.reunion68.se\/index.php?rest_route=%2Fwp%2Fv2%2Fcategories&post=13876"},{"taxonomy":"post_tag","embeddable":true,"href":"https:\/\/www.reunion68.se\/index.php?rest_route=%2Fwp%2Fv2%2Ftags&post=13876"}],"curies":[{"name":"wp","href":"https:\/\/api.w.org\/{rel}","templated":true}]}}