{"id":14190,"date":"2015-02-11T19:09:24","date_gmt":"2015-02-11T17:09:24","guid":{"rendered":"http:\/\/www.reunion68.se\/?p=14190"},"modified":"2015-02-12T14:06:17","modified_gmt":"2015-02-12T12:06:17","slug":"piec-twarzy-marty-frej","status":"publish","type":"post","link":"https:\/\/www.reunion68.se\/?p=14190","title":{"rendered":"Pi\u0119\u0107 twarzy Marty Frej"},"content":{"rendered":"<h5 style=\"text-align: center;\"><a href=\"http:\/\/czestochowa.gazeta.pl\/\" target=\"_blank\"><img decoding=\"async\" class=\"center alignleft\" src=\"http:\/\/www.reunion68.com\/Biuletyn\/img\/czesto1.png\" alt=\"\" \/><\/a><span style=\"text-decoration: underline; color: #000080;\"><span style=\"text-decoration: underline;\"><strong><a style=\"color: #000080; text-decoration: underline;\" href=\"http:\/\/czestochowa.gazeta.pl\/czestochowa\/56,35271,17368801,Matka__malarka__aktywistka__feministka__artystka_.html\" target=\"_blank\">Matka, malarka, aktywistka, feministka, ateistka. Pi\u0119\u0107 twarzy Marty Frej <\/a><\/strong><\/span><\/span><\/h5>\n<p style=\"text-align: center;\"><span style=\"color: #333333;\"><strong>Tekst Zuzanna Suliga, fotografie Grzegorz Skowronek, grafiki Marta Frej<\/strong><\/span><\/p>\n<hr style=\"height: 15px; background: #d0e6fa; width: 710px;\" \/>\n<p style=\"text-align: center;\"><strong><span style=\"color: #333333;\">Matka, malarka, aktywistka, feministka, ateistka. Pi\u0119\u0107 twarzy Marty Frej<\/span><\/strong><\/p>\n<p style=\"text-align: left;\"><strong><span style=\"color: #000080;\">Kim jest kobieta, o kt\u00f3rej zrobi\u0142o si\u0119 tak g\u0142o\u015bno?<\/span><\/strong><\/p>\n<p style=\"text-align: left;\"><strong><span style=\"color: #000080;\">Cz\u0119stochowianka Marta Frej ma r\u00f3\u017cne twarze &#8211; jak bohater erotycznego bestselleru Christian Grey. Kto\u015b inny zestawiony z tym ksi\u0105\u017ckowo-filmowym bo\u017cyszczem pewnie by si\u0119 obruszy\u0142, ale nie ona. &#8211; \u015awiadome nawi\u0105zanie do popularnej szmiry le\u017cy w duchu mojej postmodernistycznej tw\u00f3rczo\u015bci, opartej na cytatach i odniesieniach &#8211; m\u00f3wi. I mo\u017ce za to poczucie humoru i bezpo\u015brednio\u015b\u0107 ceni j\u0105 tyle os\u00f3b. A najbardziej kobiety.<\/span><\/strong><\/p>\n<div style=\"width: 700px\" class=\"wp-caption aligncenter\"><img decoding=\"async\" src=\"http:\/\/bi.gazeta.pl\/im\/02\/90\/10\/z17368834Q.jpg\" alt=\"03.02.2015 Czestochowa , ulica Slaska . Marta Frej , malarka , rysowniczka i performerka . Fot . Grzegorz Skowronek \/ Agencja Gazeta  SLOWA KLUCZOWE: frej sztuka kobieta kot\" width=\"690\" \/><p class=\"wp-caption-text\"><span style=\"color: #000080;\">Marta Frej , malarka , rysowniczka i performerka . Fot . Grzegorz Skowronek \/ Agencja Gazeta <\/span><\/p><\/div>\n<p style=\"text-align: left;\"><span style=\"color: #000080;\">Wystarczy spojrze\u0107 na liczby. 36 719 os\u00f3b lubi jej profil na Facebooku (stan na 5 lutego). 95 proc. to kobiety, przewa\u017cnie w wieku 25-32 lata. Publikowane tu pop-artowe memy s\u0105 komentowane, oceniane, posy\u0142ane dalej. W ci\u0105gu dnia mog\u0105 zdoby\u0107 nawet 4 tys. lajk\u00f3w. Udost\u0119pnia je \u015brednio ponad tysi\u0105c os\u00f3b. Kto\u015b wyliczy\u0142, \u017ce nowy mem w ci\u0105gu pierwszych 10 minut od udost\u0119pnienia zdobywa \u015brednio sto &#8220;polubie\u0144&#8221;.<\/span><\/p>\n<p style=\"text-align: left;\"><span style=\"color: #000080;\">To du\u017co, bo Frej nie serwuje rzeczy \u0142atwych, nie boi si\u0119 dra\u017cliwych temat\u00f3w, potrafi wsadzi\u0107 kij w mrowisko. Dotyka seksizmu, homofobii, dewocji.<\/span><br \/>\n<span style=\"color: #000080;\"> &#8211; To zainteresowanie jest bardzo mi\u0142e. Zw\u0142aszcza, \u017ce dla artysty bardzo wa\u017cny jest feedback. Sygna\u0142, \u017ce to co robi podoba si\u0119, \u017ce kto\u015b to zauwa\u017cy\u0142 i jest to dla niego wa\u017cne. Dla mnie to stymuluj\u0105ce &#8211; zaznacza Frej. &#8211; Cho\u0107 nie sadz\u0119, \u017ceby przekaz zawarty w memie m\u00f3g\u0142 zmieni\u0107 czyje\u015b pogl\u0105dy. Moje memy s\u0105 robione w ramach dowcipu, chc\u0119 przemyca\u0107 istotne sprawy, ale nie krzycz\u0119 z nienawi\u015bci\u0105 i pian\u0105 na pysku. Nie nauczam i nie pouczam innych. Mrugam okiem i namawiam, \u017ceby\u015bmy wsp\u00f3lnie zastanowili si\u0119 nad sprawami, kt\u00f3re nie daj\u0105 mi spokoju. Nie oczekuj\u0119 od sztuki, \u017ceby bezpo\u015brednio zmienia\u0142a rzeczywisto\u015b\u0107, ale by prowokowa\u0142a do namys\u0142u, do debaty, kt\u00f3re po\u015brednio zaowocuj\u0105 konkretnymi rozwi\u0105zaniami i zmianami.<\/span><\/p>\n<p style=\"text-align: left;\"><img decoding=\"async\" class=\"center aligncenter\" src=\"http:\/\/www.reunion68.com\/Biuletyn\/M-Frej\/filozofia1.jpg\" alt=\"\" width=\"700\" \/><br \/>\n<span style=\"color: #000080;\">Marta Frej w marcu sko\u0144czy 42 lata. Urodzi\u0142a si\u0119 w Cz\u0119stochowie, tu chodzi\u0142a do II LO im. Traugutta. Studiowa\u0142a w \u0141odzi, jest absolwentk\u0105 tamtejszej Akademii Sztuk Pi\u0119knych. Do rodzinnego miasta wr\u00f3ci\u0142a na dobre kilka lat temu. Aktualnie pracuje w Centrum Promocji M\u0142odych, gdzie zajmuje si\u0119 organizacj\u0105 wystaw.<\/span><br \/>\n<span style=\"color: #000080;\"> Jest prezesk\u0105 fundacji Kulturoholizm i wsp\u00f3\u0142za\u0142o\u017cycielk\u0105 Klubu Krytyki Politycznej w Cz\u0119stochowie. Razem z partnerem Tomaszem Kosi\u0144skim tworz\u0105 artystyczny duet FRiKO. Od 2011 r. organizuj\u0105 te\u017c Festiwal Sztuki Wsp\u00f3lczesnej ART.eria.<\/span><\/p>\n<p style=\"text-align: left;\"><img decoding=\"async\" class=\"center aligncenter\" src=\"http:\/\/www.reunion68.com\/Biuletyn\/M-Frej\/iPhon.jpg\" alt=\"\" width=\"700\" \/><br \/>\n<span style=\"color: #000080;\">Swoje prace pokazywa\u0142a na licznych wystawach, tak\u017ce indywidualnych. Mo\u017cna je by\u0142o ogl\u0105da\u0107 m.in. podczas 6. Krajowej Wystawy Malarstwa M\u0142odych (Wroc\u0142aw 2005) i Austriackiego Forum Kultury &#8220;Nowy podzia\u0142 pracy &#8211; niematerialna versus niewolnicza&#8221; (Warszawa 2007). Ostatnio jej grafiki ozdobi\u0142y kalendarz fundacji Feminoteka. Portal culture.pl umie\u015bci\u0142 go w\u015br\u00f3d &#8220;10 najfajniejszych kalendarzy ze sztuk\u0105 na 2015 rok&#8221;. Jej memy mo\u017cna te\u017c ogl\u0105da\u0107 m.in. w miesi\u0119czniku ?Jasne, \u017ce Cz\u0119stochowa? i w sobotnim dodatku &#8220;Wyborczej&#8221; &#8211; &#8220;Wysokie obcasy&#8221;.<\/span><br \/>\n<span style=\"color: #000080;\"> Prywatnie jest mam\u0105 Ma\u0107ka. Opiekuje si\u0119 dwoma kotami &#8211; znajdami Mie\u0107k\u0105 i Behemotem.<\/span><\/p>\n<p style=\"text-align: left;\"><img decoding=\"async\" class=\"center aligncenter\" src=\"http:\/\/www.reunion68.com\/Biuletyn\/M-Frej\/twarz.jpg\" alt=\"\" width=\"700\" \/><br \/>\n<span style=\"color: #000080;\">&#8211; Jestem mam\u0105, malark\u0105, aktywistk\u0105, feministk\u0105 i ateistk\u0105 &#8211; wylicza. &#8211; Wydaje mi si\u0119, \u017ce po r\u00f3wno wype\u0142niam te role. Cho\u0107 przede wszystkim jestem mam\u0105 Ma\u0107ka i to od 13 lat. Wszystko inne mog\u0142abym zmieni\u0107 w swoim \u017cyciu, ale tego nie.<\/span><br \/>\n<img decoding=\"async\" class=\"center aligncenter\" src=\"http:\/\/www.reunion68.com\/Biuletyn\/M-Frej\/bak.jpg\" alt=\"\" width=\"700\" \/><br \/>\n<span style=\"color: #000080;\">Lubi siebie. Dobrze oddaje to mem: &#8220;Mam 40 lat, nadwag\u0119, zmarszczki, cellulitis i czuj\u0119 si\u0119 sexi&#8230; Bo kto mi zabroni?&#8221;. &#8211; Widz\u0119 jak bardzo odstaj\u0119 od idea\u0142u, kt\u00f3ry jest wsz\u0119dzie promowany. Ale kiedy patrz\u0119 w lustro, to moja pierwsza my\u015bl jest taka, \u017ce to jestem ja. To osoba, z kt\u00f3r\u0105 sp\u0119dzi\u0142am 42 lata i z nikim tak dobrze si\u0119 nie rozumiem &#8211; przyznaje Frej.<\/span><\/p>\n<p style=\"text-align: right;\"><span style=\"color: #000080;\">Czytaj dalej tu: <strong><a style=\"color: #000080; text-decoration: underline;\" href=\"http:\/\/czestochowa.gazeta.pl\/czestochowa\/56,35271,17368801,Po_pierwsze__matka,,4.html\" target=\"_blank\">Matka, malarka, aktywistka&#8230;<\/a><\/strong><\/span><\/p>\n<hr style=\"height: 15px; background: #d0e6fa; width: 710px;\" \/>\n<div id=\"content\" class=\"  content-alignment&lt;br \/&gt;&lt;br \/&gt; \">\n<div id=\"watch-description\" class=\"yt-uix-button-panel\">\n<div id=\"watch-description-text\">\n<p style=\"text-align: center;\"><span style=\"color: #808080;\"> twoje uwagi, linki, wlasne artykuly, lub wiadomosci przeslij do: <strong><span style=\"text-decoration: underline;\"><span style=\"color: #808080; text-decoration: underline;\"><a href=\"mailto:webmaster@reunion68.com\">webmaster@reunion68.com<\/a><\/span><\/span><\/strong><\/span><\/p>\n<\/div>\n<\/div>\n<\/div>\n<p>&nbsp;<\/p>\n<hr style=\"width: 710px;\" \/>\n","protected":false},"excerpt":{"rendered":"<p>Matka, malarka, aktywistka, feministka, ateistka. Pi\u0119\u0107 twarzy Marty Frej Tekst Zuzanna Suliga, fotografie Grzegorz Skowronek, grafiki Marta Frej Matka, malarka, aktywistka, feministka, ateistka. Pi\u0119\u0107 twarzy Marty Frej Kim jest kobieta, o kt\u00f3rej zrobi\u0142o si\u0119 tak g\u0142o\u015bno? Cz\u0119stochowianka Marta Frej ma r\u00f3\u017cne twarze &#8211; jak bohater erotycznego bestselleru Christian Grey. Kto\u015b inny zestawiony z tym ksi\u0105\u017ckowo-filmowym [&hellip;]<\/p>\n","protected":false},"author":1,"featured_media":0,"comment_status":"closed","ping_status":"closed","sticky":false,"template":"","format":"standard","meta":[],"categories":[6],"tags":[24],"_links":{"self":[{"href":"https:\/\/www.reunion68.se\/index.php?rest_route=\/wp\/v2\/posts\/14190"}],"collection":[{"href":"https:\/\/www.reunion68.se\/index.php?rest_route=\/wp\/v2\/posts"}],"about":[{"href":"https:\/\/www.reunion68.se\/index.php?rest_route=\/wp\/v2\/types\/post"}],"author":[{"embeddable":true,"href":"https:\/\/www.reunion68.se\/index.php?rest_route=\/wp\/v2\/users\/1"}],"replies":[{"embeddable":true,"href":"https:\/\/www.reunion68.se\/index.php?rest_route=%2Fwp%2Fv2%2Fcomments&post=14190"}],"version-history":[{"count":34,"href":"https:\/\/www.reunion68.se\/index.php?rest_route=\/wp\/v2\/posts\/14190\/revisions"}],"predecessor-version":[{"id":14298,"href":"https:\/\/www.reunion68.se\/index.php?rest_route=\/wp\/v2\/posts\/14190\/revisions\/14298"}],"wp:attachment":[{"href":"https:\/\/www.reunion68.se\/index.php?rest_route=%2Fwp%2Fv2%2Fmedia&parent=14190"}],"wp:term":[{"taxonomy":"category","embeddable":true,"href":"https:\/\/www.reunion68.se\/index.php?rest_route=%2Fwp%2Fv2%2Fcategories&post=14190"},{"taxonomy":"post_tag","embeddable":true,"href":"https:\/\/www.reunion68.se\/index.php?rest_route=%2Fwp%2Fv2%2Ftags&post=14190"}],"curies":[{"name":"wp","href":"https:\/\/api.w.org\/{rel}","templated":true}]}}