{"id":14299,"date":"2015-02-13T19:08:47","date_gmt":"2015-02-13T17:08:47","guid":{"rendered":"http:\/\/www.reunion68.se\/?p=14299"},"modified":"2015-02-12T15:53:07","modified_gmt":"2015-02-12T13:53:07","slug":"14299","status":"publish","type":"post","link":"https:\/\/www.reunion68.se\/?p=14299","title":{"rendered":"\u201eO polskich \u017bydach szeptem i krzykiem\u201d. Spotkanie po\u015bwi\u0119cone polityce pami\u0119ci"},"content":{"rendered":"<h5 style=\"text-align: center;\"><a href=\"http:\/\/www.polin.pl\/pl\/\" target=\"_blank\"><img decoding=\"async\" class=\"center alignleft\" src=\"http:\/\/www.reunion68.com\/Biuletyn\/img\/MHZP.jpg\" alt=\"\" \/><\/a><span style=\"text-decoration: underline; color: #000080;\"><span style=\"text-decoration: underline;\"><strong><a style=\"color: #000080; text-decoration: underline;\" href=\"http:\/\/www.polin.pl\/pl\/wydarzenie\/cykl-debat-o-polskich-zydach-szeptem-i-krzykiem-spotkanie\" target=\"_blank\">\u201eO polskich \u017bydach szeptem i krzykiem\u201d. Spotkanie po\u015bwi\u0119cone polityce pami\u0119ci<\/a><\/strong><\/span><\/span><\/h5>\n<hr style=\"height: 15px; background: #d0e6fa; width: 710px;\" \/>\n<div id=\"content\" class=\"  content-alignment&lt;br \/&gt;&lt;br \/&gt; \">\n<div id=\"watch-description\" class=\"yt-uix-button-panel\">\n<div id=\"watch-description-text\">\n<p><iframe loading=\"lazy\" src=\"https:\/\/www.youtube.com\/embed\/YsvIqLd-TlQ?feature=player_embedded\" width=\"680\" height=\"400\" frameborder=\"0\" allowfullscreen=\"allowfullscreen\"><\/iframe><\/p>\n<\/div>\n<\/div>\n<\/div>\n<p>&nbsp;<\/p>\n<p style=\"text-align: center;\"><strong><span style=\"color: #333333;\">O czym boimy si\u0119 rozmawia\u0107, a o czym m\u00f3wimy za du\u017co w kontek\u015bcie historii polskich \u017byd\u00f3w? Czy polska pami\u0119\u0107 jest polityczna? Czy i jak Muzeum POLIN zmieni krajobraz polskiej pami\u0119ci?<\/span><\/strong><\/p>\n<p style=\"text-align: left;\"><span style=\"color: #000080;\">Podczas cyklu czterech debat porozmawiamy o znaczeniu przesz\u0142o\u015bci, sposobach wykorzystywania i interpretowania historii oraz zwi\u0105zanych z tym pu\u0142apkach. Spojrzymy na te zagadnienia z r\u00f3\u017cnych perspektyw: polityki historycznej, krytyki sztuki, muzealnictwa, psychologii i etyki.<\/span><\/p>\n<p style=\"text-align: left;\"><span style=\"color: #000080;\">Pierwsza debata po\u015bwi\u0119cona jest polityce pami\u0119ci. W dyskusji wezm\u0105 udzia\u0142:<\/span><\/p>\n<p style=\"text-align: left; padding-left: 30px;\"><span style=\"color: #000080;\"><strong><span style=\"color: #000000;\"> \u25fe<\/span><\/strong>Jaros\u0142aw Kuisz (Kultura Liberalna),<\/span><br \/>\n<span style=\"color: #000080;\"><strong><span style=\"color: #000000;\"> \u25fe<\/span><\/strong>Piotr Pazi\u0144ski (Midrasz),<\/span><br \/>\n<span style=\"color: #000080;\"><span style=\"color: #000000;\"><strong> \u25fe<\/strong><\/span>Kazimiera Szczuka (Krytyka Polityczna),<\/span><br \/>\n<span style=\"color: #000080;\"><span style=\"color: #000000;\"><strong> \u25fe<\/strong> <\/span>Piotr Zychowicz (Do Rzeczy).<\/span><\/p>\n<p style=\"text-align: left;\"><span style=\"color: #000080;\">Spotkanie poprowadz\u0105 Grzegorz Chlasta (Polskie Radio RDC) i Ma\u0142gorzata Pakier (Muzeum Polin).<\/span><\/p>\n<p style=\"text-align: left;\"><span style=\"color: #000080;\">19 lutego, godz. 18.00, wst\u0119p wolny<\/span><\/p>\n<p style=\"text-align: left;\"><span style=\"color: #000080;\">Kolejne spotkania z cyklu:<\/span><\/p>\n<p style=\"text-align: left; padding-left: 30px;\"><span style=\"color: #000080;\"><span style=\"color: #000000;\"><strong>\u25fe<\/strong><\/span>23.04.2015 O polskich \u017bydach szeptem i krzykiem: cz. II. Sztuka pami\u0119ci<\/span><br \/>\n<span style=\"color: #000080;\"><span style=\"color: #000000;\"><strong> \u25fe<\/strong><\/span>24.09.2015 O polskich \u017bydach szeptem i krzykiem: cz. III. Psychologia pami\u0119ci<\/span><br \/>\n<span style=\"color: #000080;\"><span style=\"color: #000000;\"><strong> \u25fe<\/strong><\/span>26.11.2015 O polskich \u017bydach szeptem i krzykiem: cz. IV. Etyka pami\u0119ci<\/span><\/p>\n<p style=\"text-align: left; padding-left: 30px;\"><span style=\"color: #000080;\">Informacje na temat filmu zapowiadaj\u0105cego debat\u0119:<\/span><\/p>\n<p style=\"text-align: left;\"><span style=\"color: #000080;\">Zdj\u0119cia i monta\u017c: Przemys\u0142aw Jaczewski<\/span><br \/>\n<span style=\"color: #000080;\"> Muzyka: &#8220;The Complex&#8221; Kevin MacLeod (incompetech.com)<\/span><br \/>\n<span style=\"color: #000080;\"> Licensed under Creative Commons: By Attribution 3.0<\/span><\/p>\n<hr style=\"height: 15px; background: #d0e6fa; width: 710px;\" \/>\n<div id=\"content\" class=\"  content-alignment&lt;br \/&gt;&lt;br \/&gt; \">\n<div id=\"watch-description\" class=\"yt-uix-button-panel\">\n<div id=\"watch-description-text\">\n<p style=\"text-align: center;\"><span style=\"color: #808080;\"> twoje uwagi, linki, wlasne artykuly, lub wiadomosci przeslij do: <strong><span style=\"text-decoration: underline;\"><span style=\"color: #808080; text-decoration: underline;\"><a href=\"mailto:webmaster@reunion68.com\">webmaster@reunion68.com<\/a><\/span><\/span><\/strong><\/span><\/p>\n<\/div>\n<\/div>\n<\/div>\n<p>&nbsp;<\/p>\n<hr style=\"width: 710px;\" \/>\n","protected":false},"excerpt":{"rendered":"<p>\u201eO polskich \u017bydach szeptem i krzykiem\u201d. Spotkanie po\u015bwi\u0119cone polityce pami\u0119ci &nbsp; O czym boimy si\u0119 rozmawia\u0107, a o czym m\u00f3wimy za du\u017co w kontek\u015bcie historii polskich \u017byd\u00f3w? Czy polska pami\u0119\u0107 jest polityczna? Czy i jak Muzeum POLIN zmieni krajobraz polskiej pami\u0119ci? Podczas cyklu czterech debat porozmawiamy o znaczeniu przesz\u0142o\u015bci, sposobach wykorzystywania i interpretowania historii oraz [&hellip;]<\/p>\n","protected":false},"author":1,"featured_media":0,"comment_status":"closed","ping_status":"closed","sticky":false,"template":"","format":"standard","meta":[],"categories":[4],"tags":[24],"_links":{"self":[{"href":"https:\/\/www.reunion68.se\/index.php?rest_route=\/wp\/v2\/posts\/14299"}],"collection":[{"href":"https:\/\/www.reunion68.se\/index.php?rest_route=\/wp\/v2\/posts"}],"about":[{"href":"https:\/\/www.reunion68.se\/index.php?rest_route=\/wp\/v2\/types\/post"}],"author":[{"embeddable":true,"href":"https:\/\/www.reunion68.se\/index.php?rest_route=\/wp\/v2\/users\/1"}],"replies":[{"embeddable":true,"href":"https:\/\/www.reunion68.se\/index.php?rest_route=%2Fwp%2Fv2%2Fcomments&post=14299"}],"version-history":[{"count":11,"href":"https:\/\/www.reunion68.se\/index.php?rest_route=\/wp\/v2\/posts\/14299\/revisions"}],"predecessor-version":[{"id":14311,"href":"https:\/\/www.reunion68.se\/index.php?rest_route=\/wp\/v2\/posts\/14299\/revisions\/14311"}],"wp:attachment":[{"href":"https:\/\/www.reunion68.se\/index.php?rest_route=%2Fwp%2Fv2%2Fmedia&parent=14299"}],"wp:term":[{"taxonomy":"category","embeddable":true,"href":"https:\/\/www.reunion68.se\/index.php?rest_route=%2Fwp%2Fv2%2Fcategories&post=14299"},{"taxonomy":"post_tag","embeddable":true,"href":"https:\/\/www.reunion68.se\/index.php?rest_route=%2Fwp%2Fv2%2Ftags&post=14299"}],"curies":[{"name":"wp","href":"https:\/\/api.w.org\/{rel}","templated":true}]}}