{"id":14312,"date":"2015-02-13T19:03:53","date_gmt":"2015-02-13T17:03:53","guid":{"rendered":"http:\/\/www.reunion68.se\/?p=14312"},"modified":"2015-02-12T14:49:48","modified_gmt":"2015-02-12T12:49:48","slug":"14312","status":"publish","type":"post","link":"https:\/\/www.reunion68.se\/?p=14312","title":{"rendered":"Warszawa sprzeda\u0142a Pekin"},"content":{"rendered":"<h5 style=\"text-align: center;\"><a href=\"******* \" target=\"_blank\"><img decoding=\"async\" class=\"center alignleft\" src=\"http:\/\/www.reunion68.com\/Biuletyn\/img\/w-sz.jpg\" alt=\"\" \/><\/a><span style=\"text-decoration: underline; color: #000080;\"><span style=\"text-decoration: underline;\"><strong><a style=\"color: #000080; text-decoration: underline;\" href=\"http:\/\/www.sztetl.org.pl\/pl\/cms\/aktualnosci\/4517,warszawa-sprzedala-pekin\/\" target=\"_blank\">Warszawa sprzeda\u0142a Pekin<\/a><\/strong><\/span><\/span><\/h5>\n<p style=\"text-align: center;\"><span style=\"color: #333333;\"><strong>Warszawa sprzeda\u0142a Pekin &#8211; Wirtualny Sztetl<\/strong><\/span><br \/>\n<span style=\"color: #333333;\"><strong>Autor: Krzysztof Bielawski\u00a0\u0179r\u00f3d\u0142o: <a style=\"color: #333333;\" href=\"http:\/\/warszawa.gazeta.pl\/warszawa\/1,34862,17390070,Slynny__Pekin__przy_Zlotej_sprzedany__Ostra_licytacja.html\" target=\"_blank\" rel=\"nofollow\">www.gazeta.pl<\/a><\/strong><\/span><\/p>\n<hr style=\"height: 15px; background: #d0e6fa; width: 710px;\" \/>\n<p style=\"text-align: left;\"><a href=\"http:\/\/upload.wikimedia.org\/wikipedia\/commons\/thumb\/a\/ac\/Z%C5%82ota_83.jpg\/1280px-Z%C5%82ota_83.jpg\"><img decoding=\"async\" class=\"alignright\" src=\"http:\/\/upload.wikimedia.org\/wikipedia\/commons\/thumb\/a\/ac\/Z%C5%82ota_83.jpg\/1280px-Z%C5%82ota_83.jpg\" alt=\"Kamienica Wolfa Krongolda\" width=\"350\" border=\"1\" \/><\/a><strong><span style=\"color: #333333;\">Nie by\u0142o \u0142atwo. Urz\u0119dnicy z warszawskiego ratusza sze\u015bciokrotnie organizowali przetargi. Dopiero w ostatnich dniach uda\u0142o si\u0119 znale\u017a\u0107 nabywc\u0119. Je\u015bli nikt nie podwa\u017cy procedury przetargowej, nowym w\u0142a\u015bcicielem zostanie firma Czerwone Maki, a do kasy miasta wp\u0142ynie 21 mln z\u0142.<\/span><\/strong><\/p>\n<p style=\"text-align: left;\"><span style=\"color: #000080;\">Nie chodzi tu oczywi\u015bcie o stolic\u0119 Chin, ale o warszawsk\u0105 kamienic\u0119 u zbiegu ulic Z\u0142otej i \u017belaznej. W 1899 r. wzni\u00f3s\u0142 j\u0105 Wolf Krongold. To pot\u0119\u017cny, 5-pi\u0119trowy budynek. Umieszczona na dachu rze\u017aba starca i m\u0142odzie\u0144ca przy tarczy z dat\u0105 1899 stanowi alegori\u0119 przej\u015bcia w nowy wiek. Ze wzgl\u0119du na rozmiary oraz liczb\u0119 mieszka\u0144c\u00f3w, budynek potocznie nazywany jest \u201ePekinem\u201d.<\/span><\/p>\n<p style=\"text-align: left;\"><span style=\"color: #000080;\">Kamienica od 2003 r. stoi opustosza\u0142a. Nie ma jednak ryzyka wyburzenia. Obiekt jest wpisany do rejestru zabytk\u00f3w, konserwator nie pozwala na istotne przebudowy oraz zmian\u0119 elewacji.<\/span><\/p>\n<p style=\"text-align: left;\"><span style=\"color: #000080;\">Pomimo zniszcze\u0144 z czas\u00f3w wojny, w rejonie ulicy \u017belaznej i jej przecznic wci\u0105\u017c znajduje si\u0119 stosunkowo du\u017co XIX-wiecznych kamienic. Wiele z nich nale\u017ca\u0142o do \u017cydowskich w\u0142a\u015bcicieli. W latach PRL cz\u0119\u015b\u0107 dawnej zabudowy zosta\u0142a zast\u0105piona blokami z wielkiej p\u0142yty, po 1989 r. niekt\u00f3re stare budynki ust\u0105pi\u0142y miejsca przeszklonym biurowcom i apartamentowcom.<\/span><\/p>\n<p style=\"text-align: left;\"><span style=\"color: #000080;\">Te stare kamienice s\u0105 niestety bardzo zaniedbane. W 2007 r. pieczo\u0142owicie odrestaurowano budynek przy ul. Ch\u0142odnej 20, w kt\u00f3rym mieszka\u0142 m. in. Adam Czerniakow \u2013 dzia\u0142acz spo\u0142eczny, a w czasie wojny przewodnicz\u0105cy Judenratu. Dzi\u015b to miejsce wr\u0119cz ekskluzywne. Czy tak samo b\u0119dzie z kamienic\u0105 Wolfa Krongolda?<\/span><\/p>\n<p style=\"text-align: left;\"><span style=\"color: #000080;\">Dziedzictwo materialne polskich \u017byd\u00f3w to nie tylko synagogi, mykwy i cmentarze. To tak\u017ce budynki mieszkalne. W skali kraju s\u0105 ich tysi\u0105ce.<\/span><\/p>\n<hr style=\"height: 15px; background: #d0e6fa; width: 710px;\" \/>\n<div id=\"content\" class=\"  content-alignment&lt;br \/&gt;&lt;br \/&gt; \">\n<div id=\"watch-description\" class=\"yt-uix-button-panel\">\n<div id=\"watch-description-text\">\n<p style=\"text-align: center;\"><span style=\"color: #808080;\"> twoje uwagi, linki, wlasne artykuly, lub wiadomosci przeslij do: <strong><span style=\"text-decoration: underline;\"><span style=\"color: #808080; text-decoration: underline;\"><a href=\"mailto:webmaster@reunion68.com\">webmaster@reunion68.com<\/a><\/span><\/span><\/strong><\/span><\/p>\n<\/div>\n<\/div>\n<\/div>\n<p>&nbsp;<\/p>\n<hr style=\"width: 710px;\" \/>\n","protected":false},"excerpt":{"rendered":"<p>Warszawa sprzeda\u0142a Pekin Warszawa sprzeda\u0142a Pekin &#8211; Wirtualny Sztetl Autor: Krzysztof Bielawski\u00a0\u0179r\u00f3d\u0142o: www.gazeta.pl Nie by\u0142o \u0142atwo. Urz\u0119dnicy z warszawskiego ratusza sze\u015bciokrotnie organizowali przetargi. Dopiero w ostatnich dniach uda\u0142o si\u0119 znale\u017a\u0107 nabywc\u0119. Je\u015bli nikt nie podwa\u017cy procedury przetargowej, nowym w\u0142a\u015bcicielem zostanie firma Czerwone Maki, a do kasy miasta wp\u0142ynie 21 mln z\u0142. Nie chodzi tu oczywi\u015bcie [&hellip;]<\/p>\n","protected":false},"author":1,"featured_media":0,"comment_status":"closed","ping_status":"closed","sticky":false,"template":"","format":"standard","meta":[],"categories":[4],"tags":[24],"_links":{"self":[{"href":"https:\/\/www.reunion68.se\/index.php?rest_route=\/wp\/v2\/posts\/14312"}],"collection":[{"href":"https:\/\/www.reunion68.se\/index.php?rest_route=\/wp\/v2\/posts"}],"about":[{"href":"https:\/\/www.reunion68.se\/index.php?rest_route=\/wp\/v2\/types\/post"}],"author":[{"embeddable":true,"href":"https:\/\/www.reunion68.se\/index.php?rest_route=\/wp\/v2\/users\/1"}],"replies":[{"embeddable":true,"href":"https:\/\/www.reunion68.se\/index.php?rest_route=%2Fwp%2Fv2%2Fcomments&post=14312"}],"version-history":[{"count":14,"href":"https:\/\/www.reunion68.se\/index.php?rest_route=\/wp\/v2\/posts\/14312\/revisions"}],"predecessor-version":[{"id":14315,"href":"https:\/\/www.reunion68.se\/index.php?rest_route=\/wp\/v2\/posts\/14312\/revisions\/14315"}],"wp:attachment":[{"href":"https:\/\/www.reunion68.se\/index.php?rest_route=%2Fwp%2Fv2%2Fmedia&parent=14312"}],"wp:term":[{"taxonomy":"category","embeddable":true,"href":"https:\/\/www.reunion68.se\/index.php?rest_route=%2Fwp%2Fv2%2Fcategories&post=14312"},{"taxonomy":"post_tag","embeddable":true,"href":"https:\/\/www.reunion68.se\/index.php?rest_route=%2Fwp%2Fv2%2Ftags&post=14312"}],"curies":[{"name":"wp","href":"https:\/\/api.w.org\/{rel}","templated":true}]}}