{"id":14347,"date":"2015-02-12T19:10:58","date_gmt":"2015-02-12T17:10:58","guid":{"rendered":"http:\/\/www.reunion68.se\/?p=14347"},"modified":"2015-02-12T15:25:05","modified_gmt":"2015-02-12T13:25:05","slug":"14347","status":"publish","type":"post","link":"https:\/\/www.reunion68.se\/?p=14347","title":{"rendered":"Chc\u0119 \u017cy\u0107 \u2013 film dokumentalny"},"content":{"rendered":"<h5 style=\"text-align: center;\"><a href=\"http:\/\/vod.tvp.pl\/\" target=\"_blank\"><img decoding=\"async\" class=\"center alignleft\" src=\"http:\/\/www.reunion68.com\/Biuletyn\/img\/TVP.png\" alt=\"\" \/><\/a><span style=\"text-decoration: underline; color: #000080;\"><span style=\"text-decoration: underline;\"><strong><a style=\"color: #000080; text-decoration: underline;\" href=\"http:\/\/vod.tvp.pl\/dokumenty\/historia\/chce-zyc\/wideo\/chce-zyc\/18809816\" target=\"_blank\">Chc\u0119 \u017cy\u0107 \u2013 film dokumentalny<\/a><\/strong><\/span><\/span><\/h5>\n<hr style=\"height: 15px; background: #d0e6fa; width: 710px;\" \/>\n<div id=\"content\" class=\"  content-alignment&lt;br \/&gt;&lt;br \/&gt; \">\n<div id=\"watch-description\" class=\"yt-uix-button-panel\">\n<div id=\"watch-description-text\">\n<p>&nbsp;<\/p>\n<p><iframe loading=\"lazy\" src=\"http:\/\/www.tvp.pl\/sess\/tvplayer.php?object_id=18809816&amp;autoplay=false\" width=\"680\" height=\"400\" frameborder=\"0\" scrolling=\"no\" allowfullscreen=\"allowfullscreen\"><\/iframe><\/p>\n<\/div>\n<\/div>\n<\/div>\n<p>&nbsp;<\/p>\n<p style=\"text-align: left;\"><span style=\"color: #000080;\">Frister urodzi\u0142 si\u0119 w rodzinie \u017cydowskiej. Po wybuchu II wojny \u015bwiatowej uciek\u0142 wraz z rodzicami do Krakowa, gdzie jego matka zosta\u0142a zamordowana. Nast\u0119pnie trafi\u0142 do obozu w Starachowicach, gdzie na dur brzuszny zmar\u0142 jego ojciec. Prze\u017cy\u0142 pobyt w obozach Mauthausen, Auschwitz oraz marsz \u015bmierci do Mauthausen, gdzie doczeka\u0142 wyzwolenia. Po dwuletnim leczeniu w szpitalu dla chorych na gru\u017alic\u0119, wr\u00f3ci\u0142 do Polski i osiad\u0142 we Wroc\u0142awiu, gdzie pracowa\u0142 jako dziennikarz w \u201eS\u0142owie Polskim\u201d. W 1952 r. zosta\u0142 aresztowany za rzekomy sabota\u017c, a po zwolnieniu z aresztu \u015bledczego skre\u015blono go z listy uprawnionych do wykonywania zawodu dziennikarskiego. W maju 1957 r. wyemigrowa\u0142 do Izraela, zachowuj\u0105c obywatelstwo polskie. Przez 25 lat pracowa\u0142 w dzienniku \u201eHaaretz\u201d, z czego 14 lat jako redaktor naczelny magazynu weekendowego. By\u0142 szefem wydzia\u0142u dziennikarstwa przy Uniwersytetu Bar-Ilan, a od marca 1990 r. do pa\u017adziernika 1991 r. dyrektorem brytyjskiego koncernu medialnego Maxwell Communication Corporation w Europie Wschodniej z siedzib\u0105 w Warszawie.<\/span><\/p>\n<hr style=\"height: 15px; background: #d0e6fa; width: 710px;\" \/>\n<div id=\"content\" class=\"  content-alignment&lt;br \/&gt;&lt;br \/&gt; \">\n<div id=\"watch-description\" class=\"yt-uix-button-panel\">\n<div id=\"watch-description-text\">\n<p style=\"text-align: center;\"><span style=\"color: #808080;\"> twoje uwagi, linki, wlasne artykuly, lub wiadomosci przeslij do: <strong><span style=\"text-decoration: underline;\"><span style=\"color: #808080; text-decoration: underline;\"><a href=\"mailto:webmaster@reunion68.com\">webmaster@reunion68.com<\/a><\/span><\/span><\/strong><\/span><\/p>\n<\/div>\n<\/div>\n<\/div>\n<p>&nbsp;<\/p>\n<hr style=\"width: 710px;\" \/>\n","protected":false},"excerpt":{"rendered":"<p>Chc\u0119 \u017cy\u0107 \u2013 film dokumentalny &nbsp; &nbsp; Frister urodzi\u0142 si\u0119 w rodzinie \u017cydowskiej. Po wybuchu II wojny \u015bwiatowej uciek\u0142 wraz z rodzicami do Krakowa, gdzie jego matka zosta\u0142a zamordowana. Nast\u0119pnie trafi\u0142 do obozu w Starachowicach, gdzie na dur brzuszny zmar\u0142 jego ojciec. Prze\u017cy\u0142 pobyt w obozach Mauthausen, Auschwitz oraz marsz \u015bmierci do Mauthausen, gdzie doczeka\u0142 [&hellip;]<\/p>\n","protected":false},"author":1,"featured_media":0,"comment_status":"closed","ping_status":"closed","sticky":false,"template":"","format":"standard","meta":[],"categories":[4],"tags":[24],"_links":{"self":[{"href":"https:\/\/www.reunion68.se\/index.php?rest_route=\/wp\/v2\/posts\/14347"}],"collection":[{"href":"https:\/\/www.reunion68.se\/index.php?rest_route=\/wp\/v2\/posts"}],"about":[{"href":"https:\/\/www.reunion68.se\/index.php?rest_route=\/wp\/v2\/types\/post"}],"author":[{"embeddable":true,"href":"https:\/\/www.reunion68.se\/index.php?rest_route=\/wp\/v2\/users\/1"}],"replies":[{"embeddable":true,"href":"https:\/\/www.reunion68.se\/index.php?rest_route=%2Fwp%2Fv2%2Fcomments&post=14347"}],"version-history":[{"count":12,"href":"https:\/\/www.reunion68.se\/index.php?rest_route=\/wp\/v2\/posts\/14347\/revisions"}],"predecessor-version":[{"id":14360,"href":"https:\/\/www.reunion68.se\/index.php?rest_route=\/wp\/v2\/posts\/14347\/revisions\/14360"}],"wp:attachment":[{"href":"https:\/\/www.reunion68.se\/index.php?rest_route=%2Fwp%2Fv2%2Fmedia&parent=14347"}],"wp:term":[{"taxonomy":"category","embeddable":true,"href":"https:\/\/www.reunion68.se\/index.php?rest_route=%2Fwp%2Fv2%2Fcategories&post=14347"},{"taxonomy":"post_tag","embeddable":true,"href":"https:\/\/www.reunion68.se\/index.php?rest_route=%2Fwp%2Fv2%2Ftags&post=14347"}],"curies":[{"name":"wp","href":"https:\/\/api.w.org\/{rel}","templated":true}]}}