{"id":14381,"date":"2015-02-21T19:05:08","date_gmt":"2015-02-21T17:05:08","guid":{"rendered":"http:\/\/www.reunion68.se\/?p=14381"},"modified":"2015-02-20T16:59:15","modified_gmt":"2015-02-20T14:59:15","slug":"14381","status":"publish","type":"post","link":"https:\/\/www.reunion68.se\/?p=14381","title":{"rendered":"Dysydenci muzu\u0142ma\u0144skiego \u015bwiata"},"content":{"rendered":"<h5 style=\"text-align: center;\"><a href=\"http:\/\/www.listyznaszegosadu.pl\/\" target=\"_blank\"><img decoding=\"async\" class=\"center alignleft\" src=\"http:\/\/www.reunion68.com\/Biuletyn\/img\/z-naszego.jpg\" alt=\"\" width=\"400\" \/><\/a><span style=\"text-decoration: underline; color: #000080;\"><span style=\"text-decoration: underline;\"><strong><a style=\"color: #000080; text-decoration: underline;\" href=\"http:\/\/www.listyznaszegosadu.pl\/dysydenci\/dysydenci-muzulmanskiego-swiata\" target=\"_blank\">Dysydenci muzu\u0142ma\u0144skiego \u015bwiata<\/a><\/strong><\/span><\/span><\/h5>\n<p style=\"text-align: center;\"><span style=\"color: #333333;\"><strong>Opracowanie A.K. <\/strong><\/span><\/p>\n<hr style=\"height: 15px; background: #d0e6fa; width: 710px;\" \/>\n<div style=\"width: 360px\" class=\"wp-caption alignright\"><img decoding=\"async\" loading=\"lazy\" src=\"http:\/\/www.listyznaszegosadu.pl\/upload\/article\/bild\/2800\/614125\/22185_s.JPG\" alt=\"\" width=\"350\" height=\"251\" border=\"0\" \/><p class=\"wp-caption-text\"><span style=\"color: #000080;\">Ali Al-Szarimi<\/span><\/p><\/div>\n<p style=\"text-align: left;\"><span style=\"color: #333333;\"><strong>Wiele bada\u0144 opinii publicznej w krajach muzu\u0142ma\u0144skich ukazuje przera\u017caj\u0105cy obraz dominuj\u0105cego poparcia dla przemocy, ksenofobii, rasizmu, religijnej nietolerancji. Mo\u017cna powiedzie\u0107, \u017ce mamy tu do czynienia z d\u0142ugotrwa\u0142ym wp\u0142ywem radykalnego islamu na szkolnictwo, z dominacj\u0105 radykalnego islamu w meczetach, z efektami mniej lub bardziej teokratycznych, dyktatorskich rz\u0105d\u00f3w. By\u0142y dysydent radziecki, Anatolij Szczaranski ma tu jeszcze inny pogl\u0105d, \u017ce w krajach, w kt\u00f3rych panuje terror, badania opinii publicznej pokazuj\u0105 wykrzywiony obraz, chocia\u017c nigdy nie wiemy, jak bardzo wykrzywiony.<\/strong><\/span><\/p>\n<p style=\"text-align: left;\"><span style=\"color: #000080;\">Podobnie jak niegdy\u015b w czasach komunistycznego terroru, tylko bardzo nieliczni odwa\u017caj\u0105 si\u0119 g\u0142o\u015bno m\u00f3wi\u0107, czasem p\u0142ac\u0105c za to w\u0142asnym \u017cyciem. Kiedy przychodzi odwil\u017c, pojawia si\u0119 tych g\u0142os\u00f3w wi\u0119cej, chocia\u017c nadal s\u0105 nieliczne, a wi\u0119kszo\u015b\u0107 woli swoje prawdziwe opinie zachowa\u0107 dla siebie. W Egipcie, po odsuni\u0119ciu od w\u0142adzy Bractwa Muzu\u0142ma\u0144skiego, mo\u017cemy m\u00f3wi\u0107 o prawdziwej odwil\u017cy. Prezydent Sisi wezwa\u0142 do otwartego dialogu na temat religii, na temat tej interpretacji islamu, kt\u00f3ra le\u017cy u \u017ar\u00f3d\u0142a muzu\u0142ma\u0144skiego terroryzmu. W Egipcie s\u0142yszymy dzi\u015b g\u0142osy jakich nie by\u0142o tam s\u0142ycha\u0107 od stuleci.<\/span><\/p>\n<p style=\"text-align: left;\"><span style=\"color: #000080;\">Czy to jest zapowied\u017a prawdziwej muzu\u0142ma\u0144skiej wiosny? Tego nie mo\u017cemy wiedzie\u0107, ale podobne pojedyncze g\u0142osy s\u0142ycha\u0107 dzi\u015b tak\u017ce w innych krajach arabskich. Poni\u017cej pokazujemy g\u0142osy dw\u00f3ch dysydent\u00f3w, jednego z Arabii Saudyjskiej i drugiego z Jordanii. Jest ich wi\u0119cej i mog\u0105 zwiastowa\u0107 pocz\u0105tek jakiej\u015b zmiany.<\/span><\/p>\n<p style=\"text-align: left;\"><span style=\"color: #000080;\">W artykule z 27 listopada 2014 w dzienniku Al-Watan, saudyjski publicysta Ali Al-Szarimi ostro skrytykowa\u0142 tych, kt\u00f3rzy wahaj\u0105 si\u0119 przed jednoznacznym pot\u0119pieniem muzu\u0142ma\u0144skiego terroryzmu i znajduj\u0105 dla niego usprawiedliwienia &#8211; takie jak to, \u017ce jest to odpowied\u017a na zachodnio-izraelsk\u0105 agresj\u0119, lub \u017ce wynika z frustracji spowodowanej ub\u00f3stwem i bezrobociem. Napisa\u0142, \u017ce takie usprawiedliwienia po\u015brednio wspieraj\u0105 terroryzm, i popychaj\u0105 m\u0142odych ludzi do uczestniczenia w terroryzmie i d\u017cihadzie. Tak wi\u0119c, jak m\u00f3wi, ci, kt\u00f3rzy u\u017cywaj\u0105 dyskursu po\u0142owicznego poparcia dla terroryzmu, nie s\u0105 mniej niebezpieczni, ni\u017c same organizacje terrorystyczne.<\/span><\/p>\n<p style=\"text-align: left;\"><span style=\"color: #333333;\"><strong>Ali Al-Szarimi pisa\u0142 m. in.:<\/strong><\/span><\/p>\n<p style=\"text-align: left;\"><span style=\"color: #000080;\">Czy kiedykolwiek s\u0142ysza\u0142e\u015b o bandzie m\u00f3wi\u0105cej \u201eale\u201d? Upraszczaj\u0105c nieco, jest to banda ludzi, kt\u00f3rzy zakochali si\u0119 w s\u0142owie \u201eale\u201d, a ich romans z tym s\u0142owem jest d\u0142ug\u0105 histori\u0105 mi\u0142osn\u0105. Ta banda przeczy sama sobie: wspiera, ale nie wspiera, sprzeciwia si\u0119, ale nie sprzeciwia, pot\u0119pia, ale nie pot\u0119pia. Ta banda nie ma koloru, smaku, zapachu &#8211; bo cho\u0107 twierdzi, \u017ce nie popiera operacji terrorystycznych, jednak wymy\u015bla dla nich nikczemne wym\u00f3wki, usprawiedliwiaj\u0105c je w umys\u0142ach ludzi, przede wszystkim prostego ludu. W rzeczywisto\u015bci s\u0105 tacy ludzie, w tej bandzie, kt\u00f3rzy wspieraj\u0105 operacje terrorystyczne, jednak w tajemnicy i wstydliwie &#8230;<\/span><\/p>\n<p style=\"text-align: left;\"><span style=\"color: #000080;\">Ta banda zrzeszonych wok\u00f3\u0142 \u201e ale\u201d pierwszy raz pojawi\u0142a si\u0119 wraz z powstaniem organizacji Al-Kaida, ale przede wszystkim po wydarzeniach z 11 wrze\u015bnia, kiedy to rozpocz\u0119\u0142a pot\u0119pianie terroryzmu, jednocze\u015bnie uzasadniaj\u0105c go jak\u0105\u015b rzekomo zrozumia\u0142\u0105 odpowiedzi\u0105 na niesprawiedliwo\u015b\u0107 czynion\u0105 muzu\u0142manom od wewn\u0105trz i na zewn\u0105trz. Nie wiem, jak mog\u0105 usprawiedliwi\u0107 terroryzm jako reakcj\u0119 na niesprawiedliwo\u015b\u0107 czynion\u0105 muzu\u0142manom w krajach muzu\u0142ma\u0144skich, twierdz\u0105c w tym samym czasie, \u017ce zachodnia demokracja i wolno\u015b\u0107 s\u0105 apostazj\u0105 i przest\u0119pcz\u0105 dzia\u0142alno\u015bci\u0105! Je\u015bli bowiem brak wolno\u015bci w krajach muzu\u0142ma\u0144skich usprawiedliwia terroryzm, w takim razie jak wyt\u0142umaczy\u0107 islamski terroryzm maj\u0105cy miejsce<\/span><\/p>\n<p style=\"text-align: right;\"><span style=\"color: #000080;\">Czytaj dalej tu: <span style=\"text-decoration: underline;\"><strong><a style=\"color: #000080; text-decoration: underline;\" href=\"http:\/\/www.listyznaszegosadu.pl\/dysydenci\/dysydenci-muzulmanskiego-swiata\" target=\"_blank\">Dysydenci muzu\u0142ma\u0144skiego \u015bwiata<\/a><\/strong><\/span><\/span><\/p>\n<hr style=\"height: 15px; background: #d0e6fa; width: 710px;\" \/>\n<div id=\"content\" class=\"  content-alignment&lt;br \/&gt;&lt;br \/&gt; \">\n<div id=\"watch-description\" class=\"yt-uix-button-panel\">\n<div id=\"watch-description-text\">\n<p style=\"text-align: center;\"><span style=\"color: #808080;\"> twoje uwagi, linki, wlasne artykuly, lub wiadomosci przeslij do: <strong><span style=\"text-decoration: underline;\"><span style=\"color: #808080; text-decoration: underline;\"><a href=\"mailto:webmaster@reunion68.com\">webmaster@reunion68.com<\/a><\/span><\/span><\/strong><\/span><\/p>\n<\/div>\n<\/div>\n<\/div>\n<p>&nbsp;<\/p>\n<hr style=\"width: 710px;\" \/>\n","protected":false},"excerpt":{"rendered":"<p>Dysydenci muzu\u0142ma\u0144skiego \u015bwiata Opracowanie A.K. Wiele bada\u0144 opinii publicznej w krajach muzu\u0142ma\u0144skich ukazuje przera\u017caj\u0105cy obraz dominuj\u0105cego poparcia dla przemocy, ksenofobii, rasizmu, religijnej nietolerancji. Mo\u017cna powiedzie\u0107, \u017ce mamy tu do czynienia z d\u0142ugotrwa\u0142ym wp\u0142ywem radykalnego islamu na szkolnictwo, z dominacj\u0105 radykalnego islamu w meczetach, z efektami mniej lub bardziej teokratycznych, dyktatorskich rz\u0105d\u00f3w. By\u0142y dysydent radziecki, Anatolij [&hellip;]<\/p>\n","protected":false},"author":1,"featured_media":0,"comment_status":"closed","ping_status":"closed","sticky":false,"template":"","format":"standard","meta":[],"categories":[6],"tags":[24],"_links":{"self":[{"href":"https:\/\/www.reunion68.se\/index.php?rest_route=\/wp\/v2\/posts\/14381"}],"collection":[{"href":"https:\/\/www.reunion68.se\/index.php?rest_route=\/wp\/v2\/posts"}],"about":[{"href":"https:\/\/www.reunion68.se\/index.php?rest_route=\/wp\/v2\/types\/post"}],"author":[{"embeddable":true,"href":"https:\/\/www.reunion68.se\/index.php?rest_route=\/wp\/v2\/users\/1"}],"replies":[{"embeddable":true,"href":"https:\/\/www.reunion68.se\/index.php?rest_route=%2Fwp%2Fv2%2Fcomments&post=14381"}],"version-history":[{"count":17,"href":"https:\/\/www.reunion68.se\/index.php?rest_route=\/wp\/v2\/posts\/14381\/revisions"}],"predecessor-version":[{"id":14398,"href":"https:\/\/www.reunion68.se\/index.php?rest_route=\/wp\/v2\/posts\/14381\/revisions\/14398"}],"wp:attachment":[{"href":"https:\/\/www.reunion68.se\/index.php?rest_route=%2Fwp%2Fv2%2Fmedia&parent=14381"}],"wp:term":[{"taxonomy":"category","embeddable":true,"href":"https:\/\/www.reunion68.se\/index.php?rest_route=%2Fwp%2Fv2%2Fcategories&post=14381"},{"taxonomy":"post_tag","embeddable":true,"href":"https:\/\/www.reunion68.se\/index.php?rest_route=%2Fwp%2Fv2%2Ftags&post=14381"}],"curies":[{"name":"wp","href":"https:\/\/api.w.org\/{rel}","templated":true}]}}