{"id":14399,"date":"2015-02-14T19:03:15","date_gmt":"2015-02-14T17:03:15","guid":{"rendered":"http:\/\/www.reunion68.se\/?p=14399"},"modified":"2015-02-14T08:12:55","modified_gmt":"2015-02-14T06:12:55","slug":"14399","status":"publish","type":"post","link":"https:\/\/www.reunion68.se\/?p=14399","title":{"rendered":"Wy\u015bmiewanie Holocaustu w Estonii"},"content":{"rendered":"<h5 style=\"text-align: center;\"><a href=\"http:\/\/www.listyznaszegosadu.pl\" target=\"_blank\"><img decoding=\"async\" class=\"center alignleft\" src=\"http:\/\/www.reunion68.com\/Biuletyn\/img\/z-naszego.jpg\" alt=\"\" width=\"400\" \/><\/a><span style=\"text-decoration: underline; color: #000080;\"><span style=\"text-decoration: underline;\"><strong><a style=\"color: #000080; text-decoration: underline;\" href=\"http:\/\/www.listyznaszegosadu.pl\/brunatna-fala\/wysmiewanie-holocaustu-w-estonii\" target=\"_blank\">Wy\u015bmiewanie Holocaustu w Estonii<\/a><\/strong><\/span><\/span><\/h5>\n<p style=\"text-align: center;\"><span style=\"color: #333333;\"><strong>Inna Rogatchi <\/strong><\/span><\/p>\n<p style=\"text-align: center;\">T\u0142umaczenie: <span style=\"color: #333333;\"><strong>Ma\u0142gorzata Koraszewska<\/strong><\/span><\/p>\n<hr style=\"height: 15px; background: #d0e6fa; width: 710px;\" \/>\n<div style=\"width: 700px\" class=\"wp-caption aligncenter\"><img decoding=\"async\" src=\"http:\/\/www.listyznaszegosadu.pl\/upload\/article\/bild\/5836\/613770\/mieszkancy_s.jpg\" alt=\"\u00a0W Muzeum Sztuki w Tartu potworno\u015bci nazistowskie s\u0105 zabaw\u0105 i grami\" width=\"690\" border=\"0\" \/><p class=\"wp-caption-text\"><span style=\"color: #000080;\">W Muzeum Sztuki w Tartu potworno\u015bci nazistowskie s\u0105 zabaw\u0105 i grami<\/span><\/p><\/div>\n<p style=\"text-align: left;\"><strong><span style=\"color: #333333;\">7 lutego 2015 r. w Muzeum Sztuki w Estonii otwarto osobliw\u0105 wystaw\u0119, zatytu\u0142owan\u0105 \u201cMoja Polska, pami\u0119ta\u0107 i zapomnie\u0107\u201d. Wystawa, kt\u00f3ra ma trwa\u0107 do ko\u0144ca marca, jest wed\u0142ug organizator\u00f3w \u201eUpami\u0119tnieniem 70. rocznicy wyzwolenia oboz\u00f3w koncentracyjnych i zako\u0144czenia II wojny \u015bwiatowej\u201d. Wystaw\u0119 finansowa\u0142y i wspar\u0142y Esto\u0144ski Fundusz Kultury oraz esto\u0144skie Ministerstwo Kultury.<\/span><\/strong><\/p>\n<p style=\"text-align: left;\"><span style=\"color: #000080;\">W\u015br\u00f3d skandalicznych prac jest klasyczny krajobraz Los Angeles z gigantycznymi literami \u201cHOLOCAUST\u201d w miejsce HOLLYWOOD; wideo, na kt\u00f3rym nadzy ludzie bawi\u0105 si\u0119 w berka na tle kom\u00f3r gazowych; wideo, na kt\u00f3rym stary m\u0119\u017cczyzna wchodzi do salonu tatua\u017cy, prosz\u0105c o \u201eodnowienie\u201d jego tatua\u017cu: numeru z obozu koncentracyjnego na jego r\u0119ce. Wszystkie eksponaty na tej oburzaj\u0105cej wystawie maj\u0105 ten sam charakter \u2013 chamski, arogancki, \u015bwiadomie wyszydzaj\u0105cy Holocaust przy u\u017cyciu wideo, fotografii, komiks\u00f3w i innych \u015bmieci, wyprodukowanych i wystawionych przez humanoidy z Polski i Estonii.<\/span><\/p>\n<p style=\"text-align: left;\"><span style=\"color: #000080;\">Uwa\u017cam, \u017ce nale\u017cy ujawni\u0107 ich nazwiska zwi\u0105zane z tym \u015bwiadomie nikczemnym \u201cdzie\u0142em\u201d. S\u0105 to: Zbigniew Libera, Joanna Rajkowska, John Smith (Marko M\u00e4etamm i Kaido Ole), Wilhelm Sasnal, Artur \u017bmijewski i Yael Bartana. Wi\u0119kszo\u015b\u0107 z nich jest Polakami, dw\u00f3ch jest Esto\u0144czykami i jedna, Yael Bartana, jest Izraelk\u0105, kt\u00f3ra mieszka w Berlinie i reprezentuje Polsk\u0119 na wielu wystawach mi\u0119dzynarodowych.<\/span><\/p>\n<p style=\"text-align: left;\"><span style=\"color: #000080;\">Zbigniew Libera, kt\u00f3ry jest autorem fotografii \u201cMieszka\u0144cy\u201d, czo\u0142owego eksponatu tej wystawy, ws\u0142awi\u0142 si\u0119 uprzednio modelem obozu koncentracyjnego z klock\u00f3w Lego i innymi skandalicznymi bublami tak zwanej sztuki wsp\u00f3\u0142czesnej. Marko M\u00e4etamn wyk\u0142ada na Akademii. Artur \u017bmijewski jest autorem wideo \u201cGra w berka\u201d, kt\u00f3re zosta\u0142o oficjalnie zakazane w Niemczech jako dzie\u0142o zniewa\u017caj\u0105ce i pod\u017cegaj\u0105ce do nazizmu.<\/span><\/p>\n<p style=\"text-align: left;\"><span style=\"color: #000080;\">Wszystkie te aroganckie kreatury okre\u015blaj\u0105 siebie mianem \u201cartyst\u00f3w kontrowersyjnych\u201d. To co produkuj\u0105 \u2013 a co sprz\u0105tacze w muzach, jako psychicznie zdrowi ludzie, regularnie wyrzucaj\u0105 do \u015bmieci, autentycznie s\u0105dz\u0105c, \u017ce s\u0105 to \u015bmieci \u2013 tyle maj\u0105 wsp\u00f3lnego ze sztuk\u0105, co ich przes\u0142anie ma wsp\u00f3lnego z cz\u0142owiecze\u0144stwem, moralno\u015bci\u0105, sumieniem, edukacj\u0105, wiedz\u0105, zdrowym rozs\u0105dkiem i innymi cechami, kt\u00f3re odr\u00f3\u017cniaj\u0105 istoty ludzkie od humanoid\u00f3w.<\/span><\/p>\n<p style=\"text-align: left;\"><span style=\"color: #000080;\">Kuratorem tej odra\u017caj\u0105cej wystawy jest 24-letnia Rael Artel, kt\u00f3ra zosta\u0142a dyrektork\u0105 Muzeum Sztuki w Tartu w 2013 r., po tym, jak by\u0142a przedtem \u201eniezale\u017cn\u0105 kuratork\u0105\u201d. Wszyscy w \u015bwiecie sztuki wiedz\u0105, co \u201eniezale\u017cny kurator\u201d znaczy w rzeczywisto\u015bci. T\u0142umaczenie: nikt. M\u00f3wi to jednak co\u015b o tym, kto zawiaduje kultur\u0105 w Estonii i promuje takie kreatury na dyrektor\u00f3w muze\u00f3w.<\/span><\/p>\n<p style=\"text-align: left;\"><span style=\"color: #000080;\">Na stronie internetowej tego tak zwanego muzeum jest szereg tekst\u00f3w dotycz\u0105cych wystawy. W pierwszym radosnym komunikacie informuj\u0105 o \u201ewybitnych eksponatach mi\u0119dzynarodowej sztuki wsp\u00f3\u0142czesnej\u201d, zauwa\u017caj\u0105c, \u017ce niemal wszyscy arty\u015bci s\u0105 uczestnikami Biennale w Wenecji \u2013 co brzmi jak mantra oczywistej oczywisto\u015bci dla tej 24-letniej \u201eniezale\u017cnej kuratorki\u201d. Z satysfakcj\u0105 wyliczaj\u0105 \u201eniekt\u00f3re ze strategii\u201d prezentowane przez artyst\u00f3w do ich interpretacji Holocaustu: \u201ehumor, ironia, marketing historii\u201d; stosuj\u0105 to w celu \u201ezrekompensowania niesprawiedliwo\u015bci\u201d i dla \u201estworzenia \u0142atwiejszej rozmowy o Holocau\u015bcie\u201d.<\/span><\/p>\n<p style=\"text-align: right;\"><span style=\"color: #000080;\">Czytaj dalej tu: <span style=\"text-decoration: underline;\"><strong><a style=\"color: #000080; text-decoration: underline;\" href=\"http:\/\/www.listyznaszegosadu.pl\/brunatna-fala\/wysmiewanie-holocaustu-w-estonii\" target=\"_blank\">Wy\u015bmiewanie Holocaustu w Estonii<\/a><\/strong><\/span><\/span><\/p>\n<hr style=\"height: 15px; background: #d0e6fa; width: 710px;\" \/>\n<div id=\"content\" class=\"  content-alignment&lt;br \/&gt;&lt;br \/&gt; \">\n<div id=\"watch-description\" class=\"yt-uix-button-panel\">\n<div id=\"watch-description-text\">\n<p style=\"text-align: center;\"><span style=\"color: #808080;\"> twoje uwagi, linki, wlasne artykuly, lub wiadomosci przeslij do: <strong><span style=\"text-decoration: underline;\"><span style=\"color: #808080; text-decoration: underline;\"><a href=\"mailto:webmaster@reunion68.com\">webmaster@reunion68.com<\/a><\/span><\/span><\/strong><\/span><\/p>\n<\/div>\n<\/div>\n<\/div>\n<p>&nbsp;<\/p>\n<hr style=\"width: 710px;\" \/>\n","protected":false},"excerpt":{"rendered":"<p>Wy\u015bmiewanie Holocaustu w Estonii Inna Rogatchi T\u0142umaczenie: Ma\u0142gorzata Koraszewska 7 lutego 2015 r. w Muzeum Sztuki w Estonii otwarto osobliw\u0105 wystaw\u0119, zatytu\u0142owan\u0105 \u201cMoja Polska, pami\u0119ta\u0107 i zapomnie\u0107\u201d. Wystawa, kt\u00f3ra ma trwa\u0107 do ko\u0144ca marca, jest wed\u0142ug organizator\u00f3w \u201eUpami\u0119tnieniem 70. rocznicy wyzwolenia oboz\u00f3w koncentracyjnych i zako\u0144czenia II wojny \u015bwiatowej\u201d. Wystaw\u0119 finansowa\u0142y i wspar\u0142y Esto\u0144ski Fundusz Kultury [&hellip;]<\/p>\n","protected":false},"author":1,"featured_media":0,"comment_status":"closed","ping_status":"closed","sticky":false,"template":"","format":"standard","meta":[],"categories":[6],"tags":[24],"_links":{"self":[{"href":"https:\/\/www.reunion68.se\/index.php?rest_route=\/wp\/v2\/posts\/14399"}],"collection":[{"href":"https:\/\/www.reunion68.se\/index.php?rest_route=\/wp\/v2\/posts"}],"about":[{"href":"https:\/\/www.reunion68.se\/index.php?rest_route=\/wp\/v2\/types\/post"}],"author":[{"embeddable":true,"href":"https:\/\/www.reunion68.se\/index.php?rest_route=\/wp\/v2\/users\/1"}],"replies":[{"embeddable":true,"href":"https:\/\/www.reunion68.se\/index.php?rest_route=%2Fwp%2Fv2%2Fcomments&post=14399"}],"version-history":[{"count":19,"href":"https:\/\/www.reunion68.se\/index.php?rest_route=\/wp\/v2\/posts\/14399\/revisions"}],"predecessor-version":[{"id":14401,"href":"https:\/\/www.reunion68.se\/index.php?rest_route=\/wp\/v2\/posts\/14399\/revisions\/14401"}],"wp:attachment":[{"href":"https:\/\/www.reunion68.se\/index.php?rest_route=%2Fwp%2Fv2%2Fmedia&parent=14399"}],"wp:term":[{"taxonomy":"category","embeddable":true,"href":"https:\/\/www.reunion68.se\/index.php?rest_route=%2Fwp%2Fv2%2Fcategories&post=14399"},{"taxonomy":"post_tag","embeddable":true,"href":"https:\/\/www.reunion68.se\/index.php?rest_route=%2Fwp%2Fv2%2Ftags&post=14399"}],"curies":[{"name":"wp","href":"https:\/\/api.w.org\/{rel}","templated":true}]}}