{"id":1447,"date":"2014-05-21T07:28:59","date_gmt":"2014-05-21T05:28:59","guid":{"rendered":"http:\/\/www.reunion68.se\/?p=1447"},"modified":"2014-05-24T08:47:27","modified_gmt":"2014-05-24T06:47:27","slug":"1447","status":"publish","type":"post","link":"https:\/\/www.reunion68.se\/?p=1447","title":{"rendered":"List otwarty do Komitetu Budowy Pomnika Sprawiedliwych przy MH\u017bP"},"content":{"rendered":"<p style=\"text-align: center;\"><strong><span style=\"color: #000080;\">Dokument mozecie zciagnac.<\/span><\/strong><br \/>\n<strong><span style=\"color: #000080;\"> Aby przeczytac dokument on-line musisz miec Chrom lub iExplorer 10\/11<\/span><\/strong><\/p>\n<table style=\"width: 300px;\" border=\"0\" align=\"right\">\n<tbody>\n<tr>\n<td style=\"text-align: center;\">\n<object class=\"vanilla-pdf-embed\" data=\"http:\/\/www.reunion68.com\/Biuletyn\/bozena-keff.pdf?attachment_id=1#page=1&view=FitH\" type=\"application\/pdf\" width=\"700px\" height=\"450em\">\n    <p><a href=\"http:\/\/www.reunion68.com\/Biuletyn\/bozena-keff.pdf?attachment_id=1\">Download the PDF file .<\/a><\/p>\n<\/object>\n<\/td>\n<\/tr>\n<\/tbody>\n<\/table>\n<h3><span style=\"color: #000080;\">Pod listem podpisali si\u0119 r\u00f3wnie\u017c:<\/span><\/h3>\n<p><span style=\"color: #000080;\">Halina Adamczak, Los Angeles (USA)<\/span><br \/>\n<span style=\"color: #000080;\"> Ma\u0142gorzata Adamczyk<\/span><br \/>\n<span style=\"color: #000080;\"> Suzi Andreis, Warszawa<\/span><br \/>\n<span style=\"color: #000080;\"> Agata Araszkiewicz, Bruksela (Belgia)<\/span><br \/>\n<span style=\"color: #000080;\"> Alicja Arcimowicz, Warszawa<\/span><br \/>\n<span style=\"color: #000080;\"> Vladimir Artman, Thousand Oaks (USA)<\/span><br \/>\n<span style=\"color: #000080;\"> Pawe\u0142 Barabasz, Warszawa<\/span><br \/>\n<span style=\"color: #000080;\"> \u0141ukasz Biedka, Warszawa<\/span><br \/>\n<span style=\"color: #000080;\"> Jerzy Borensztajn, Tel Awiw (Izrael)<\/span><br \/>\n<span style=\"color: #000080;\"> Shlomo Brandel, Los Angeles (USA)<\/span><br \/>\n<span style=\"color: #000080;\"> Micha\u0142 Brandt, Illinois (USA) (dawniej Warszawa)<\/span><br \/>\n<span style=\"color: #000080;\"> Zenia Brandt, Illinois (USA) (dawniej \u0141\u00f3d\u017a)<\/span><br \/>\n<span style=\"color: #000080;\"> Katarzyna Bratkowska, Warszawa<\/span><br \/>\n<span style=\"color: #000080;\"> Piotr Bratkowski, Warszawa<\/span><br \/>\n<span style=\"color: #000080;\"> Juliusz Brzezi\u0144ski, G\u00f6teborg (Szwecja)<\/span><br \/>\n<span style=\"color: #000080;\"> Aranzazu Calderon Puerta, Warszawa<\/span><br \/>\n<span style=\"color: #000080;\"> Tomasz Chwa\u0142ek<\/span><br \/>\n<span style=\"color: #000080;\"> Maria Cyranowicz, Warszawa<\/span><br \/>\n<span style=\"color: #000080;\"> Przemys\u0142aw Czapli\u0144ski, Pozna\u0144<\/span><br \/>\n<span style=\"color: #000080;\"> Michalina Dank, Even Jehuda (Izrael)<\/span><br \/>\n<span style=\"color: #000080;\"> Majka Elczewska (USA, DS)<\/span><br \/>\n<span style=\"color: #000080;\"> Zvi Dank, Even Jehuda (Izrael)<\/span><br \/>\n<span style=\"color: #000080;\"> Miko\u0142aj Denderski<\/span><br \/>\n<span style=\"color: #000080;\"> Anna De Tusch-Lec (Dania)<\/span><br \/>\n<span style=\"color: #000080;\"> Agata Diduszko-Zyglewska, Warszawa<\/span><br \/>\n<span style=\"color: #000080;\"> Anna Dodziuk, Warszawa<\/span><br \/>\n<span style=\"color: #000080;\"> Damian Domski, Londyn (Wielka Brytania)<\/span><br \/>\n<span style=\"color: #000080;\"> Victoria Dorosz, Londyn (Wielka Brytania)<\/span><br \/>\n<span style=\"color: #000080;\"> Pawe\u0142 Dybel, Warszawa<\/span><br \/>\n<span style=\"color: #000080;\"> Monika Dzik, Warszawa<\/span><br \/>\n<span style=\"color: #000080;\"> Zuzanna Dziuban, Berlin (Niemcy)<\/span><br \/>\n<span style=\"color: #000080;\"> Liliana Elbaum, Boston (USA)<\/span><br \/>\n<span style=\"color: #000080;\"> Stanley Elbaum, Boston (USA)<\/span><br \/>\n<span style=\"color: #000080;\"> Piotr Filipkowski, Warszawa<\/span><br \/>\n<span style=\"color: #000080;\"> Michael Firestein, West Point (USA)<\/span><br \/>\n<span style=\"color: #000080;\"> Henryk Flicker, Toronto (Canada)<\/span><br \/>\n<span style=\"color: #000080;\"> Gabriela Flicker, Toronto (Canada)<\/span><br \/>\n<span style=\"color: #000080;\"> Piotr Forecki, Pozna\u0144<\/span><br \/>\n<span style=\"color: #000080;\"> Rodolphe Gasche, Buffalo (USA)<\/span><br \/>\n<span style=\"color: #000080;\"> R\u00f3\u017ca Goldfarb Holmgren, Szwecja<\/span><br \/>\n<span style=\"color: #000080;\">Marian Go\u0142\u0119biowski, <\/span><span style=\"color: #000080;\">Sprawiedliwy z Warszawy:<br \/>\n&#8211; \u201eJestem zdania, \u017ce Muzeum Historii \u017byd\u00f3w Polskich i plac wok\u00f3\u0142 niego winny upami\u0119tnia\u0107 tragedi\u0119, walk\u0119, rozpacz i \u015bmier\u0107 \u017byd\u00f3w polskich. Idea pomnika Sprawiedliwych jest dla mnie wzruszaj\u0105ca i s\u0142uszna, ale moim zdaniem powinien on stan\u0105\u0107 w innym miejscu Warszawy\u201d.<\/span><\/p>\n<p><span style=\"color: #000080;\">Monika Go\u0142\u0119biowska-Milewska<\/span><br \/>\n<span style=\"color: #000080;\"> Maria G\u00f3rnicka-Zozula, Warszawa<\/span><br \/>\n<span style=\"color: #000080;\"> Joseph Greenbaum, Bloomfield Hills (USA)<\/span><br \/>\n<span style=\"color: #000080;\"> Regina Grol, Chapel Hill (USA)<\/span><br \/>\n<span style=\"color: #000080;\"> Dorota Gruszka, Malm\u00f6 (Szwecja)<\/span><br \/>\n<span style=\"color: #000080;\"> Henryk Grynberg (USA)<\/span><br \/>\n<span style=\"color: #000080;\"> Sofia Grzybowska-Web, New York (USA)<\/span><br \/>\n<span style=\"color: #000080;\"> Andrzej Grzybowski, Warszawa: \u201eM\u00f3j ojciec i jego rodzina posiadaj\u0105 medal Sprawiedliwych\u201d<\/span><br \/>\n<span style=\"color: #000080;\"> Jerzy Grzybowski<\/span><br \/>\n<span style=\"color: #000080;\"> Henryk Gwiazda, G\u00f6teborg (Szwecja)<\/span><br \/>\n<span style=\"color: #000080;\"> Abram Hammer, Laval (Kanada)<\/span><br \/>\n<span style=\"color: #000080;\"> Helena Hammer, Laval (Kanada)<\/span><br \/>\n<span style=\"color: #000080;\"> Brygida Helbig Mischewski, Berlin (Niemcy)<\/span><br \/>\n<span style=\"color: #000080;\"> Alex Henner, Manchester (Wielka Brytania)<\/span><br \/>\n<span style=\"color: #000080;\"> Jakub Herczy\u0144ski, Warszawa<\/span><br \/>\n<span style=\"color: #000080;\"> Anita Hochberg, Lod (Izrael)<\/span><br \/>\n<span style=\"color: #000080;\"> Henryk Hollender, Warszawa<\/span><br \/>\n<span style=\"color: #000080;\"> Magdalena Hollender, Milan\u00f3wek<\/span><br \/>\n<span style=\"color: #000080;\"> Mary Hrabowska, New York (USA)<\/span><br \/>\n<span style=\"color: #000080;\"> Inga Iwasi\u00f3w, Szczecin<\/span><br \/>\n<span style=\"color: #000080;\"> Marta Janczewska, Warszawa<\/span><br \/>\n<span style=\"color: #000080;\"> Joanna Jaszu\u0144ska-Kobielska, Warszawa<\/span><br \/>\n<span style=\"color: #000080;\"> Natalia Judzi\u0144ska, Warszawa<\/span><br \/>\n<span style=\"color: #000080;\"> Alex Kaganowicz, New York (USA)<\/span><br \/>\n<span style=\"color: #000080;\"> Alina Kaganowicz, New York (USA)<\/span><br \/>\n<span style=\"color: #000080;\"> Mariusz Ka\u0142czewiak, Tel Awiw (Izrael)<\/span><br \/>\n<span style=\"color: #000080;\"> Bronka Karst, Buffalo (USA)<\/span><br \/>\n<span style=\"color: #000080;\"> Piotr Kendziorek, Warszawa<\/span><br \/>\n<span style=\"color: #000080;\"> Marzanna Bogumi\u0142a Kielar, Warszawa<\/span><br \/>\n<span style=\"color: #000080;\"> Kasia Kietli\u0144ska, Gross Pointe, Miami (USA)<\/span><br \/>\n<span style=\"color: #000080;\"> Tomasz Kietli\u0144ski, Gross Pointe, Miami (USA)<\/span><br \/>\n<span style=\"color: #000080;\"> Maciej Klauzner, G\u00f6teborg (Szwecja) \u2013 Warszawa (Polska)<\/span><br \/>\n<span style=\"color: #000080;\"> Micha\u0142 Klinger, Warszawa<\/span><br \/>\n<span style=\"color: #000080;\"> Wies\u0142aw Kocha\u0144ski, Sztokholm (Szwecja)<\/span><br \/>\n<span style=\"color: #000080;\"> Elisabeth Kofman, Grenoble (Francja)<\/span><br \/>\n<span style=\"color: #000080;\"> Marta Konarzewska, Warszawa<\/span><br \/>\n<span style=\"color: #000080;\"> Janina Kornel, Warszawa<\/span><br \/>\n<span style=\"color: #000080;\"> Yga Kostrzewa, Warszawa<\/span><br \/>\n<span style=\"color: #000080;\"> Sergiusz Kowalski, Warszawa<\/span><br \/>\n<span style=\"color: #000080;\"> Ewa Ko\u017ami\u0144ska-Frejlak, Warszawa<\/span><br \/>\n<span style=\"color: #000080;\"> Joanna Krakowska, Warszawa<\/span><br \/>\n<span style=\"color: #000080;\"> Andrzej Krakowski (USA, DS)<\/span><br \/>\n<span style=\"color: #000080;\"> Bart\u0142omiej Krupa, Warszawa<\/span><br \/>\n<span style=\"color: #000080;\"> Anne Kuka, Berlin (Niemcy)<\/span><br \/>\n<span style=\"color: #000080;\"> Robert Kulpa, Londyn (Wielka Brytania)<\/span><br \/>\n<span style=\"color: #000080;\"> Roman Kurkiewicz, Warszawa<\/span><br \/>\n<span style=\"color: #000080;\"> Joseph Kwadrat, London (Wielka Brytania)<\/span><br \/>\n<span style=\"color: #000080;\"> Anna Kwiatkowska, Bia\u0142ystok<\/span><br \/>\n<span style=\"color: #000080;\"> Bartosz Kwieci\u0144ski, Krak\u00f3w<\/span><br \/>\n<span style=\"color: #000080;\"> Borys Lankosz, Warszawa<\/span><br \/>\n<span style=\"color: #000080;\"> Jan Lapter (Szwecja\/Polska)<\/span><br \/>\n<span style=\"color: #000080;\"> Anna Lewkowicz, Ottawa (Canada)<\/span><br \/>\n<span style=\"color: #000080;\"> Henryk Lewkowicz, Ottawa (Canada)<\/span><br \/>\n<span style=\"color: #000080;\"> Marcin Liber, Warszawa<\/span><br \/>\n<span style=\"color: #000080;\"> Dariusz Libionka, Lublin<\/span><br \/>\n<span style=\"color: #000080;\"> Dorota Liliental, Warszawa<\/span><br \/>\n<span style=\"color: #000080;\"> Sebastian Liszka, Krak\u00f3w<\/span><br \/>\n<span style=\"color: #000080;\"> Krzysztof \u0141ukasiewicz, Warszawa<\/span><br \/>\n<span style=\"color: #000080;\"> Anna Mach, Warszawa<\/span><br \/>\n<span style=\"color: #000080;\"> El\u017cbieta Magenheim, Warszawa<\/span><br \/>\n<span style=\"color: #000080;\"> Magdalena Majewska, Warszawa<\/span><br \/>\n<span style=\"color: #000080;\"> Rafa\u0142 Majka, Warszawa<\/span><br \/>\n<span style=\"color: #000080;\"> Anna Mak\u00f3wka-Kwapisiewicz, Krak\u00f3w<\/span><br \/>\n<span style=\"color: #000080;\"> Rafa\u0142 Maszkowski, Warszawa<\/span><br \/>\n<span style=\"color: #000080;\"> Konrad Matyjaszek, Edynburg (Wielka Brytania)<\/span><br \/>\n<span style=\"color: #000080;\"> Wojciech Mazan<\/span><br \/>\n<span style=\"color: #000080;\"> Aleksander Milchtach Slaw, Kopenhaga (Dania)<\/span><br \/>\n<span style=\"color: #000080;\"> Andrzej Milewski<\/span><br \/>\n<span style=\"color: #000080;\"> Jaros\u0142aw Mikos, Warszawa<\/span><br \/>\n<span style=\"color: #000080;\"> Olek Mincer, Rzym (W\u0142ochy)<\/span><br \/>\n<span style=\"color: #000080;\"> Joanna Mizieli\u0144ska, Warszawa<\/span><br \/>\n<span style=\"color: #000080;\"> Anna Molda<\/span><br \/>\n<span style=\"color: #000080;\"> Grzegorz Molda<\/span><br \/>\n<span style=\"color: #000080;\"> Alina Molisak, Warszawa<\/span><br \/>\n<span style=\"color: #000080;\"> Magdalena Mosiewicz, Warszawa<\/span><br \/>\n<span style=\"color: #000080;\"> Agnieszka Mrozik, Warszawa<\/span><br \/>\n<span style=\"color: #000080;\"> Lilia Neuman<\/span><br \/>\n<span style=\"color: #000080;\"> Marcin Obuchowski, Bia\u0142a Podlaska<\/span><br \/>\n<span style=\"color: #000080;\"> Arkadiusz Pacholski, Kalisz<\/span><br \/>\n<span style=\"color: #000080;\"> Micha\u0142 Pa\u0142ka-Keff, Warszawa<\/span><br \/>\n<span style=\"color: #000080;\"> Agata Patalas, Warszawa<\/span><br \/>\n<span style=\"color: #000080;\"> Maria Paw\u0142owska, Warszawa<\/span><br \/>\n<span style=\"color: #000080;\"> Marek Pelc, Frankfurt nad Menem (Niemcy)<\/span><br \/>\n<span style=\"color: #000080;\"> Piotr P\u0119zi\u0144ski, Warszawa<\/span><br \/>\n<span style=\"color: #000080;\"> Tomasz Pi\u0105tek, Warszawa<\/span><br \/>\n<span style=\"color: #000080;\"> Joanna Piotrowska, Warszawa<\/span><br \/>\n<span style=\"color: #000080;\"> Micha\u0142 P\u0142aczek, Warszawa<\/span><br \/>\n<span style=\"color: #000080;\"> Monika P\u0142atek, Warszawa<\/span><br \/>\n<span style=\"color: #000080;\"> Jan Popiel (Kanada)<\/span><br \/>\n<span style=\"color: #000080;\"> Micha\u0142 Pospiszyl, Warszawa<\/span><br \/>\n<span style=\"color: #000080;\"> Joanna Preizner, Krak\u00f3w<\/span><br \/>\n<span style=\"color: #000080;\"> Katarzyna Prot, Warszawa<\/span><br \/>\n<span style=\"color: #000080;\"> Bogdan Puszkarczyk, Monachium (Niemcy)<\/span><br \/>\n<span style=\"color: #000080;\"> Iwona Puszkarczyk, Monachium (Niemcy)<\/span><br \/>\n<span style=\"color: #000080;\"> Laura Quercioli-Mincer, Rzym (W\u0142ochy)<\/span><br \/>\n<span style=\"color: #000080;\"> Grzegorz Rabanowski, Warszawa<\/span><br \/>\n<span style=\"color: #000080;\"> Katarzyna Rabanowska, Warszawa<\/span><br \/>\n<span style=\"color: #000080;\"> Anna Rabczy\u0144ska, Pary\u017c (Francja)<\/span><br \/>\n<span style=\"color: #000080;\"> Jacek Rakowiecki, Krak\u00f3w<\/span><br \/>\n<span style=\"color: #000080;\"> Natalie Ringler, Sztokholm (Szwecja)<\/span><br \/>\n<span style=\"color: #000080;\"> Ewa Romkowska, Warszawa<\/span><br \/>\n<span style=\"color: #000080;\"> Fred Rothzeid, Cincinati (USA)<\/span><br \/>\n<span style=\"color: #000080;\"> Karina Rothzeid, Cincinati (USA)<\/span><br \/>\n<span style=\"color: #000080;\"> Freda Rozenbaum Uziyel, Londyn (Wielka Brytania) \u2013 Tel Aviv (Izrael)<\/span><br \/>\n<span style=\"color: #000080;\"> Rickard Rozenberg, G\u00f6teborg (Szwecja)<\/span><br \/>\n<span style=\"color: #000080;\"> Walter R\u00f3\u017cycki, Denver (USA)<\/span><br \/>\n<span style=\"color: #000080;\"> Ma\u0142gorzata Ewa Rybicka, Gda\u0144sk<\/span><br \/>\n<span style=\"color: #000080;\"> Hanna Samson, Warszawa<\/span><br \/>\n<span style=\"color: #000080;\"> Paula Sawicka, Warszawa<\/span><br \/>\n<span style=\"color: #000080;\"> Jaff Schatz, Lund (Szwecja)<\/span><br \/>\n<span style=\"color: #000080;\"> Ester Segalis R\u00f3\u017cycki, Aurora (USA)<\/span><br \/>\n<span style=\"color: #000080;\"> Ewa Skowro\u0144ska Slaw, Kopenhaga (Dania)<\/span><br \/>\n<span style=\"color: #000080;\"> Maria S\u0142yk, Warszawa<\/span><br \/>\n<span style=\"color: #000080;\"> Leopold Sobel, Lund (Szwecja)<\/span><br \/>\n<span style=\"color: #000080;\"> Marta Soko\u0142owska, Warszawa<\/span><br \/>\n<span style=\"color: #000080;\"> Henryk Spalter (Izrael)<\/span><br \/>\n<span style=\"color: #000080;\"> Beata Stasi\u0144ska, Warszawa<\/span><br \/>\n<span style=\"color: #000080;\"> Katrin Stoll, Warszawa<\/span><br \/>\n<span style=\"color: #000080;\"> Marek Susdorf, Warszawa<\/span><br \/>\n<span style=\"color: #000080;\"> Artur Szachter (Izrael)<\/span><br \/>\n<span style=\"color: #000080;\"> Katarzyna Szaniawska, Warszawa<\/span><br \/>\n<span style=\"color: #000080;\"> Maja Sznirling, Szczecin<\/span><br \/>\n<span style=\"color: #000080;\"> Edward Szpruch, Riszon LeCyjon (Izrael)<\/span><br \/>\n<span style=\"color: #000080;\"> Lili Szpruch, Riszon LeCyjon (Izrael)<\/span><br \/>\n<span style=\"color: #000080;\"> Piotr Szumlewicz, Warszawa<\/span><br \/>\n<span style=\"color: #000080;\"> Bella Szwarcman-Czarnota, Warszawa<\/span><br \/>\n<span style=\"color: #000080;\"> Leon Szyfer, Toronto (Kanada)<\/span><br \/>\n<span style=\"color: #000080;\"> Teresa \u015amiechowska, Warszawa<\/span><br \/>\n<span style=\"color: #000080;\"> Marcin Teodorczyk, Warszawa<\/span><br \/>\n<span style=\"color: #000080;\"> Andrzej Titkow, Warszawa<\/span><br \/>\n<span style=\"color: #000080;\"> Joanna Tokarska-Bakir, Warszawa<\/span><br \/>\n<span style=\"color: #000080;\"> Zofia Tylim-Duracz, Sztokholm (Szwecja)<\/span><br \/>\n<span style=\"color: #000080;\"> Grzegorz Uzda\u0144ski, Warszawa<\/span><br \/>\n<span style=\"color: #000080;\"> Krzysztof Wagner, Warszawa<\/span><br \/>\n<span style=\"color: #000080;\"> Magdalena Walig\u00f3rska, Bremen (Niemcy)<\/span><br \/>\n<span style=\"color: #000080;\"> Sara Wasersztrum, Sztokholm (Szwecja)<\/span><br \/>\n<span style=\"color: #000080;\"> Marek Web, New York (USA)<\/span><br \/>\n<span style=\"color: #000080;\"> Ewa Weber, Kopenhaga (Dania)<\/span><br \/>\n<span style=\"color: #000080;\"> Halina Weintraub, Sztokholm (Szwecja)<\/span><br \/>\n<span style=\"color: #000080;\"> Katarzyna Weintraub, Berlin (Niemcy)<\/span><br \/>\n<span style=\"color: #000080;\"> Piotr Weiser, Krak\u00f3w<\/span><br \/>\n<span style=\"color: #000080;\"> Daniel Wencel, San Jose (USA)<\/span><br \/>\n<span style=\"color: #000080;\"> Bo\u017cena Werbart, Lund (Szwecja)<\/span><br \/>\n<span style=\"color: #000080;\"> Wojciech Wilczyk, Krak\u00f3w<\/span><br \/>\n<span style=\"color: #000080;\"> Joanna Winter (Szwecja)<\/span><br \/>\n<span style=\"color: #000080;\"> Irena Wiszniewska, Warszawa<\/span><br \/>\n<span style=\"color: #000080;\"> Jan Wole\u0144ski, Sucha Beskidzka<\/span><br \/>\n<span style=\"color: #000080;\"> Ma\u0142gorzata Wo\u0142y\u0144ska<\/span><br \/>\n<span style=\"color: #000080;\"> Tad Wojnicki, Hsinchu (Taiwan)<\/span><br \/>\n<span style=\"color: #000080;\"> Magdalena W\u00f3jcik<\/span><br \/>\n<span style=\"color: #000080;\"> Dominika Wr\u00f3blewska, Warszawa<\/span><br \/>\n<span style=\"color: #000080;\"> Ewa Yerushalmi, Londyn (Wielka Brytania)<\/span><br \/>\n<span style=\"color: #000080;\"> Anna Zawadzka, Warszawa<\/span><br \/>\n<span style=\"color: #000080;\"> Max Zinger, Thornhill (Canada)<\/span><br \/>\n<span style=\"color: #000080;\"> Agnieszka Zi\u00f3\u0142kowska, Warszawa<\/span><\/p>\n<p><span style=\"color: #000080;\">List otwarty zosta\u0142 opublikowany na stronie Dziennika Opinii 27 marca. Podpisy zbierane by\u0142y do 10 kwietnia.<\/span><\/p>\n<hr \/>\n","protected":false},"excerpt":{"rendered":"<p>Dokument mozecie zciagnac. Aby przeczytac dokument on-line musisz miec Chrom lub iExplorer 10\/11 Pod listem podpisali si\u0119 r\u00f3wnie\u017c: Halina Adamczak, Los Angeles (USA) Ma\u0142gorzata Adamczyk Suzi Andreis, Warszawa Agata Araszkiewicz, Bruksela (Belgia) Alicja Arcimowicz, Warszawa Vladimir Artman, Thousand Oaks (USA) Pawe\u0142 Barabasz, Warszawa \u0141ukasz Biedka, Warszawa Jerzy Borensztajn, Tel Awiw (Izrael) Shlomo Brandel, Los Angeles [&hellip;]<\/p>\n","protected":false},"author":1,"featured_media":0,"comment_status":"closed","ping_status":"closed","sticky":false,"template":"","format":"standard","meta":[],"categories":[4],"tags":[24],"_links":{"self":[{"href":"https:\/\/www.reunion68.se\/index.php?rest_route=\/wp\/v2\/posts\/1447"}],"collection":[{"href":"https:\/\/www.reunion68.se\/index.php?rest_route=\/wp\/v2\/posts"}],"about":[{"href":"https:\/\/www.reunion68.se\/index.php?rest_route=\/wp\/v2\/types\/post"}],"author":[{"embeddable":true,"href":"https:\/\/www.reunion68.se\/index.php?rest_route=\/wp\/v2\/users\/1"}],"replies":[{"embeddable":true,"href":"https:\/\/www.reunion68.se\/index.php?rest_route=%2Fwp%2Fv2%2Fcomments&post=1447"}],"version-history":[{"count":23,"href":"https:\/\/www.reunion68.se\/index.php?rest_route=\/wp\/v2\/posts\/1447\/revisions"}],"predecessor-version":[{"id":1589,"href":"https:\/\/www.reunion68.se\/index.php?rest_route=\/wp\/v2\/posts\/1447\/revisions\/1589"}],"wp:attachment":[{"href":"https:\/\/www.reunion68.se\/index.php?rest_route=%2Fwp%2Fv2%2Fmedia&parent=1447"}],"wp:term":[{"taxonomy":"category","embeddable":true,"href":"https:\/\/www.reunion68.se\/index.php?rest_route=%2Fwp%2Fv2%2Fcategories&post=1447"},{"taxonomy":"post_tag","embeddable":true,"href":"https:\/\/www.reunion68.se\/index.php?rest_route=%2Fwp%2Fv2%2Ftags&post=1447"}],"curies":[{"name":"wp","href":"https:\/\/api.w.org\/{rel}","templated":true}]}}