{"id":14509,"date":"2015-02-15T19:09:02","date_gmt":"2015-02-15T17:09:02","guid":{"rendered":"http:\/\/www.reunion68.se\/?p=14509"},"modified":"2015-02-15T22:54:27","modified_gmt":"2015-02-15T20:54:27","slug":"14509","status":"publish","type":"post","link":"https:\/\/www.reunion68.se\/?p=14509","title":{"rendered":"Terror w Kopenhadze"},"content":{"rendered":"<p><img decoding=\"async\" class=\"spotlight aligncenter\" style=\"width: 710px;\" src=\"https:\/\/scontent-ams.xx.fbcdn.net\/hphotos-xpa1\/v\/t1.0-9\/10991118_852389088151279_8176071216654318142_n.jpg?oh=c41fe656dab3cf9c22031bd694faf333&amp;oe=55919809\" alt=\"\" width=\"710\" \/><\/p>\n<hr style=\"height: 15px; background: #d0e6fa; width: 710px;\" \/>\n<h5 style=\"text-align: center;\"><a href=\"http:\/\/www.polityka.pl\/\" target=\"_blank\"><img decoding=\"async\" class=\"center alignleft\" src=\"http:\/\/www.reunion68.com\/Biuletyn\/img\/polityka.jpg\" alt=\"\" \/><\/a><span style=\"text-decoration: underline; color: #000080;\"><span style=\"text-decoration: underline;\"><strong><a style=\"color: #000080; text-decoration: underline;\" href=\"http:\/\/www.polityka.pl\/tygodnikpolityka\/swiat\/1609137,1,terror-w-kopenhadze.read\" target=\"_blank\">Terror w Kopenhadze<\/a><\/strong><\/span><\/span><\/h5>\n<hr style=\"height: 15px; background: #d0e6fa; width: 710px;\" \/>\n<div style=\"width: 360px\" class=\"wp-caption alignright\"><img decoding=\"async\" src=\"\/\/static.polityka.pl\/_resource\/res\/path\/f5\/bd\/f5bd0760-c9f8-4779-b486-12b5e1796441_665x665\" alt=\"Witryna kawiarni, ostrzelanej w Kopenhadze w sobot\u0119 po po\u0142udniu.\" width=\"350\" \/><p class=\"wp-caption-text\"><span style=\"color: #000080;\">Witryna kawiarni, ostrzelanej w Kopenhadze w sobot\u0119 po po\u0142udniu.<\/span><\/p><\/div>\n<p style=\"text-align: left;\"><span style=\"color: #333333;\"><strong>W stolicy Danii dosz\u0142o do kilku strzelanin: w pobli\u017cu synagogi, w dzielnicy imigrant\u00f3w, a wcze\u015bniej podczas spotkania ze szwedzkim rysownikiem karykatur Mahometa. Policja \u0142\u0105czy wszystkie te incydenty.<\/strong><\/span><\/p>\n<p style=\"text-align: left;\"><span style=\"color: #000080;\">Nad ranem w niedziel\u0119 policja zastrzeli\u0142a m\u0119\u017cczyzn\u0119 w dzielnicy Norrebro. Wed\u0142ug policji, nagrania z monitoringu \u015bwiadcz\u0105 o tym, \u017ce sta\u0142 on za dwoma atakami w Kopenhadze. Nie wiadomo, by mia\u0142 wsp\u00f3lnik\u00f3w.<\/span><\/p>\n<p style=\"text-align: left;\"><span style=\"color: #000080;\"><strong>Do pierwszej strzelaniny<\/strong> dosz\u0142o w sobot\u0119 po po\u0142udniu. W kierunku kawiarni, w kt\u00f3rej odbywa\u0142a si\u0119 debata pod has\u0142em \u201eSztuka, blu\u017anierstwo i wolno\u015b\u0107 ekspresji\u201d, w ci\u0105gu dw\u00f3ch minut wystrzelono ok.30-40 pocisk\u00f3w. W spotkaniu bra\u0142 udzia\u0142 kontrowersyjny szwedzki artysta Lars Vilks, znany m.in. z karykatur Mahometa. Vilks znajdowa\u0142 si\u0119 na li\u015bcie cel\u00f3w Al-Kaidy, opublikowanej w internetowym magazynie \u201eInspire\u201d, tej samej, na kt\u00f3rej umieszczono nazwiska rysownik\u00f3w paryskiego magazynu \u201eCharlie Hebdo\u201d.<\/span><\/p>\n<p style=\"text-align: left;\"><span style=\"color: #000080;\">W spotkaniu uczestniczy\u0142 te\u017c ambasador Francji w Danii Fran\u00e7ois Zimeray, kt\u00f3ry poinformowa\u0142 p\u00f3\u017aniej na Twitterze, \u017ce nic mu si\u0119 nie sta\u0142o.<\/span><\/p>\n<p style=\"text-align: left;\"><span style=\"color: #000080;\">Witryna kawiarni, ostrzelanej w Kopenhadze w sobot\u0119 po po\u0142udniu.<\/span><br \/>\n<span style=\"color: #000080;\"> Mathias OEgendal\/Reuters\/Forum<\/span><\/p>\n<p style=\"text-align: left;\"><span style=\"color: #000080;\">Witryna kawiarni, ostrzelanej w Kopenhadze w sobot\u0119 po po\u0142udniu.\u00a0W spotkaniu uczestniczy\u0142 te\u017c ambasador Francji w Danii Fran\u00e7ois Zimeray, kt\u00f3ry poinformowa\u0142 p\u00f3\u017aniej na Twitterze, \u017ce nic mu si\u0119 nie sta\u0142o.\u00a0W wyniku strzelaniny jedna osoba zgin\u0119\u0142a, a trzej policjanci zostali ranni.<\/span><\/p>\n<p style=\"text-align: left;\"><span style=\"color: #000080;\">Policja poszukuje m\u0119\u017cczyzny \u201ew wieku 25-30 lat, wzrostu oko\u0142o 185 cm, o sportowej sylwetce i urodzie arabskiej z prostymi w\u0142osami\u201d. W\u0142adze okre\u015bli\u0142y t\u0119 strzelanin\u0119 jako \u201eakt terrorystyczny\u201d.<\/span><\/p>\n<p style=\"text-align: right;\"><span style=\"color: #000080;\">Czytaj dalej tu: <span style=\"text-decoration: underline;\"><strong><a style=\"color: #000080; text-decoration: underline;\" href=\"http:\/\/www.polityka.pl\/tygodnikpolityka\/swiat\/1609137,1,terror-w-kopenhadze.read\" target=\"_blank\">Terror w Kopenhadze<\/a><\/strong><\/span><\/span><\/p>\n<hr style=\"height: 15px; background: #d0e6fa; width: 710px;\" \/>\n<div id=\"content\" class=\"  content-alignment&lt;br \/&gt;&lt;br \/&gt; \">\n<div id=\"watch-description\" class=\"yt-uix-button-panel\">\n<div id=\"watch-description-text\">\n<p style=\"text-align: center;\"><span style=\"color: #808080;\"> twoje uwagi, linki, wlasne artykuly, lub wiadomosci przeslij do: <strong><span style=\"text-decoration: underline;\"><span style=\"color: #808080; text-decoration: underline;\"><a href=\"mailto:webmaster@reunion68.com\">webmaster@reunion68.com<\/a><\/span><\/span><\/strong><\/span><\/p>\n<\/div>\n<\/div>\n<\/div>\n<p>&nbsp;<\/p>\n<hr style=\"width: 710px;\" \/>\n","protected":false},"excerpt":{"rendered":"<p>Terror w Kopenhadze W stolicy Danii dosz\u0142o do kilku strzelanin: w pobli\u017cu synagogi, w dzielnicy imigrant\u00f3w, a wcze\u015bniej podczas spotkania ze szwedzkim rysownikiem karykatur Mahometa. Policja \u0142\u0105czy wszystkie te incydenty. Nad ranem w niedziel\u0119 policja zastrzeli\u0142a m\u0119\u017cczyzn\u0119 w dzielnicy Norrebro. Wed\u0142ug policji, nagrania z monitoringu \u015bwiadcz\u0105 o tym, \u017ce sta\u0142 on za dwoma atakami w [&hellip;]<\/p>\n","protected":false},"author":1,"featured_media":0,"comment_status":"closed","ping_status":"closed","sticky":false,"template":"","format":"standard","meta":[],"categories":[6],"tags":[24],"_links":{"self":[{"href":"https:\/\/www.reunion68.se\/index.php?rest_route=\/wp\/v2\/posts\/14509"}],"collection":[{"href":"https:\/\/www.reunion68.se\/index.php?rest_route=\/wp\/v2\/posts"}],"about":[{"href":"https:\/\/www.reunion68.se\/index.php?rest_route=\/wp\/v2\/types\/post"}],"author":[{"embeddable":true,"href":"https:\/\/www.reunion68.se\/index.php?rest_route=\/wp\/v2\/users\/1"}],"replies":[{"embeddable":true,"href":"https:\/\/www.reunion68.se\/index.php?rest_route=%2Fwp%2Fv2%2Fcomments&post=14509"}],"version-history":[{"count":17,"href":"https:\/\/www.reunion68.se\/index.php?rest_route=\/wp\/v2\/posts\/14509\/revisions"}],"predecessor-version":[{"id":14511,"href":"https:\/\/www.reunion68.se\/index.php?rest_route=\/wp\/v2\/posts\/14509\/revisions\/14511"}],"wp:attachment":[{"href":"https:\/\/www.reunion68.se\/index.php?rest_route=%2Fwp%2Fv2%2Fmedia&parent=14509"}],"wp:term":[{"taxonomy":"category","embeddable":true,"href":"https:\/\/www.reunion68.se\/index.php?rest_route=%2Fwp%2Fv2%2Fcategories&post=14509"},{"taxonomy":"post_tag","embeddable":true,"href":"https:\/\/www.reunion68.se\/index.php?rest_route=%2Fwp%2Fv2%2Ftags&post=14509"}],"curies":[{"name":"wp","href":"https:\/\/api.w.org\/{rel}","templated":true}]}}