{"id":14593,"date":"2015-02-17T07:09:44","date_gmt":"2015-02-17T05:09:44","guid":{"rendered":"http:\/\/www.reunion68.se\/?p=14593"},"modified":"2015-02-17T08:34:09","modified_gmt":"2015-02-17T06:34:09","slug":"14593","status":"publish","type":"post","link":"https:\/\/www.reunion68.se\/?p=14593","title":{"rendered":"List Kazika Ratajzera wycofuj\u0105cy jego poprzedni list do Prezydenta Polski  13.02.2015 09:25:43"},"content":{"rendered":"<h5 style=\"text-align: center;\"><a href=\"http:\/\/www.holocaustresearch.pl\/\" target=\"_blank\"><img decoding=\"async\" class=\"center alignleft\" src=\"http:\/\/www.reunion68.com\/Biuletyn\/img\/centrum-z.png\" alt=\"\" width=\"300\" \/><\/a><span style=\"text-decoration: underline; color: #000080;\"><span style=\"text-decoration: underline;\"><strong><a style=\"color: #000080; text-decoration: underline;\" href=\"http:\/\/www.holocaustresearch.pl\/index.php?mod=news&amp;show=306\" target=\"_blank\">List Kazika Ratajzera wycofuj\u0105cy jego poprzedni list do Prezydenta Polski 13.02.2015 09:25:43<\/a><\/strong><\/span><\/span><\/h5>\n<hr style=\"height: 15px; background: #d0e6fa; width: 710px;\" \/>\n<p style=\"text-align: left;\"><span style=\"color: #000080;\">W reakcji na publikacj\u0119 listu otwartego Bojownikow Warszawskiego Ghetta Kazika Ratajzera (Simcha Rotem) i Pniny Grynszpan Frymer do Prezydenta Polski w sprawie lokalizacji pomnika Sprawiedliwych przy pomniku Bohater\u00f3w Getta kancelaria Prezydenta og\u0142osi\u0142a wycofanie si\u0119 K. Ratajzera ze swojego pierwotnego stanowiska. Niestety nie uda\u0142o si\u0119 nam uzyska\u0107 dost\u0119pu do pe\u0142nej tre\u015bc listu, publikujemy wi\u0119c wyimki tego\u017c przes\u0142ane przez Fundacj\u0119 Pami\u0119\u0107 i Przysz\u0142o\u015b\u0107 \u2013 kt\u00f3ra kieruje pracami zwi\u0105zanymi z erygowaniem pomnika \u201eRatuj\u0105cym-Ocaleni\u201d.<\/span><\/p>\n<p style=\"text-align: left;\"><span style=\"color: #000080;\">W ostatnich tygodniach, po publikacji sprzeciwu wobec lokalizacji pomnika w bezpo\u015brednim s\u0105siedztwie pomnika Bohater\u00f3w Getta i Muzeum POLIN w postaci listu otwartego Bojownik\u00f3w Warszawskiego Getta Kazika Ratajzera (Simcha Rotem) i Pniny Grynszpan Frymer do Prezydenta RP Bronis\u0142awa Komorowskiego oraz Prezydent Miasta Sto\u0142ecznego Warszawy Hanny Gronkiewicz-Waltz kancelaria Prezydenta za po\u015brednictwem ministra Macieja Klimczaka poinformowa\u0142a o wycofaniu przez Kazika Ratajzera swojego sprzeciwu. W ostatnich 10 lutego do Centrum (na r\u0119ce Prof. B. Engelking, adresowany tak\u017ce do dyrektora \u017bIH Prof. P. \u015apiewaka) trafi\u0142 list sygnowany przez Konstantego Geberta (cz\u0142onka Zarz\u0105du Fundacji Pami\u0119\u0107 i Przysz\u0142o\u015b\u0107 \u2013 kt\u00f3ra kieruje pracami zwi\u0105zanymi z erygowaniem pomnika \u201eRatuj\u0105cym-Ocaleni\u201d). Konstanty Gebert w imieniu Fundacji zwraca\u0142 w nim uwag\u0119 na fakt, \u017ce publikuj\u0105c list protestacyjny obie instytucje winny tak\u017ce opublikowa\u0107 wycofanie si\u0119 przez K. Ratajzera z tego\u017c.<\/span><\/p>\n<p style=\"text-align: left;\"><span style=\"color: #000080;\">Tu zgadzamy si\u0119 z<strong> Konstantym Gebertem<\/strong> &#8211; powinni\u015bmy. <strong>Jak wskazuje autor pisma, kierowani \u201ezwyk\u0142\u0105 rzetelno\u015bci\u0105\u201d, a tak\u017ce rzetelno\u015bci\u0105 naukow\u0105 chcieli\u015bmy go opublikowa\u0107. Niestety nie mamy takiej mo\u017cliwo\u015bci, nie uda\u0142o si\u0119 nam bowiem uzyska\u0107 dost\u0119pu do listu K. Ratajzera wycofuj\u0105cego sw\u00f3j sprzeciw. Tak\u017ce fundacja Pami\u0119\u0107 i Przysz\u0142o\u015b\u0107 reprezentowana przez K. Geberta odm\u00f3wi\u0142a nam, informuj\u0105c, \u017ce nie posiada ca\u0142o\u015bci listu, a jedynie jego fragmenty.<\/strong><\/span><\/p>\n<p style=\"text-align: left;\"><strong><span style=\"color: #000080;\">Wspomniana wy\u017cej naukowa rzetelno\u015b\u0107 ka\u017ce nam zawsze pos\u0142ugiwa\u0107 si\u0119 kompletnym, nie zapo\u015bredniczonym \u017ar\u00f3d\u0142em. Powo\u0142ywanie si\u0119 na \u017ar\u00f3d\u0142o z drugiej r\u0119ki, dodatkowo w dokonanych przez kogo\u015b wycinkach obce jest stosowanym przez nas metodologii badawczej i szacunkowi do \u017ar\u00f3d\u0142a. Tak zreszt\u0105 post\u0105pili\u015bmy publikuj\u0105c in extenso, w formie skanu, otwarty list protestacyjny. Tak chcieli by\u015bmy tak\u017ce zrobi\u0107 w przypadku drugiego listu, wycofuj\u0105cego protest.<\/span><\/strong><\/p>\n<p style=\"text-align: left;\"><span style=\"color: #000080;\">Staj\u0105c jednak wobec wezwania Fundacji Pami\u0119\u0107 i Przysz\u0142o\u015b\u0107 sformu\u0142owanego przez Konstantego Geberta, a tak\u017ce niemo\u017cno\u015bci pozyskania pe\u0142nego \u017ar\u00f3d\u0142a poni\u017cej prezentujemy wspomniane fragmenty przekazane nam przez Fundacj\u0119 wraz z pismem K. Geberta.<\/span><\/p>\n<hr style=\"height: 15px; background: #d0e6fa; width: 710px;\" \/>\n<p><a href=\"http:\/\/www.holocaustresearch.pl\/nowy\/photo\/Gebert_list.jpg\"><img decoding=\"async\" class=\" alignleft\" src=\"http:\/\/www.holocaustresearch.pl\/nowy\/photo\/Gebert_list.jpg\" alt=\"\" width=\"330\" align=\"absMiddle\" border=\"0\" hspace=\"8\" vspace=\"8\" \/><\/a><\/p>\n<p><a href=\"http:\/\/www.holocaustresearch.pl\/nowy\/photo\/Rotem_list_wyimki-1.jpg\"><img decoding=\"async\" class=\" alignright\" src=\"http:\/\/www.holocaustresearch.pl\/nowy\/photo\/Rotem_list_wyimki-1.jpg\" alt=\"\" width=\"330\" align=\"absMiddle\" border=\"0\" hspace=\"8\" vspace=\"8\" \/><\/a><\/p>\n<hr style=\"height: 15px; background: #d0e6fa; width: 710px;\" \/>\n<p style=\"text-align: left;\"><span style=\"color: #333333;\"><strong>Webmaster Blogu Reunion68 otrzyma\u0142 przed tygodniem bardzo podobny list kt\u00f3ry znajdziecie poni\u017cej. Poniewa\u017c tez mia\u0142em zastrze\u017cenia ze list jest z drugiej r\u0119ki i dopasowany tak aby pasowa\u0142 intencjom przesy\u0142aj\u0105cego odpowiedzia\u0142em jak ni\u017cej:<\/strong><\/span><\/p>\n<p><strong><span style=\"color: #333333;\">[ list skierowany do naszego Blogu ]<\/span><\/strong><\/p>\n<p style=\"text-align: left;\"><em><span style=\"color: #333333;\"><strong>Szanowni Pa\u0144stwo,<\/strong><\/span><\/em><br \/>\n<em> <span style=\"color: #000080;\">jako \u017ce opublikowali\u015bcie Pa\u0144stwo list Kazika Ratajzera i Pniny Grynszpan z 15 stycznia br, s\u0105dz\u0119, \u017ce Waszych czytelnik\u00f3w mo\u017ce zainteresowa\u0107 nowy list pierwszego z sygnatariuszy, kt\u00f3rego fragmenty za\u0142\u0105czamy. List ten by\u0142 ju\u017c publikowany m.in. na stronach<\/span><\/em><br \/>\n<em><span style=\"color: #000080;\"><br \/>\n<strong><span style=\"text-decoration: underline;\"><a style=\"color: #000080; text-decoration: underline;\" href=\"http:\/\/www.prezydent.pl\/kancelaria\/aktywnosc-ministrow\/art,1177,prezydent-popiera-budowe-pomnika-polskich-sprawiedliwych.html\" target=\"_blank\">http:\/\/www.prezydent.pl\/kancelaria\/aktywnosc-ministrow\/art,1177,prezydent-popiera-budowe-pomnika-polskich-sprawiedliwych.html<\/a><\/span><\/strong><\/span><\/em><\/p>\n<p style=\"text-align: left;\"><strong><span style=\"text-decoration: underline;\"><em><span style=\"color: #000080; text-decoration: underline;\"><a style=\"color: #000080; text-decoration: underline;\" href=\"http:\/\/wyborcza.pl\/1,91446,17333525,Prezydent_popiera_budowe_pomnika_polskich_Sprawiedliwych.html\" target=\"_blank\">http:\/\/wyborcza.pl\/1,91446,17333525,Prezydent_popiera_budowe_pomnika_polskich_Sprawiedliwych.html<\/a><\/span><\/em><\/span><\/strong><br \/>\n<strong><span style=\"text-decoration: underline;\"> <em><span style=\"color: #000080; text-decoration: underline;\"> lecz zapewne umkn\u0105\u0142 Pa\u0144stwa uwadze.<\/span><\/em><\/span><\/strong><\/p>\n<p style=\"padding-left: 90px;\">***<br \/>\nWarszawa, 5.02.2015<br \/>\nFundacja Pami\u0119\u0107 i Przysz\u0142o\u015b\u0107 cytuje za kolejnym listem &#8220;Kazika&#8221; Simhy Rotema do Prezydenta RP, z dnia 25 stycznia, i dalej z 3 lutego 2015 roku, w kt\u00f3rym Pan Rotem anuluje sw\u00f3j podpis pod &#8220;Listem otwartym&#8221; z 19.01.2015, podkre\u015blaj\u0105c, \u017ce podtrzymuje swoje poparcie dla idei pomnika Ratuj\u0105cym &#8211; Ocaleni wyra\u017cone ju\u017c w czerwcu 2013r.<br \/>\n(\u2026)<br \/>\n\u201eJestem zmuszony zwr\u00f3ci\u0107 si\u0119 do Pana z WYJA\u015aNIEM w kontek\u015bcie sprawy pomnika Sprawiedliwym w niezmiernie bolesnych dla mnie okoliczno\u015bciach, kt\u00f3re czyni\u0105 ze mnie cz\u0142owieka, kt\u00f3rego s\u0142owo niewiele znaczy.<\/p>\n<p style=\"padding-left: 90px;\">W moim li\u015bcie do Pana Prezydenta z czerwca 2013 roku, po 70-tej rocznicy Powstania<br \/>\nw Getcie, dzi\u0119kowa\u0142em Panu za uroczysty charakter obchod\u00f3w oraz uhonorowanie mojej osoby. W tym te\u017c li\u015bcie zawar\u0142em opinie dotycz\u0105ce pomys\u0142u zbudowania w pobli\u017cu Muzeum Historii \u017byd\u00f3w Polskich pomnika Sprawiedliwym. Pragn\u0119 zacytowa\u0107 ten fragment:<br \/>\n\u201ePodczas pobytu w Warszawie dosz\u0142a mnie wiadomo\u015b\u0107 o projekcie wystawienia pomnika Sprawiedliwym. Rozumiem, \u017ce zdania s\u0105 podzielone co do lokalizacji tego pomnika. Wydaje mi si\u0119, \u017ce zbudowanie go w okolicy nowego muzeum, na Muranowie, gdzie splata si\u0119 historia Polak\u00f3w i \u017byd\u00f3w, jest najbardziej logiczne.\u201d<\/p>\n<p style=\"padding-left: 90px;\">Moj\u0105 opini\u0119 w tej kwestii nadal PODTRZYMUJ\u0118. My\u015bl powstania anonimowego symbolu najwy\u017cszego cz\u0142owiecze\u0144stwa, kt\u00f3ry tak pi\u0119knie streszczaj\u0105 s\u0142owa \u201eRatuj\u0105cym-Ocaleni\u201d, uwa\u017cam za godn\u0105 i s\u0142uszn\u0105. Od samego pocz\u0105tku koncepcji Muzeum, realizowanej na terenie straszliwej tragedii ko\u0144cz\u0105cej historie \u017byd\u00f3w Warszawy, przy\u015bwieca\u0142a my\u015bl, \u017ce b\u0119dzie ono po\u015bwi\u0119cone pami\u0119ci \u017bYCIA \u017byd\u00f3w Polskich.<\/p>\n<p style=\"padding-left: 90px;\">Poniewa\u017c pomnik \u201eRatuj\u0105cym \u2013 Ocaleni\u201d jest inicjatyw\u0105 Dzieci Holocaustu, ostatniego ju\u017c pokolenia tych, kt\u00f3rzy prze\u017cyli Shoah nale\u017cy uszanowa\u0107 t\u0119 wol\u0119 postawienia symbolu ich OCALONEGO \u017cycia. Jak podkre\u015blam ze wzruszeniem w moim przem\u00f3wieniu z 19 kwietnia 2013 roku \u2013 ludzkie \u017cycie jest \u015bwi\u0119te i st\u0105d moje ca\u0142kowite poparcie inicjatywy Dzieci Holokaustu. Z\u0142o i ludzkie okrucie\u0144stwo dzia\u0142o si\u0119 i dzieje si\u0119, czego dowodz\u0105 codzienne wiadomo\u015bci. Prawdziwe cz\u0142owiecze\u0144stwo zdarza si\u0119 niestety tak rzadko. Pozostawiajmy wi\u0119c jego \u015blady dla przysz\u0142ych pokole\u0144. Pomnik \u201eRatuj\u0105cym \u2013 Ocaleni\u201d mo\u017ce stanowi\u0107 dope\u0142nienie koncepcji Muzeum, dlatego te\u017c jego usytuowanie w pobli\u017cu uwa\u017cam za najbardziej logiczne. Z tym zastrze\u017ceniem, \u017ce pomnik nie powinien w \u017caden spos\u00f3b z pomnikiem Bohater\u00f3w Getta. (\u2026)<\/p>\n<p style=\"padding-left: 90px;\">\u201ePozosta\u0142o mi zatem o\u015bwiadczy\u0107 raz jeszcze, Panie Prezydencie, \u017ce mojej opinii z czerwca 2013 roku w sprawie pomnika \u201eRatuj\u0105cym \u2013 Ocaleni\u201d nie zmieniam i \u017ce popieram inicjatyw\u0119 Dzieci Holocaustu. Tym samym m\u00f3j podpis pod protestem ze stycznia 2015 roku ANULUJ\u0118. Je\u015bli zaistnieje taka potrzeba, opini\u0119 swoj\u0105 potwierdz\u0119 osobi\u015bcie publicznie.\u201d (\u2026)<br \/>\nW nadziei, \u017ce to ostatecznie pomo\u017ce rozwi\u0105za\u0107 spraw\u0119,<\/p>\n<p style=\"padding-left: 90px;\">Raz jeszcze z wyrazami najwy\u017cszego szacunku,<br \/>\n\u201eKazik\u201d Simha Rotem<br \/>\nJerozolima, 3.02.2015r.<\/p>\n<p><em><span style=\"color: #000080;\">Na wypadek dodatkowych pyta\u0144 do Pa\u0144stwa dyspozycji pozostaje<\/span><\/em><br \/>\n<em><span style=\"color: #000080;\"> Karolina Szykier \u2013 Koszucka<\/span><\/em><br \/>\n<em><span style=\"color: #000080;\"> e: szykierkoszucka@gmail.com<\/span><\/em><br \/>\n<em><span style=\"color: #000080;\"> t: +48 501 481 376<\/span><\/em><\/p>\n<p><img decoding=\"async\" class=\"center aligncenter\" src=\"http:\/\/www.reunion68.com\/Biuletyn\/img\/break.png\" alt=\"\" \/><br \/>\n<strong>[ moja odpowiedz ]<\/strong><\/p>\n<p style=\"text-align: left;\"><em><span style=\"color: #000080;\">&#8220;Droga Pani<\/span><\/em><\/p>\n<p style=\"text-align: left;\"><em><span style=\"color: #000080;\">&#8230;.opublikowali\u015bmy ju\u017c na naszych stronach ostania wypowiedz Prezydenta. Blog Reunion68 nie jest politycznym, a tylko i wy\u0142\u0105cznie informatywnym.<\/span><\/em><\/p>\n<p style=\"text-align: left;\"><em><span style=\"color: #000080;\">Informacje kt\u00f3re zamieszczamy musza jednak spe\u0142nia\u0107 pewne wymogi. Nie zamieszczamy o\u015bwiadcze\u0144 i artyku\u0142\u00f3w w kt\u00f3rych meritum oparte jest na wyrwanych z kontekstu cytatach, w kt\u00f3rych autor sugeruje czytelnikowi\u00a0<\/span><\/em><em><span style=\"color: #000080;\">wnioski i rozwi\u0105zania, miast przedstawi\u0107 ca\u0142y tekst (drugiego listu \u201eKazika\u201d\u00a0<\/span><\/em><em><span style=\"color: #000080;\">Simha Rotem do Prezydenta RP ) i pozwoli\u0107 czytelnikowi samemu wybra\u0107\u00a0<\/span><\/em><em><span style=\"color: #000080;\">interpretacje listu.<\/span><\/em><\/p>\n<p style=\"text-align: left;\"><em><span style=\"color: #000080;\">Je\u017celi jednak jest to mo\u017cliwe to z chcecie opublikujemy ca\u0142y tekst drugiego\u00a0<\/span><\/em><em><span style=\"color: #000080;\">listu \u201eKazika\u201d Simha Rotem do Prezydenta RP.<\/span><\/em><\/p>\n<p style=\"text-align: left;\"><em><span style=\"color: #000080;\">Z wyrazami Szacunku<\/span><\/em><br \/>\n<em><span style=\"color: #000080;\"> Webmaster Reunion68<\/span><\/em><\/p>\n<hr style=\"height: 15px; background: #d0e6fa; width: 710px;\" \/>\n<div id=\"content\" class=\"  content-alignment&lt;br \/&gt;&lt;br \/&gt; \">\n<div id=\"watch-description\" class=\"yt-uix-button-panel\">\n<div id=\"watch-description-text\">\n<p style=\"text-align: center;\"><span style=\"color: #808080;\"> twoje uwagi, linki, wlasne artykuly, lub wiadomosci przeslij do: <strong><span style=\"text-decoration: underline;\"><span style=\"color: #808080; text-decoration: underline;\"><a href=\"mailto:webmaster@reunion68.com\">webmaster@reunion68.com<\/a><\/span><\/span><\/strong><\/span><\/p>\n<\/div>\n<\/div>\n<\/div>\n<p>&nbsp;<\/p>\n<hr style=\"width: 710px;\" \/>\n","protected":false},"excerpt":{"rendered":"<p>List Kazika Ratajzera wycofuj\u0105cy jego poprzedni list do Prezydenta Polski 13.02.2015 09:25:43 W reakcji na publikacj\u0119 listu otwartego Bojownikow Warszawskiego Ghetta Kazika Ratajzera (Simcha Rotem) i Pniny Grynszpan Frymer do Prezydenta Polski w sprawie lokalizacji pomnika Sprawiedliwych przy pomniku Bohater\u00f3w Getta kancelaria Prezydenta og\u0142osi\u0142a wycofanie si\u0119 K. Ratajzera ze swojego pierwotnego stanowiska. Niestety nie uda\u0142o [&hellip;]<\/p>\n","protected":false},"author":1,"featured_media":0,"comment_status":"closed","ping_status":"closed","sticky":false,"template":"","format":"standard","meta":[],"categories":[4],"tags":[24],"_links":{"self":[{"href":"https:\/\/www.reunion68.se\/index.php?rest_route=\/wp\/v2\/posts\/14593"}],"collection":[{"href":"https:\/\/www.reunion68.se\/index.php?rest_route=\/wp\/v2\/posts"}],"about":[{"href":"https:\/\/www.reunion68.se\/index.php?rest_route=\/wp\/v2\/types\/post"}],"author":[{"embeddable":true,"href":"https:\/\/www.reunion68.se\/index.php?rest_route=\/wp\/v2\/users\/1"}],"replies":[{"embeddable":true,"href":"https:\/\/www.reunion68.se\/index.php?rest_route=%2Fwp%2Fv2%2Fcomments&post=14593"}],"version-history":[{"count":25,"href":"https:\/\/www.reunion68.se\/index.php?rest_route=\/wp\/v2\/posts\/14593\/revisions"}],"predecessor-version":[{"id":14619,"href":"https:\/\/www.reunion68.se\/index.php?rest_route=\/wp\/v2\/posts\/14593\/revisions\/14619"}],"wp:attachment":[{"href":"https:\/\/www.reunion68.se\/index.php?rest_route=%2Fwp%2Fv2%2Fmedia&parent=14593"}],"wp:term":[{"taxonomy":"category","embeddable":true,"href":"https:\/\/www.reunion68.se\/index.php?rest_route=%2Fwp%2Fv2%2Fcategories&post=14593"},{"taxonomy":"post_tag","embeddable":true,"href":"https:\/\/www.reunion68.se\/index.php?rest_route=%2Fwp%2Fv2%2Ftags&post=14593"}],"curies":[{"name":"wp","href":"https:\/\/api.w.org\/{rel}","templated":true}]}}