{"id":14656,"date":"2015-02-18T19:04:47","date_gmt":"2015-02-18T17:04:47","guid":{"rendered":"http:\/\/www.reunion68.se\/?p=14656"},"modified":"2015-02-17T14:32:34","modified_gmt":"2015-02-17T12:32:34","slug":"14656","status":"publish","type":"post","link":"https:\/\/www.reunion68.se\/?p=14656","title":{"rendered":"Wr\u00f3g u bram Italii"},"content":{"rendered":"<h5 style=\"text-align: center;\"><a href=\"http:\/\/www.polityka.pl\/\" target=\"_blank\"><img decoding=\"async\" class=\"center alignleft\" src=\"http:\/\/www.reunion68.com\/Biuletyn\/img\/polityka.jpg \" alt=\"\" \/><\/a><span style=\"text-decoration: underline; color: #000080;\"><span style=\"text-decoration: underline;\"><strong><a style=\"color: #000080; text-decoration: underline;\" href=\"http:\/\/www.polityka.pl\/tygodnikpolityka\/swiat\/1609357,1,wlochy-daza-do-wojskowej-interwencji-w-libii.read\" target=\"_blank\">Wr\u00f3g u bram Italii<\/a><\/strong><\/span><\/span><\/h5>\n<p style=\"text-align: center;\"><span style=\"color: #333333;\"><strong>Agnieszka Mazurczyk<\/strong><\/span><\/p>\n<hr style=\"height: 15px; background: #d0e6fa; width: 710px;\" \/>\n<div style=\"width: 460px\" class=\"wp-caption alignright\"><img decoding=\"async\" src=\"\/\/static.polityka.pl\/_resource\/res\/path\/27\/b7\/27b724e2-7418-4c3a-ad09-6a558b3f7cb3_470x\" alt=\"W\u0142oscy \u017co\u0142nierze podczas \u015bwi\u0119ta narodowego W\u0142och. Rzym, 2 czerwca 2010 roku.\" width=\"450\" \/><p class=\"wp-caption-text\"><span style=\"color: #000080;\">W\u0142oscy \u017co\u0142nierze podczas \u015bwi\u0119ta narodowego W\u0142och. Rzym, 2 czerwca 2010 roku.<\/span><\/p><\/div>\n<p><span style=\"color: #333333;\"><strong>O mi\u0119dzynarodow\u0105 interwencj\u0119 w Libii apeluj\u0105 W\u0142osi, od d\u0142u\u017cszego czasu \u017cyj\u0105cy w poczuciu zagro\u017cenia ze strony radyka\u0142\u00f3w z Pa\u0144stwa Islamskiego. Ci opanowali niedawno libijski port w Syrcie, le\u017c\u0105cy zaledwie 450 km od wybrze\u017cy Sycylii.<\/strong><\/span><\/p>\n<p style=\"text-align: left;\"><span style=\"color: #000080;\">Kiedy cz\u0142onkowie w\u0142oskiej stra\u017cy przybrze\u017cnej udzielaj\u0105cy pomocy imigrantom \u2013 dryfuj\u0105cym \u0142odzi\u0105 mil morskich od Trypolisu \u2013 us\u0142yszeli od przemytnik\u00f3w, \u017ce maj\u0105 zabiera\u0107 ludzi i odda\u0107 \u0142\u00f3d\u017a, bo jest potrzebna do kolejnego przerzutu we W\u0142oszech, sta\u0142o si\u0119 jasne, \u017ce sytuacja w Libii wymkn\u0119\u0142a si\u0119 spod kontroli. Jednak to brutalny mord na 21 egipskich chrze\u015bcijanach przeprowadzony przez zwolennik\u00f3w Pa\u0144stwa Islamskiego, do kt\u00f3rego dosz\u0142o w zesz\u0142y czwartek, odar\u0142 mieszka\u0144c\u00f3w Italii z resztek z\u0142udze\u0144.<\/span><\/p>\n<p style=\"text-align: left;\"><span style=\"color: #000080;\">W\u0142osi, kt\u00f3rzy do tej pory mieli k\u0142opot z p\u0142yn\u0105cymi masowo do nich nielegalnymi imigrantami, chc\u0105cymi np. przez Sycyli\u0119 dosta\u0107 si\u0119 do Europy, teraz maj\u0105 problem du\u017co wi\u0119kszy, bo statki transportuj\u0105ce przera\u017conych imigrant\u00f3w przy okazji wioz\u0105 te\u017c zwolennik\u00f3w Pa\u0144stwa Islamskiego. W\u0142oski wywiad sugeruje, \u017ce Sycylia sta\u0142a si\u0119 dla nich bram\u0105, przez kt\u00f3r\u0105 przedostaj\u0105 si\u0119 do Europy.<\/span><\/p>\n<p style=\"text-align: left;\"><span style=\"color: #000080;\">W styczniu prokuratura na Sycylii zacz\u0119\u0142a prowadzi\u0107 dochodzenie w sprawie islamskich terroryst\u00f3w, kt\u00f3rzy przedostaj\u0105 si\u0119 do W\u0142och na pok\u0142adach statk\u00f3w z nielegalnymi imigrantami. Rz\u0105d przyj\u0105\u0142 te\u017c pakiet ustaw antyterrorystycznych, kt\u00f3re przewiduj\u0105 od 3 do 6 lat wi\u0119zienia dla os\u00f3b, kt\u00f3re walczy\u0142y w szeregach d\u017cihadyst\u00f3w, tyle samo dla tych, kt\u00f3rzy im pomagaj\u0105, a od 5 do 10 lat \u2013 dla tych, kt\u00f3rzy przygotowuj\u0105 si\u0119 do walki terrorystycznej. Przy krajowej prokuraturze do walki z mafi\u0105 ma powsta\u0107 jej odpowiednik do walki z terroryzmem.<\/span><\/p>\n<p style=\"text-align: left;\"><span style=\"color: #000080;\">Libia jest dla W\u0142och bardzo istotna. To najwa\u017cniejszy s\u0105siad na po\u0142udniowym brzegu Morza \u015ar\u00f3dziemnego. Oba pa\u0144stwa dzieli zaledwie 100 km. W\u0142osi wydobywaj\u0105 tu gaz i rop\u0119, kt\u00f3re sprowadzaj\u0105 do siebie. Przed wybuchem libijskiej rewolucji w lutym 2011 r. ENI, czyli najwi\u0119kszy w\u0142oski koncern wydobywczy, dzia\u0142aj\u0105cy w Libii od ko\u0144ca lat 50., pozyskiwa\u0142 w tym p\u00f3\u0142nocnoafryka\u0144skim pa\u0144stwie 250 mln bary\u0142ek ropy dziennie, czyli 15 proc. globalnego wydobycia w\u0142oskich firm razem wzi\u0119tych. Porewolucyjny chaos bardzo ograniczy\u0142 mo\u017cliwo\u015bci W\u0142och\u00f3w w tym zakresie, a panosz\u0105cy si\u0119 w Libii radyka\u0142owie z Pa\u0144stwa Islamskiego mog\u0105 ograniczy\u0107 albo wr\u0119cz uniemo\u017cliwi\u0107 wydobycie na miejscu.<\/span><\/p>\n<p style=\"text-align: left;\"><span style=\"color: #000080;\">Interweniuj\u0105c w Libii, W\u0142osi maj\u0105 nadziej\u0119 zapewni\u0107 sobie nieprzerwane dostawy ropy i gazu. Licz\u0105, \u017ce wsp\u00f3lnie w innymi pa\u0144stwami ONZ przejm\u0105 kontrol\u0119 nad Libi\u0105, zanim zrobi\u0105 to radyka\u0142owie z Pa\u0144stwa Islamskiego.<\/span><\/p>\n<p style=\"text-align: right;\"><span style=\"color: #000080;\">Czytaj dalej tu: <span style=\"text-decoration: underline;\"><strong><a style=\"color: #000080; text-decoration: underline;\" href=\"http:\/\/www.polityka.pl\/tygodnikpolityka\/swiat\/1609357,1,wlochy-daza-do-wojskowej-interwencji-w-libii.read\" target=\"_blank\">Wr\u00f3g u bram Italii<\/a><\/strong><\/span><\/span><\/p>\n<hr style=\"height: 15px; background: #d0e6fa; width: 710px;\" \/>\n<div id=\"content\" class=\"  content-alignment&lt;br \/&gt;&lt;br \/&gt; \">\n<div id=\"watch-description\" class=\"yt-uix-button-panel\">\n<div id=\"watch-description-text\">\n<p style=\"text-align: center;\"><span style=\"color: #808080;\"> twoje uwagi, linki, wlasne artykuly, lub wiadomosci przeslij do: <strong><span style=\"text-decoration: underline;\"><span style=\"color: #808080; text-decoration: underline;\"><a href=\"mailto:webmaster@reunion68.com\">webmaster@reunion68.com<\/a><\/span><\/span><\/strong><\/span><\/p>\n<\/div>\n<\/div>\n<\/div>\n<p>&nbsp;<\/p>\n<hr style=\"width: 710px;\" \/>\n","protected":false},"excerpt":{"rendered":"<p>Wr\u00f3g u bram Italii Agnieszka Mazurczyk O mi\u0119dzynarodow\u0105 interwencj\u0119 w Libii apeluj\u0105 W\u0142osi, od d\u0142u\u017cszego czasu \u017cyj\u0105cy w poczuciu zagro\u017cenia ze strony radyka\u0142\u00f3w z Pa\u0144stwa Islamskiego. Ci opanowali niedawno libijski port w Syrcie, le\u017c\u0105cy zaledwie 450 km od wybrze\u017cy Sycylii. Kiedy cz\u0142onkowie w\u0142oskiej stra\u017cy przybrze\u017cnej udzielaj\u0105cy pomocy imigrantom \u2013 dryfuj\u0105cym \u0142odzi\u0105 mil morskich od Trypolisu [&hellip;]<\/p>\n","protected":false},"author":1,"featured_media":0,"comment_status":"closed","ping_status":"closed","sticky":false,"template":"","format":"standard","meta":[],"categories":[6],"tags":[24],"_links":{"self":[{"href":"https:\/\/www.reunion68.se\/index.php?rest_route=\/wp\/v2\/posts\/14656"}],"collection":[{"href":"https:\/\/www.reunion68.se\/index.php?rest_route=\/wp\/v2\/posts"}],"about":[{"href":"https:\/\/www.reunion68.se\/index.php?rest_route=\/wp\/v2\/types\/post"}],"author":[{"embeddable":true,"href":"https:\/\/www.reunion68.se\/index.php?rest_route=\/wp\/v2\/users\/1"}],"replies":[{"embeddable":true,"href":"https:\/\/www.reunion68.se\/index.php?rest_route=%2Fwp%2Fv2%2Fcomments&post=14656"}],"version-history":[{"count":16,"href":"https:\/\/www.reunion68.se\/index.php?rest_route=\/wp\/v2\/posts\/14656\/revisions"}],"predecessor-version":[{"id":14664,"href":"https:\/\/www.reunion68.se\/index.php?rest_route=\/wp\/v2\/posts\/14656\/revisions\/14664"}],"wp:attachment":[{"href":"https:\/\/www.reunion68.se\/index.php?rest_route=%2Fwp%2Fv2%2Fmedia&parent=14656"}],"wp:term":[{"taxonomy":"category","embeddable":true,"href":"https:\/\/www.reunion68.se\/index.php?rest_route=%2Fwp%2Fv2%2Fcategories&post=14656"},{"taxonomy":"post_tag","embeddable":true,"href":"https:\/\/www.reunion68.se\/index.php?rest_route=%2Fwp%2Fv2%2Ftags&post=14656"}],"curies":[{"name":"wp","href":"https:\/\/api.w.org\/{rel}","templated":true}]}}