{"id":1467,"date":"2014-05-22T06:53:57","date_gmt":"2014-05-22T04:53:57","guid":{"rendered":"http:\/\/www.reunion68.se\/?p=1467"},"modified":"2014-05-22T06:53:57","modified_gmt":"2014-05-22T04:53:57","slug":"znamy-juz-tegorocznych-laureatow-nagrody-im-marii-i-lukasza-hirszowiczow","status":"publish","type":"post","link":"https:\/\/www.reunion68.se\/?p=1467","title":{"rendered":"Znamy ju\u017c tegorocznych laureat\u00f3w Nagrody im. Marii i \u0141ukasza Hirszowicz\u00f3w!"},"content":{"rendered":"<h3 style=\"text-align: center;\"><img decoding=\"async\" class=\"alignleft\" src=\"http:\/\/www.reunion68.com\/Biuletyn\/img\/zih.png\" alt=\"\" \/> <span style=\"color: #000080; text-decoration: underline;\"><strong>Znamy ju\u017c tegorocznych laureat\u00f3w Nagrody im. Marii i \u0141ukasza Hirszowicz\u00f3w!<\/strong><\/span><\/h3>\n<p style=\"text-align: center;\"><span style=\"color: #000080;\">\u017bydowski Instytut Historyczny, 28 kwietnia 2014<img decoding=\"async\" class=\"alignright\" src=\"http:\/\/www.jhi.pl\/uploads\/image\/file\/4778\/layout_2__78B8680.jpg\" alt=\"\" width=\"350\" \/><\/span><\/p>\n<p style=\"text-align: left;\"><span style=\"color: #000080;\">24\u00a0kwietnia odby\u0142y si\u0119 obrady jury Nagrody w\u00a0sk\u0142adzie: prof. Gra\u017cyna Borkowska, prof. Barbara Engelking, dr\u00a0El\u017cbieta Neyman, prof. Jerzy Jedlicki, prof. Jerzy Tomaszewski, Bogdan Bia\u0142ek z\u00a0udzia\u0142em prof. Paw\u0142a \u015apiewaka \u2014\u00a0dyrektora \u017bydowskiego Instytutu Historycznego, wskazanego przez rodzin\u0119 Hirszowicz\u00f3w jako instytucja zarz\u0105dzaj\u0105ca Nagrod\u0105, oraz Mariana Turskiego \u2014\u00a0wiceprzewodnicz\u0105cego Stowarzyszenia \u017bydowski Instytut Historyczny.<\/span><\/p>\n<p style=\"text-align: left;\"><span style=\"color: #000080;\">Jury zdecydowa\u0142o, aby w\u00a0roku 2014 Nagrod\u0119 im. Marii i\u00a0\u0141ukasza Hirszowicz\u00f3w za\u00a0dzia\u0142alno\u015b\u0107 naukow\u0105 przyzna\u0107 dr\u00a0hab. Jolancie \u017byndul, a\u00a0Fundacji Brama Cukermana wr\u0119czy\u0107 Nagrod\u0119 za\u00a0aktywno\u015b\u0107 edukacyjn\u0105, upami\u0119tniaj\u0105c\u0105 obecno\u015b\u0107 i\u00a0losy \u017byd\u00f3w b\u0119dzi\u0144skich.<\/span><\/p>\n<p style=\"text-align: left;\"><span style=\"color: #000080;\"><strong>Uroczysto\u015b\u0107 wr\u0119czenia nagr\u00f3d odb\u0119dzie si\u0119\u00a02\u00a0czerwca br., o\u00a0godz. 18:00 w\u00a0siedzibie \u017bydowskiego Instytutu Historycznego przy ul. T\u0142omackie 3\/5. Laudacje wyg\u0142osz\u0105 prof. Marcin Kula oraz prof. Pawe\u0142 \u015apiewak. O Fundatorach Nagrody opowie za\u015b przyjaci\u00f3\u0142ka rodziny Hirszowicz\u00f3w El\u017cbieta Neyman.\u00a0<\/strong><\/span><\/p>\n<p><span style=\"color: #000080;\">Czytaj wiecej tu &#8230; <span style=\"text-decoration: underline;\"><strong><a href=\"http:\/\/www.jhi.pl\/blog\/142\" target=\"_blank\"><span style=\"color: #000080; text-decoration: underline;\"> \u017bydowski Instytut Historyczny <\/span><\/a><\/strong><\/span><\/span><\/p>\n<hr \/>\n","protected":false},"excerpt":{"rendered":"<p>Znamy ju\u017c tegorocznych laureat\u00f3w Nagrody im. Marii i \u0141ukasza Hirszowicz\u00f3w! \u017bydowski Instytut Historyczny, 28 kwietnia 2014 24\u00a0kwietnia odby\u0142y si\u0119 obrady jury Nagrody w\u00a0sk\u0142adzie: prof. Gra\u017cyna Borkowska, prof. Barbara Engelking, dr\u00a0El\u017cbieta Neyman, prof. Jerzy Jedlicki, prof. Jerzy Tomaszewski, Bogdan Bia\u0142ek z\u00a0udzia\u0142em prof. Paw\u0142a \u015apiewaka \u2014\u00a0dyrektora \u017bydowskiego Instytutu Historycznego, wskazanego przez rodzin\u0119 Hirszowicz\u00f3w jako instytucja zarz\u0105dzaj\u0105ca Nagrod\u0105, [&hellip;]<\/p>\n","protected":false},"author":1,"featured_media":0,"comment_status":"closed","ping_status":"closed","sticky":false,"template":"","format":"standard","meta":[],"categories":[4],"tags":[24],"_links":{"self":[{"href":"https:\/\/www.reunion68.se\/index.php?rest_route=\/wp\/v2\/posts\/1467"}],"collection":[{"href":"https:\/\/www.reunion68.se\/index.php?rest_route=\/wp\/v2\/posts"}],"about":[{"href":"https:\/\/www.reunion68.se\/index.php?rest_route=\/wp\/v2\/types\/post"}],"author":[{"embeddable":true,"href":"https:\/\/www.reunion68.se\/index.php?rest_route=\/wp\/v2\/users\/1"}],"replies":[{"embeddable":true,"href":"https:\/\/www.reunion68.se\/index.php?rest_route=%2Fwp%2Fv2%2Fcomments&post=1467"}],"version-history":[{"count":10,"href":"https:\/\/www.reunion68.se\/index.php?rest_route=\/wp\/v2\/posts\/1467\/revisions"}],"predecessor-version":[{"id":1511,"href":"https:\/\/www.reunion68.se\/index.php?rest_route=\/wp\/v2\/posts\/1467\/revisions\/1511"}],"wp:attachment":[{"href":"https:\/\/www.reunion68.se\/index.php?rest_route=%2Fwp%2Fv2%2Fmedia&parent=1467"}],"wp:term":[{"taxonomy":"category","embeddable":true,"href":"https:\/\/www.reunion68.se\/index.php?rest_route=%2Fwp%2Fv2%2Fcategories&post=1467"},{"taxonomy":"post_tag","embeddable":true,"href":"https:\/\/www.reunion68.se\/index.php?rest_route=%2Fwp%2Fv2%2Ftags&post=1467"}],"curies":[{"name":"wp","href":"https:\/\/api.w.org\/{rel}","templated":true}]}}