{"id":14673,"date":"2015-02-18T19:05:23","date_gmt":"2015-02-18T17:05:23","guid":{"rendered":"http:\/\/www.reunion68.se\/?p=14673"},"modified":"2015-02-19T11:00:14","modified_gmt":"2015-02-19T09:00:14","slug":"14673","status":"publish","type":"post","link":"https:\/\/www.reunion68.se\/?p=14673","title":{"rendered":"My, ludzie z Marca"},"content":{"rendered":"<h5 style=\"text-align: center;\"><a href=\"https:\/\/czarne.com.pl\/\" target=\"_blank\"><img decoding=\"async\" class=\"center alignleft\" src=\"http:\/\/www.reunion68.com\/Biuletyn\/img\/czarne.png\" alt=\"\" \/><\/a><span style=\"text-decoration: underline; color: #000080;\"><span style=\"text-decoration: underline;\"><strong><a style=\"color: #000080; text-decoration: underline;\" href=\"https:\/\/czarne.com.pl\/katalog\/ksiazki\/my-ludzie-z-marca\" target=\"_blank\">My, ludzie z Marca Autoportret pokolenia \u201968<\/a><\/strong><\/span><\/span><\/h5>\n<hr style=\"height: 15px; background: #d0e6fa; width: 710px;\" \/>\n<p><img decoding=\"async\" class=\"spotlight alignright\" src=\"https:\/\/fbcdn-sphotos-g-a.akamaihd.net\/hphotos-ak-xfp1\/t31.0-8\/s960x960\/10989336_10152748414386483_69979099493919634_o.jpg\" alt=\"\" width=\"350\" \/><\/p>\n<p style=\"text-align: left;\"><span style=\"color: #000080;\"><strong>Ksi\u0105\u017cka wydana we wsp\u00f3\u0142pracy z Instytutem Studi\u00f3w Politycznych Polskiej Akademii Nauk<\/strong><\/span><\/p>\n<p style=\"text-align: left;\"><span style=\"color: #000080;\">Dla tysi\u0119cy m\u0142odych ludzi, kt\u00f3rzy w marcu 1968 roku zaprotestowali przeciwko partyjnej dyktaturze, udzia\u0142 w buncie by\u0142 do\u015bwiadczeniem prze\u0142omowym. Studenckie strajki i manifestacje zmieni\u0142y ich spos\u00f3b widzenia \u015bwiata i ukszta\u0142towa\u0142y \u017cyciowe \u015bcie\u017cki. W ten spos\u00f3b wy\u0142oni\u0142a si\u0119 generacja, kt\u00f3ra p\u00f3\u017aniej stworzy\u0142a KOR i uformowa\u0142a oblicze Solidarno\u015bci. My, ludzie z Marca to pierwszy taki portret pokolenia \u201968 \u2013 potoczysta opowie\u015b\u0107 stworzona na podstawie kilkudziesi\u0119ciu nigdy niepublikowanych wywiad\u00f3w autobiograficznych. Ksi\u0105\u017cka ukazuje \u017cyciorysy bohater\u00f3w od dzieci\u0144stwa a\u017c po rok 1989; przedstawia losy zar\u00f3wno legendarnych opozycjonist\u00f3w, jak i mniej znanych buntownik\u00f3w z Warszawy, Krakowa, Wroc\u0142awia, Gda\u0144ska. Zawiera biografie dzia\u0142aczy urodzonych w rodzinach komunistycznych i AK-owskich, ludzi o r\u00f3\u017cnych pogl\u0105dach politycznych i r\u00f3\u017cnym stosunku do przemian Okr\u0105g\u0142ego Sto\u0142u. Ksi\u0105\u017cka pr\u00f3buje te\u017c odpowiedzie\u0107 na pytanie o miejsce polskiego buntu w og\u00f3lno\u015bwiatowym prote\u015bcie m\u0142odzie\u017cy 1968 roku.<\/span><\/p>\n<p><img decoding=\"async\" class=\"center aligncenter\" src=\"http:\/\/www.reunion68.com\/Biuletyn\/img\/break.png\" alt=\"\" \/><\/p>\n<p style=\"text-align: left; padding-left: 60px;\"><em><span style=\"color: #000080;\">W pl\u0105taninie biograficznych trajektorii niekt\u00f3re linie pogrubiaj\u0105 si\u0119, tworz\u0105c coraz wyra\u017aniejsze kontury. Podobie\u0144stwo motyw\u00f3w i sekwencji we wspomnieniach dawnych buntownik\u00f3w sygnalizuje istnienie formacji generacyjnej, z\u0142\u0105czonej wsp\u00f3lnot\u0105 do\u015bwiadcze\u0144. To w\u0142a\u015bnie jest pokolenie \u201968.<\/span><\/em><\/p>\n<p style=\"text-align: right;\"><strong>Piotr Os\u0119ka<\/strong><\/p>\n<p style=\"padding-left: 60px; text-align: left;\"><span style=\"color: #000080;\"><em>Mam tak\u0105 \u015bwiadomo\u015b\u0107, \u017ce dzisiaj dwudziestojednolatek, czternastolatek, trzydziestosze\u015bciolatek mo\u017ce wybiera\u0107 mi\u0119dzy milionem mo\u017cliwo\u015bci [\u2026] Wszystko jest. Natomiast ja w trzynastym, czternastym roku \u017cycia \u017cy\u0142em w cieniu wojny i w\u0142a\u015bciwie podstawowym zaj\u0119ciem na podw\u00f3rku to by\u0142a zabawa: co by\u015b zrobi\u0142, jakby ci\u0119 teraz Niemcy gonili? [\u2026] To wszystko by\u0142o takie garowskie, przero\u015bni\u0119te wojenn\u0105 aur\u0105, mimo \u017ce nie urodzi\u0142em si\u0119 w czasie wojny, czuj\u0119 cie\u0144 wojny na swoim dzieci\u0144stwie i m\u0142odo\u015bci.<\/em><\/span><\/p>\n<p style=\"text-align: right;\"><span style=\"color: #333333;\"><strong>Jacek Kleyff<\/strong><\/span><\/p>\n<p style=\"text-align: left; padding-left: 60px;\"><span style=\"color: #000080;\">Jeste\u015bmy tym wy\u017cem demograficznym powojennym, tak zwanym pokoleniem dwudziestolecia PRL-u. To znaczy my\u015bmy mieli dwadzie\u015bcia lat wtedy, kiedy PRL mia\u0142 dwadzie\u015bcia lat.<\/span><\/p>\n<p style=\"text-align: right;\"><span style=\"color: #333333;\"><strong>Barbara Toru\u0144czyk<\/strong><\/span><\/p>\n<p style=\"padding-left: 60px;\"><em><span style=\"color: #000080;\">My\u015bmy byli tak zmaglowani przez Marzec, pozbawieni [przez w\u0142adz\u0119] wszelkich mo\u017cliwo\u015bci [&#8230;] W zwi\u0105zku z tym stworzyli\u015bmy sobie \u015brodowisko z ambicjami, w\u0142asne. Ot\u00f3\u017c ono by\u0142o poci\u0105gaj\u0105ce z zewn\u0105trz.<\/span><\/em><\/p>\n<p style=\"text-align: right;\"><span style=\"color: #333333;\"><strong>Teresa Bogucka<\/strong><\/span><\/p>\n<hr style=\"height: 15px; background: #d0e6fa; width: 710px;\" \/>\n<div id=\"content\" class=\"  content-alignment&lt;br \/&gt;&lt;br \/&gt; \">\n<div id=\"watch-description\" class=\"yt-uix-button-panel\">\n<div id=\"watch-description-text\">\n<p style=\"text-align: center;\"><span style=\"color: #808080;\"> twoje uwagi, linki, wlasne artykuly, lub wiadomosci przeslij do: <strong><span style=\"text-decoration: underline;\"><span style=\"color: #808080; text-decoration: underline;\"><a href=\"mailto:webmaster@reunion68.com\">webmaster@reunion68.com<\/a><\/span><\/span><\/strong><\/span><\/p>\n<\/div>\n<\/div>\n<\/div>\n<p>&nbsp;<\/p>\n<hr style=\"width: 710px;\" \/>\n","protected":false},"excerpt":{"rendered":"<p>My, ludzie z Marca Autoportret pokolenia \u201968 Ksi\u0105\u017cka wydana we wsp\u00f3\u0142pracy z Instytutem Studi\u00f3w Politycznych Polskiej Akademii Nauk Dla tysi\u0119cy m\u0142odych ludzi, kt\u00f3rzy w marcu 1968 roku zaprotestowali przeciwko partyjnej dyktaturze, udzia\u0142 w buncie by\u0142 do\u015bwiadczeniem prze\u0142omowym. Studenckie strajki i manifestacje zmieni\u0142y ich spos\u00f3b widzenia \u015bwiata i ukszta\u0142towa\u0142y \u017cyciowe \u015bcie\u017cki. W ten spos\u00f3b wy\u0142oni\u0142a si\u0119 [&hellip;]<\/p>\n","protected":false},"author":1,"featured_media":0,"comment_status":"closed","ping_status":"closed","sticky":false,"template":"","format":"standard","meta":[],"categories":[4],"tags":[24],"_links":{"self":[{"href":"https:\/\/www.reunion68.se\/index.php?rest_route=\/wp\/v2\/posts\/14673"}],"collection":[{"href":"https:\/\/www.reunion68.se\/index.php?rest_route=\/wp\/v2\/posts"}],"about":[{"href":"https:\/\/www.reunion68.se\/index.php?rest_route=\/wp\/v2\/types\/post"}],"author":[{"embeddable":true,"href":"https:\/\/www.reunion68.se\/index.php?rest_route=\/wp\/v2\/users\/1"}],"replies":[{"embeddable":true,"href":"https:\/\/www.reunion68.se\/index.php?rest_route=%2Fwp%2Fv2%2Fcomments&post=14673"}],"version-history":[{"count":13,"href":"https:\/\/www.reunion68.se\/index.php?rest_route=\/wp\/v2\/posts\/14673\/revisions"}],"predecessor-version":[{"id":14748,"href":"https:\/\/www.reunion68.se\/index.php?rest_route=\/wp\/v2\/posts\/14673\/revisions\/14748"}],"wp:attachment":[{"href":"https:\/\/www.reunion68.se\/index.php?rest_route=%2Fwp%2Fv2%2Fmedia&parent=14673"}],"wp:term":[{"taxonomy":"category","embeddable":true,"href":"https:\/\/www.reunion68.se\/index.php?rest_route=%2Fwp%2Fv2%2Fcategories&post=14673"},{"taxonomy":"post_tag","embeddable":true,"href":"https:\/\/www.reunion68.se\/index.php?rest_route=%2Fwp%2Fv2%2Ftags&post=14673"}],"curies":[{"name":"wp","href":"https:\/\/api.w.org\/{rel}","templated":true}]}}