{"id":14726,"date":"2015-02-18T19:05:03","date_gmt":"2015-02-18T17:05:03","guid":{"rendered":"http:\/\/www.reunion68.se\/?p=14726"},"modified":"2015-02-18T17:30:27","modified_gmt":"2015-02-18T15:30:27","slug":"14726","status":"publish","type":"post","link":"https:\/\/www.reunion68.se\/?p=14726","title":{"rendered":"Odznaczenia Ministra Kultury dla przedstawicieli Stowarzyszenia"},"content":{"rendered":"<h5 style=\"text-align: center;\"><a href=\"http:\/\/www.szih.org.pl\/\" target=\"_blank\"><img decoding=\"async\" class=\"center alignleft\" src=\"http:\/\/www.reunion68.com\/Biuletyn\/img\/SZIH.png \" alt=\"\" \/><\/a><span style=\"text-decoration: underline; color: #000080;\"><span style=\"text-decoration: underline;\"><strong><a style=\"color: #000080; text-decoration: underline;\" href=\"http:\/\/www.szih.org.pl\/pl\/newsitem\/131\" target=\"_blank\">Odznaczenia Ministra Kultury dla przedstawicieli Stowarzyszenia<\/a><\/strong><\/span><\/span><\/h5>\n<p style=\"text-align: center;\"><span style=\"color: #333333;\"><strong> 2014 Stowarzyszenie \u017bydowski Instytut Historyczny w Polsce<\/strong><\/span><\/p>\n<hr style=\"height: 15px; background: #d0e6fa; width: 710px;\" \/>\n<p><img decoding=\"async\" class=\"news-view-img alignright\" src=\"http:\/\/www.szih.org.pl\/cache\/news_view\/uploads\/news\/1\/43827e1156abfbad9605225365bece81.jpeg\" alt=\"\" \/><\/p>\n<p style=\"text-align: left;\"><span style=\"color: #000080;\">Mi\u0142o jest nam poinformowa\u0107, i\u017c w dniu dzisiejszym w Ministerstwie Kultury i Dziedzictwa Narodowego odby\u0142a si\u0119 uroczysto\u015b\u0107 honoruj\u0105ca osoby zas\u0142u\u017cone dla powstania Muzeum Historii \u017byd\u00f3w Polskich. Odznaczenia wr\u0119czane przez Minister Kultury i Dziedzictwa Narodowego prof. Ma\u0142gorzat\u0119 Omilanowsk\u0105 otrzyma\u0142o mi\u0119dzy innymi kilkoro przedstawicieli Stowarzyszenia \u017bydowski Instytut Historyczny w Polsce<\/span><\/p>\n<p style=\"text-align: left;\"><span style=\"color: #000080;\">Uhonorowali\u015bmy dzi\u015b osoby, kt\u00f3re wsp\u00f3\u0142tworzy\u0142y Muzeum Historii \u017byd\u00f3w Polskich i jego wystaw\u0119 sta\u0142\u0105 otwart\u0105 w pa\u017adzierniku ubieg\u0142ego roku. To by\u0142o bardzo wielkie, wa\u017cne wydarzenie dla polskiej kultury. Poniewa\u017c min\u0119\u0142o ju\u017c kilka miesi\u0119cy od otwarcia, mo\u017cemy z czystym sumieniem powiedzie\u0107, \u017ce trafili\u015bmy w dziesi\u0105tk\u0119. Zainteresowanie wystaw\u0105 sta\u0142\u0105 jest ogromne, a opinie &#8211; zar\u00f3wno w Polsce, jak i zagranic\u0105 &#8211; s\u0105 jednoznacznie najlepsze z mo\u017cliwych. O Muzeum Historii \u017byd\u00f3w Polskich m\u00f3wi si\u0119 w samych superlatywach, a to znaczy, \u017ce ludzie, kt\u00f3rzy zostali dzi\u015b odznaczeni wykonali swoj\u0105 prac\u0119 nie tylko z pasj\u0105 i zaanga\u017cowaniem, ale po prostu wykonali j\u0105 bardzo dobrze \u2013 powiedzia\u0142a minister Omilanowska.<\/span><\/p>\n<p style=\"text-align: center;\"><img decoding=\"async\" class=\" aligncenter\" src=\"http:\/\/www.pc-feliks.net\/PUB\/SZIH.jpg\" alt=\"Minister Kultury i Dziedzictwa Narodowego Ma\u0142gorzata Omilanowska wraz z odnzaczonymi. fot. Danuta Matloch\" \/><br \/>\n<span style=\"color: #000080;\">Minister Kultury i Dziedzictwa Narodowego Ma\u0142gorzata Omilanowska wraz z odnzaczonymi. fot. Danuta Matloch<\/span><\/p>\n<p style=\"text-align: left;\"><span style=\"color: #000080;\">Lista os\u00f3b kt\u00f3rym przyznano odznaczenia:<\/span><\/p>\n<p style=\"padding-left: 60px;\"><span style=\"color: #000080;\"><strong>\u2022Z\u0142oty Medal \u201eZas\u0142u\u017cony Kulturze Gloria Artis\u201d<\/strong><br \/>\n&#8211; Marian Turski<\/span><\/p>\n<p style=\"text-align: left; padding-left: 60px;\"><span style=\"color: #000080;\"> \u2022<strong>Srebrny Medal \u201eZas\u0142u\u017cony Kulturze Gloria Artis\u201d<\/strong><br \/>\n&#8211; Jan Robert Jagielski<\/span><\/p>\n<p style=\"text-align: left; padding-left: 60px;\"><span style=\"color: #000080;\"> \u2022<strong>Br\u0105zowy Medal \u201cZas\u0142u\u017cony Kulturze Gloria Artis\u201d<\/strong><br \/>\n&#8211; Alina Magdalena Ca\u0142a<br \/>\n&#8211; Miros\u0142aw Nizio<\/span><br \/>\n<span style=\"color: #000080;\">&#8211; Sharon Felicity Ross<\/span><\/p>\n<p style=\"text-align: left; padding-left: 60px;\"><span style=\"color: #000080;\"> \u2022<strong>Odznaka honorowa \u201eZas\u0142u\u017cony dla Kultury Polskiej\u201d<\/strong><\/span><br \/>\n<span style=\"color: #000080;\">1.Nilly Amit<\/span><br \/>\n<span style=\"color: #000080;\">2.Arnaud Dechelle<\/span><br \/>\n<span style=\"color: #000080;\">3.Joanna Fikus<\/span><br \/>\n<span style=\"color: #000080;\">4.Kalina Gawlas<\/span><br \/>\n<span style=\"color: #000080;\">5.August Grabski<\/span><br \/>\n<span style=\"color: #000080;\"> 6.Kathy Jones<\/span><br \/>\n<span style=\"color: #000080;\"> 7.Samuel D. Kassow<\/span><br \/>\n<span style=\"color: #000080;\"> 8.Igor K\u0105kolewski<\/span><br \/>\n<span style=\"color: #000080;\"> 9.Alicja Barbara Knast<\/span><br \/>\n<span style=\"color: #000080;\"> 10.Piotr Witold Koral<\/span><br \/>\n<span style=\"color: #000080;\"> 11.Piotr Kowalik<\/span><br \/>\n<span style=\"color: #000080;\"> 12.Stanis\u0142aw Krajewski<\/span><br \/>\n<span style=\"color: #000080;\"> 13.Jacek Leociak<\/span><br \/>\n<span style=\"color: #000080;\"> 14.Stephen Richard Lumby<\/span><br \/>\n<span style=\"color: #000080;\"> 15.Renata Pi\u0105tkowska<\/span><br \/>\n<span style=\"color: #000080;\"> 16.Antony Polonsky<\/span><br \/>\n<span style=\"color: #000080;\"> 17.Marta Prochwicz<\/span><br \/>\n<span style=\"color: #000080;\"> 18.Janusz Ryszard Roszkowski<\/span><br \/>\n<span style=\"color: #000080;\"> 19.Piotr Rytka-Zanberg<\/span><br \/>\n<span style=\"color: #000080;\"> 20.Alina Skibi\u0144ska<\/span><br \/>\n<span style=\"color: #000080;\"> 21.Albert Stankowski<\/span><br \/>\n<span style=\"color: #000080;\"> 22.Robert Supe\u0142<\/span><br \/>\n<span style=\"color: #000080;\"> 23.Ewa Szyma\u0144ska-Wierzy\u0144ska<\/span><br \/>\n<span style=\"color: #000080;\"> 24.Adam Teller<\/span><br \/>\n<span style=\"color: #000080;\"> 25.Hanna W\u0119grzynek<\/span><br \/>\n<span style=\"color: #000080;\"> 26.Marcin Wodzi\u0144ski<\/span><br \/>\n<span style=\"color: #000080;\"> 27.Marta Wr\u00f3bel<\/span><br \/>\n<span style=\"color: #000080;\"> 28.Hanna Zaremska<\/span><\/p>\n<p style=\"text-align: left;\"><span style=\"color: #000080;\">Wszystkim nagrodzonym serdecznie gratulujemy.<\/span><\/p>\n<hr style=\"height: 15px; background: #d0e6fa; width: 710px;\" \/>\n<div id=\"content\" class=\"  content-alignment&lt;br \/&gt;&lt;br \/&gt; \">\n<div id=\"watch-description\" class=\"yt-uix-button-panel\">\n<div id=\"watch-description-text\">\n<p style=\"text-align: center;\"><span style=\"color: #808080;\"> twoje uwagi, linki, wlasne artykuly, lub wiadomosci przeslij do: <strong><span style=\"text-decoration: underline;\"><span style=\"color: #808080; text-decoration: underline;\"><a href=\"mailto:webmaster@reunion68.com\">webmaster@reunion68.com<\/a><\/span><\/span><\/strong><\/span><\/p>\n<\/div>\n<\/div>\n<\/div>\n<p>&nbsp;<\/p>\n<hr style=\"width: 710px;\" \/>\n","protected":false},"excerpt":{"rendered":"<p>Odznaczenia Ministra Kultury dla przedstawicieli Stowarzyszenia 2014 Stowarzyszenie \u017bydowski Instytut Historyczny w Polsce Mi\u0142o jest nam poinformowa\u0107, i\u017c w dniu dzisiejszym w Ministerstwie Kultury i Dziedzictwa Narodowego odby\u0142a si\u0119 uroczysto\u015b\u0107 honoruj\u0105ca osoby zas\u0142u\u017cone dla powstania Muzeum Historii \u017byd\u00f3w Polskich. Odznaczenia wr\u0119czane przez Minister Kultury i Dziedzictwa Narodowego prof. Ma\u0142gorzat\u0119 Omilanowsk\u0105 otrzyma\u0142o mi\u0119dzy innymi kilkoro przedstawicieli [&hellip;]<\/p>\n","protected":false},"author":1,"featured_media":0,"comment_status":"closed","ping_status":"closed","sticky":false,"template":"","format":"standard","meta":[],"categories":[6],"tags":[24],"_links":{"self":[{"href":"https:\/\/www.reunion68.se\/index.php?rest_route=\/wp\/v2\/posts\/14726"}],"collection":[{"href":"https:\/\/www.reunion68.se\/index.php?rest_route=\/wp\/v2\/posts"}],"about":[{"href":"https:\/\/www.reunion68.se\/index.php?rest_route=\/wp\/v2\/types\/post"}],"author":[{"embeddable":true,"href":"https:\/\/www.reunion68.se\/index.php?rest_route=\/wp\/v2\/users\/1"}],"replies":[{"embeddable":true,"href":"https:\/\/www.reunion68.se\/index.php?rest_route=%2Fwp%2Fv2%2Fcomments&post=14726"}],"version-history":[{"count":20,"href":"https:\/\/www.reunion68.se\/index.php?rest_route=\/wp\/v2\/posts\/14726\/revisions"}],"predecessor-version":[{"id":14747,"href":"https:\/\/www.reunion68.se\/index.php?rest_route=\/wp\/v2\/posts\/14726\/revisions\/14747"}],"wp:attachment":[{"href":"https:\/\/www.reunion68.se\/index.php?rest_route=%2Fwp%2Fv2%2Fmedia&parent=14726"}],"wp:term":[{"taxonomy":"category","embeddable":true,"href":"https:\/\/www.reunion68.se\/index.php?rest_route=%2Fwp%2Fv2%2Fcategories&post=14726"},{"taxonomy":"post_tag","embeddable":true,"href":"https:\/\/www.reunion68.se\/index.php?rest_route=%2Fwp%2Fv2%2Ftags&post=14726"}],"curies":[{"name":"wp","href":"https:\/\/api.w.org\/{rel}","templated":true}]}}