{"id":14749,"date":"2015-02-19T19:07:58","date_gmt":"2015-02-19T17:07:58","guid":{"rendered":"http:\/\/www.reunion68.se\/?p=14749"},"modified":"2015-02-19T16:24:12","modified_gmt":"2015-02-19T14:24:12","slug":"14749","status":"publish","type":"post","link":"https:\/\/www.reunion68.se\/?p=14749","title":{"rendered":"Nie \u017cyje prof. Feliks Tych"},"content":{"rendered":"<h5 style=\"text-align: center;\"><a href=\"http:\/\/www.sztetl.org.pl\/\" target=\"_blank\"><img decoding=\"async\" class=\"center alignleft\" src=\"http:\/\/www.reunion68.com\/Biuletyn\/img\/w-sz.jpg\" alt=\"\" \/><\/a><span style=\"text-decoration: underline; color: #000080;\"><span style=\"text-decoration: underline;\"><strong><a style=\"color: #000080; text-decoration: underline;\" href=\"http:\/\/www.sztetl.org.pl\/pl\/cms\/aktualnosci\/4523,nie-zyje-prof-feliks-tych\/\" target=\"_blank\">Nie \u017cyje prof. Feliks Tych<\/a><\/strong><\/span><\/span><\/h5>\n<p style=\"text-align: center;\"><span style=\"color: #333333;\"><strong>K. Bielawski<\/strong><\/span><\/p>\n<hr style=\"height: 15px; background: #d0e6fa; width: 710px;\" \/>\n<div style=\"width: 360px\" class=\"wp-caption alignright\"><img decoding=\"async\" class=\"ilustracja\" src=\"http:\/\/www.sztetl.org.pl\/getimage.php?c=OBRAZY&amp;x=440&amp;y=440&amp;file=obraz_5893.jpg\" alt=\"Ilustracja\" width=\"350\" \/><p class=\"wp-caption-text\"><span style=\"color: #000080;\">prof. Feliks Tych (foto: K. Bielawski)<\/span><\/p><\/div>\n<p><span style=\"color: #333333;\"><strong>W wieku 85 lat zmar\u0142 prof. Feliks Tych \u2013 historyk, wieloletni cz\u0142onek zarz\u0105du Stowarzyszenia \u017bydowski Instytut Historyczny, by\u0142y dyrektor \u017bydowskiego Instytutu Historycznego.<\/strong><\/span><\/p>\n<p style=\"text-align: left;\"><span style=\"color: #000080;\">Feliks Tych urodzi\u0142 si\u0119 31 lipca 1929 r. w Warszawie. Wojn\u0119 prze\u017cy\u0142 ukrywaj\u0105c si\u0119 u polskich rodzin, m. in. u Janusza Durko. By\u0142 cz\u0142onkiem Rady Naukowej Instytutu Historii Polskiej Akademii Nauk, cz\u0142onkiem komitetu redakcyjnego Polskiego S\u0142ownika Biograficznego, redaktorem naczelnym S\u0142ownika biograficznego dzia\u0142aczy polskiego ruchu robotniczego. Tytu\u0142 profesora otrzyma\u0142 w 1970 r. W latach 1995-2006 kierowa\u0142 \u017bydowskim Instytutem Historycznym. By\u0142 tak\u017ce cz\u0142onkiem pierwszej Rady Muzeum Historii \u017byd\u00f3w Polskich.<\/span><\/p>\n<p style=\"text-align: left;\"><span style=\"color: #000080;\">Dorobek naukowy prof. Feliksa Tycha to wiele cenionych ksi\u0105\u017cek i opracowa\u0144, mi\u0119dzy innymi: Czwarte powstanie czy pierwsza rewolucja: lata 1905-1907 na ziemiach polskich, D\u0142ugi cie\u0144 Zag\u0142ady: szkice historyczne, Facing the Nazi genocide.<\/span><\/p>\n<p style=\"text-align: left;\"><span style=\"color: #000080;\">Marian Turski ze Stowarzyszenia \u017bydowski Instytut Historyczny m\u00f3wi: \u201eFeliksa Tycha zna\u0142em przez 65 lat. By\u0142 wybitnym historykiem, znakomitym badaczem archiwali\u00f3w, autorem bardzo wa\u017cnych opracowa\u0144. Warto zwr\u00f3ci\u0107 szczeg\u00f3ln\u0105 uwag\u0119 na ksi\u0105\u017ck\u0119 D\u0142ugi cie\u0144 Zag\u0142ady, a przede wszystkim na efekt 2-letnich prac prowadzonych pod Jego kierunkiem, kt\u00f3re zako\u0144czy\u0142y si\u0119 wydaniem ksi\u0105\u017cki Nast\u0119pstwa zag\u0142ady \u017byd\u00f3w. Polska 1944-2010. To wielkie i donios\u0142e wydarzenie naukowe\u201d.<\/span><\/p>\n<p style=\"text-align: left;\"><span style=\"color: #000080;\">Albert Stankowski \u2013 kierownik Dzia\u0142u Zbior\u00f3w Niematerialnych w Muzeum Historii \u017byd\u00f3w Polskich POLIN \u2013 zapami\u0119ta\u0142 Profesora jako osob\u0119 zawsze ch\u0119tn\u0105 do pomocy: \u201eProfesor nigdy nie odmawia\u0142 historykom, kt\u00f3rzy prosili Go o konsultacj\u0119 i pomoc\u201d.<\/span><\/p>\n<p style=\"text-align: left;\"><span style=\"color: #000080;\">Magdalena Prokopowicz \u2013 d\u0142ugoletnia wsp\u00f3\u0142pracowniczka prof. Feliksa Tycha, powiedzia\u0142a: \u201eProfesor Feliks Tych by\u0142 dla mnie najwi\u0119kszym nauczycielem. Na zawsze zostanie autorytetem\u201d.<\/span><\/p>\n<p style=\"text-align: left;\"><span style=\"color: #000080;\">Trwaj\u0105 przygotowania do pogrzebu. Wiadomo ju\u017c, \u017ce Profesor spocznie na cmentarzu \u017cydowskim w Warszawie.<\/span><\/p>\n<hr style=\"height: 15px; background: #d0e6fa; width: 710px;\" \/>\n<div id=\"content\" class=\"  content-alignment&lt;br \/&gt;&lt;br \/&gt; \">\n<div id=\"watch-description\" class=\"yt-uix-button-panel\">\n<div id=\"watch-description-text\">\n<p style=\"text-align: center;\"><span style=\"color: #808080;\"> twoje uwagi, linki, wlasne artykuly, lub wiadomosci przeslij do: <strong><span style=\"text-decoration: underline;\"><span style=\"color: #808080; text-decoration: underline;\"><a href=\"mailto:webmaster@reunion68.com\">webmaster@reunion68.com<\/a><\/span><\/span><\/strong><\/span><\/p>\n<\/div>\n<\/div>\n<\/div>\n<p>&nbsp;<\/p>\n<hr style=\"width: 710px;\" \/>\n","protected":false},"excerpt":{"rendered":"<p>Nie \u017cyje prof. Feliks Tych K. Bielawski W wieku 85 lat zmar\u0142 prof. Feliks Tych \u2013 historyk, wieloletni cz\u0142onek zarz\u0105du Stowarzyszenia \u017bydowski Instytut Historyczny, by\u0142y dyrektor \u017bydowskiego Instytutu Historycznego. Feliks Tych urodzi\u0142 si\u0119 31 lipca 1929 r. w Warszawie. Wojn\u0119 prze\u017cy\u0142 ukrywaj\u0105c si\u0119 u polskich rodzin, m. in. u Janusza Durko. By\u0142 cz\u0142onkiem Rady Naukowej [&hellip;]<\/p>\n","protected":false},"author":1,"featured_media":0,"comment_status":"closed","ping_status":"closed","sticky":false,"template":"","format":"standard","meta":[],"categories":[6],"tags":[24],"_links":{"self":[{"href":"https:\/\/www.reunion68.se\/index.php?rest_route=\/wp\/v2\/posts\/14749"}],"collection":[{"href":"https:\/\/www.reunion68.se\/index.php?rest_route=\/wp\/v2\/posts"}],"about":[{"href":"https:\/\/www.reunion68.se\/index.php?rest_route=\/wp\/v2\/types\/post"}],"author":[{"embeddable":true,"href":"https:\/\/www.reunion68.se\/index.php?rest_route=\/wp\/v2\/users\/1"}],"replies":[{"embeddable":true,"href":"https:\/\/www.reunion68.se\/index.php?rest_route=%2Fwp%2Fv2%2Fcomments&post=14749"}],"version-history":[{"count":30,"href":"https:\/\/www.reunion68.se\/index.php?rest_route=\/wp\/v2\/posts\/14749\/revisions"}],"predecessor-version":[{"id":14780,"href":"https:\/\/www.reunion68.se\/index.php?rest_route=\/wp\/v2\/posts\/14749\/revisions\/14780"}],"wp:attachment":[{"href":"https:\/\/www.reunion68.se\/index.php?rest_route=%2Fwp%2Fv2%2Fmedia&parent=14749"}],"wp:term":[{"taxonomy":"category","embeddable":true,"href":"https:\/\/www.reunion68.se\/index.php?rest_route=%2Fwp%2Fv2%2Fcategories&post=14749"},{"taxonomy":"post_tag","embeddable":true,"href":"https:\/\/www.reunion68.se\/index.php?rest_route=%2Fwp%2Fv2%2Ftags&post=14749"}],"curies":[{"name":"wp","href":"https:\/\/api.w.org\/{rel}","templated":true}]}}