{"id":1478,"date":"2014-05-22T07:04:33","date_gmt":"2014-05-22T05:04:33","guid":{"rendered":"http:\/\/www.reunion68.se\/?p=1478"},"modified":"2014-05-22T09:09:16","modified_gmt":"2014-05-22T07:09:16","slug":"1478","status":"publish","type":"post","link":"https:\/\/www.reunion68.se\/?p=1478","title":{"rendered":"Ksiazka &#8211; M\u0142odzie\u0144cze lata&#8221; Artura Schneidera"},"content":{"rendered":"<h3 style=\"text-align: center;\"><img decoding=\"async\" class=\"alignleft\" src=\"http:\/\/www.jewish.org.pl\/plugins\/content\/jumultithumb\/img.php?src=Li4vLi4vLi4vaW1hZ2VzL3N0b3JpZXMvQXJ0dXJTY2huZWlkZXIuanBnJmFtcDt3PTEwMCZhbXA7aD0xMDAmYW1wO3E9OTAmYW1wO3pjPTE=\" alt=\"\" \/><img decoding=\"async\" class=\"alignright\" src=\"http:\/\/www.reunion68.com\/Biuletyn\/img\/jop-big.gif\" alt=\"\" width=\"200\" \/><span style=\"color: #000080;\"><strong><span style=\"color: #000080; text-decoration: underline;\"><a href=\"http:\/\/www.jewish.org.pl\/index.php\/pl\/historia-mainmenu-66\/6195-qmodziecze-lataq.html\" target=\"_blank\">M\u0142odzie\u0144cze lata<\/span><\/a> Artura Schneidera to ksi\u0105\u017cka, kt\u00f3ra w\u0142a\u015bnie ukaza\u0142a si\u0119 nak\u0142adem wydawnictwa Norbertinum.<\/strong><\/span><\/h3>\n<p style=\"text-align: left;\"><span style=\"color: #000080;\">Wspomnienia Artura Schneidera s\u0105 \u017cywym obrazem \u015brodowiska m\u0142odych \u017byd\u00f3w polskich w okresie mi\u0119dzywojennym. Dzieci\u0144stwo i m\u0142odo\u015b\u0107 autora zosta\u0142y rzucone na szersze t\u0142o \u017cydowskiego Krakowa i dzia\u0142alno\u015bci polskich \u015brodowisk syjonistycznych. W tej bardzo osobistej relacji t\u0119tni nie\u0142atwym \u017cyciem przedwojenny krakowski Kazimierz, ods\u0142ania si\u0119 ideowe pod\u0142o\u017ce syjonistycznych organizacji m\u0142odzie\u017cowych, kszta\u0142tuj\u0105cych charaktery i postawy tych, kt\u00f3rzy wkr\u00f3tce mieli d\u017awiga\u0107 na sobie brzemi\u0119 Holokaustu. Jest to unikalny zapis nadziei i d\u0105\u017ce\u0144 m\u0142odych \u017byd\u00f3w polskich, poddanych w czasie wojny najwi\u0119kszej w dziejach ludzko\u015bci pr\u00f3bie.<\/span><\/p>\n<p><span style=\"color: #000080;\">Czytaj wiecej tu &#8230; <strong><span style=\"text-decoration: underline;\"><a href=\"http:\/\/www.jewish.org.pl\/index.php\/pl\/historia-mainmenu-66\/6195-qmodziecze-lataq.html\" target=\"_blank\"><span style=\"color: #000080; text-decoration: underline;\">M\u0142odzie\u0144cze lata<\/span><\/a><\/span><\/strong><\/span><\/p>\n","protected":false},"excerpt":{"rendered":"<p>M\u0142odzie\u0144cze lata Artura Schneidera to ksi\u0105\u017cka, kt\u00f3ra w\u0142a\u015bnie ukaza\u0142a si\u0119 nak\u0142adem wydawnictwa Norbertinum. Wspomnienia Artura Schneidera s\u0105 \u017cywym obrazem \u015brodowiska m\u0142odych \u017byd\u00f3w polskich w okresie mi\u0119dzywojennym. Dzieci\u0144stwo i m\u0142odo\u015b\u0107 autora zosta\u0142y rzucone na szersze t\u0142o \u017cydowskiego Krakowa i dzia\u0142alno\u015bci polskich \u015brodowisk syjonistycznych. W tej bardzo osobistej relacji t\u0119tni nie\u0142atwym \u017cyciem przedwojenny krakowski Kazimierz, ods\u0142ania si\u0119 [&hellip;]<\/p>\n","protected":false},"author":1,"featured_media":0,"comment_status":"closed","ping_status":"closed","sticky":false,"template":"","format":"standard","meta":[],"categories":[4],"tags":[24],"_links":{"self":[{"href":"https:\/\/www.reunion68.se\/index.php?rest_route=\/wp\/v2\/posts\/1478"}],"collection":[{"href":"https:\/\/www.reunion68.se\/index.php?rest_route=\/wp\/v2\/posts"}],"about":[{"href":"https:\/\/www.reunion68.se\/index.php?rest_route=\/wp\/v2\/types\/post"}],"author":[{"embeddable":true,"href":"https:\/\/www.reunion68.se\/index.php?rest_route=\/wp\/v2\/users\/1"}],"replies":[{"embeddable":true,"href":"https:\/\/www.reunion68.se\/index.php?rest_route=%2Fwp%2Fv2%2Fcomments&post=1478"}],"version-history":[{"count":15,"href":"https:\/\/www.reunion68.se\/index.php?rest_route=\/wp\/v2\/posts\/1478\/revisions"}],"predecessor-version":[{"id":1489,"href":"https:\/\/www.reunion68.se\/index.php?rest_route=\/wp\/v2\/posts\/1478\/revisions\/1489"}],"wp:attachment":[{"href":"https:\/\/www.reunion68.se\/index.php?rest_route=%2Fwp%2Fv2%2Fmedia&parent=1478"}],"wp:term":[{"taxonomy":"category","embeddable":true,"href":"https:\/\/www.reunion68.se\/index.php?rest_route=%2Fwp%2Fv2%2Fcategories&post=1478"},{"taxonomy":"post_tag","embeddable":true,"href":"https:\/\/www.reunion68.se\/index.php?rest_route=%2Fwp%2Fv2%2Ftags&post=1478"}],"curies":[{"name":"wp","href":"https:\/\/api.w.org\/{rel}","templated":true}]}}