{"id":14869,"date":"2015-02-21T19:10:23","date_gmt":"2015-02-21T17:10:23","guid":{"rendered":"http:\/\/www.reunion68.se\/?p=14869"},"modified":"2015-02-21T19:09:37","modified_gmt":"2015-02-21T17:09:37","slug":"fundusz-dan-uzan","status":"publish","type":"post","link":"https:\/\/www.reunion68.se\/?p=14869","title":{"rendered":"Fundusz &#8211; Dan Uzan"},"content":{"rendered":"<hr style=\"height: 15px; background: #d0e6fa; width: 710px;\" \/>\n<div style=\"width: 360px\" class=\"wp-caption alignright\"><img decoding=\"async\" src=\"https:\/\/danuzandotcom.files.wordpress.com\/2015\/02\/img_0447.jpg\" alt=\"\" width=\"350\" \/><p class=\"wp-caption-text\"><span style=\"color: #333333;\">Dan Uzan 2 Juni 1977 \u2013 15 Februar 2015<\/span><\/p><\/div>\n<p style=\"text-align: center;\"><span style=\"color: #000080;\"><strong>Drodzy cz\u0142onkowie Reunion 68,<\/strong><\/span><\/p>\n<p style=\"text-align: left;\"><span style=\"color: #000080;\">Zwracam si\u0119 do Was w wyj\u0105tkowej sprawie.<\/span><\/p>\n<p style=\"text-align: left;\"><span style=\"color: #000080;\">Jak ju\u017c z pewno\u015bci\u0105 jest Wam wiadomo, zamordowano przy Synagodze w Kopenhadze Dana Uzana, m\u0142odego, 37-letniego m\u0119\u017cczyzn\u0119.\u00a0<\/span><\/p>\n<p style=\"text-align: left;\"><span style=\"color: #000080;\">Dan by\u0142 dzieckiem \u017cydowskiej gminy w Kopenhadze, gdzie pracowa\u0142 spo\u0142ecznie od czas\u00f3w gimnazjalnych.<\/span><br \/>\n<span style=\"color: #000080;\"> W ostatni\u0105 sobot\u0119 pracowa\u0142 jako stra\u017cnik \u017ceby zabezpieczy\u0107 przyj\u0119cie z okazji Bat-Mitzwy, na kt\u00f3rym by\u0142o oko\u0142o 80 os\u00f3b i kt\u00f3re odbywa\u0142o si\u0119 w Centrum Kultury Zydowskiej za Synagog\u0105. Dan zosta\u0142 zamordowany przez terroryst\u0119, a dw\u00f3ch towarzysz\u0105cych mu policjant\u00f3w zosta\u0142o rannych.<\/span><\/p>\n<p style=\"text-align: left;\"><span style=\"color: #000080;\">Dan mial tylko 37 lat. Zar\u00f3wno rodzina, przyjaciele, jak i ca\u0142a Gmina w Kopenhadze odzczuwa brak Dana.<\/span><\/p>\n<p style=\"text-align: left;\"><span style=\"color: #000080;\">Dan wiele razy nas pilnowa\u0142 podczas imprez Reunion \u201968 organizowanych w lokalach Gminy w Kopenhadze.<\/span><\/p>\n<p style=\"text-align: left;\"><span style=\"color: #000080;\">Rodzina i przyjaciele Dana stworzyli fundusz ku jego pami\u0119ci, na kt\u00f3ry mog\u0105 wp\u0142aca\u0107 zar\u00f3wno instytucje jak i prywatne osoby.<\/span><\/p>\n<p style=\"text-align: left; padding-left: 120px;\"><strong><span style=\"color: #000080;\">Wp\u0142aty mo\u017cna dokonywaa\u0107 na konto w Jyske Bank,<\/span><\/strong><br \/>\n<strong><span style=\"color: #000080;\"> IBAN : DK9450110001466889<\/span><\/strong><br \/>\n<strong><span style=\"color: #000080;\"> SWIFT-BIC: JYBADKKK<\/span><\/strong><\/p>\n<p style=\"text-align: right;\"><em><span style=\"color: #000080;\">Z g\u00f3ry dzi\u0119kujemy za Wasze szczodre dotacje.<\/span><\/em><br \/>\n<em><span style=\"color: #000080;\"> Pozdrowienia dla wszystkich<\/span><\/em><br \/>\n<em><span style=\"color: #000080;\"> Samek Korngut<\/span><\/em><br \/>\n<em><span style=\"color: #000080;\"> Kopenhaga<\/span><\/em><\/p>\n<hr style=\"height: 15px; background: #d0e6fa; width: 710px;\" \/>\n<div id=\"content\" class=\"  content-alignment&lt;br \/&gt;&lt;br \/&gt; \">\n<div id=\"watch-description\" class=\"yt-uix-button-panel\">\n<div id=\"watch-description-text\">\n<p style=\"text-align: center;\"><span style=\"color: #808080;\"> twoje uwagi, linki, wlasne artykuly, lub wiadomosci przeslij do: <strong><span style=\"text-decoration: underline;\"><span style=\"color: #808080; text-decoration: underline;\"><a href=\"mailto:webmaster@reunion68.com\">webmaster@reunion68.com<\/a><\/span><\/span><\/strong><\/span><\/p>\n<\/div>\n<\/div>\n<\/div>\n<p>&nbsp;<\/p>\n<hr style=\"width: 710px;\" \/>\n","protected":false},"excerpt":{"rendered":"<p>Drodzy cz\u0142onkowie Reunion 68, Zwracam si\u0119 do Was w wyj\u0105tkowej sprawie. Jak ju\u017c z pewno\u015bci\u0105 jest Wam wiadomo, zamordowano przy Synagodze w Kopenhadze Dana Uzana, m\u0142odego, 37-letniego m\u0119\u017cczyzn\u0119.\u00a0 Dan by\u0142 dzieckiem \u017cydowskiej gminy w Kopenhadze, gdzie pracowa\u0142 spo\u0142ecznie od czas\u00f3w gimnazjalnych. W ostatni\u0105 sobot\u0119 pracowa\u0142 jako stra\u017cnik \u017ceby zabezpieczy\u0107 przyj\u0119cie z okazji Bat-Mitzwy, na kt\u00f3rym [&hellip;]<\/p>\n","protected":false},"author":1,"featured_media":0,"comment_status":"closed","ping_status":"closed","sticky":false,"template":"","format":"standard","meta":[],"categories":[6],"tags":[24],"_links":{"self":[{"href":"https:\/\/www.reunion68.se\/index.php?rest_route=\/wp\/v2\/posts\/14869"}],"collection":[{"href":"https:\/\/www.reunion68.se\/index.php?rest_route=\/wp\/v2\/posts"}],"about":[{"href":"https:\/\/www.reunion68.se\/index.php?rest_route=\/wp\/v2\/types\/post"}],"author":[{"embeddable":true,"href":"https:\/\/www.reunion68.se\/index.php?rest_route=\/wp\/v2\/users\/1"}],"replies":[{"embeddable":true,"href":"https:\/\/www.reunion68.se\/index.php?rest_route=%2Fwp%2Fv2%2Fcomments&post=14869"}],"version-history":[{"count":6,"href":"https:\/\/www.reunion68.se\/index.php?rest_route=\/wp\/v2\/posts\/14869\/revisions"}],"predecessor-version":[{"id":14876,"href":"https:\/\/www.reunion68.se\/index.php?rest_route=\/wp\/v2\/posts\/14869\/revisions\/14876"}],"wp:attachment":[{"href":"https:\/\/www.reunion68.se\/index.php?rest_route=%2Fwp%2Fv2%2Fmedia&parent=14869"}],"wp:term":[{"taxonomy":"category","embeddable":true,"href":"https:\/\/www.reunion68.se\/index.php?rest_route=%2Fwp%2Fv2%2Fcategories&post=14869"},{"taxonomy":"post_tag","embeddable":true,"href":"https:\/\/www.reunion68.se\/index.php?rest_route=%2Fwp%2Fv2%2Ftags&post=14869"}],"curies":[{"name":"wp","href":"https:\/\/api.w.org\/{rel}","templated":true}]}}