{"id":14877,"date":"2015-02-23T19:06:52","date_gmt":"2015-02-23T17:06:52","guid":{"rendered":"http:\/\/www.reunion68.se\/?p=14877"},"modified":"2015-02-22T16:18:07","modified_gmt":"2015-02-22T14:18:07","slug":"14877","status":"publish","type":"post","link":"https:\/\/www.reunion68.se\/?p=14877","title":{"rendered":"O \u017bydach z Targ\u00f3wka oraz udziale \u017byd\u00f3w w powstaniu warszawskim"},"content":{"rendered":"<h5 style=\"text-align: center;\"><a href=\"http:\/\/www.sztetl.org.pl\/\" target=\"_blank\"><img decoding=\"async\" class=\"center alignleft\" src=\"http:\/\/www.reunion68.com\/Biuletyn\/img\/w-sz.jpg\" alt=\"\" \/><\/a><span style=\"text-decoration: underline; color: #000080;\"><span style=\"text-decoration: underline;\"><strong><a style=\"color: #000080; text-decoration: underline;\" href=\"http:\/\/www.sztetl.org.pl\/pl\/article\/warszawa\/16,relacje-wspomnienia\/41702,jerzy-zakrzewski-ur-1928-o-zydach-z-targowka-oraz-udziale-zydow-w-powstaniu-warszawskim\/\" target=\"_blank\">O \u017bydach z Targ\u00f3wka oraz udziale \u017byd\u00f3w w powstaniu warszawskim<\/a><\/strong><\/span><\/span><\/h5>\n<p style=\"text-align: center;\"><span style=\"color: #333333;\"><strong>Krzysztof Bielawski<\/strong><\/span><\/p>\n<hr style=\"height: 15px; background: #d0e6fa; width: 710px;\" \/>\n<div style=\"width: 160px\" class=\"wp-caption alignright\"><img decoding=\"async\" loading=\"lazy\" class=\"articleimage\" src=\"http:\/\/www.sztetl.org.pl\/getfile2.php?class=image&amp;m=&amp;x=150&amp;y=150&amp;id=84945\" alt=\"\" width=\"150\" height=\"139\" \/><p class=\"wp-caption-text\"><span style=\"color: #000080;\">Jerzy Zakrzewski ur. 1928<\/span><\/p><\/div>\n<p style=\"text-align: left;\"><span style=\"color: #333333;\"><strong>\u2013 Jedni ukrywali, inni nie. P\u00f3\u017aniej w obozie dla je\u0144c\u00f3w, Niemcy za denuncjacj\u0119 \u017byda obiecywali chleb. Mimo g\u0142odu akcja nie da\u0142a rezultat\u00f3w. Kiedy\u015b jeden ch\u0142opak powiedzia\u0142: \u201eJestem taki g\u0142odny, \u017ce chyba zadenuncjuj\u0119 jakiego\u015b \u017byda\u201d. Powiedzia\u0142em mu wtedy: \u201eNie dojdziesz do feldfebla, bo stoi nasz stra\u017cnik i ukr\u0119ci ci g\u0142ow\u0119\u201d. Za denuncjacj\u0119 by\u0142a kara \u015bmierci. Jeden z ch\u0142opak\u00f3w da\u0142 mu po\u0142ow\u0119 swego chleba. Ten zjad\u0142 i si\u0119 rozp\u0142aka\u0142. Drugi ch\u0142opak da\u0142 mu sw\u00f3j chleb, a ten si\u0119 rozp\u0142aka\u0142.<\/strong><\/span><\/p>\n<p style=\"text-align: left;\"><span style=\"color: #333333;\"><strong>\u2013 Sk\u0105d wzi\u0105\u0142 si\u0119 pogl\u0105d, \u017ce \u017byd boi si\u0119 karabinu? Jak to by\u0142o?<\/strong><\/span><\/p>\n<p style=\"text-align: left;\"><span style=\"color: #000080;\">\u2013 By\u0142a taka nienawi\u015b\u0107 do Niemc\u00f3w, \u017ce nawet dzieci walczy\u0142y. By\u0142 u nas taki Rysio. Mia\u0142 14 lat. By\u0142 g\u0142\u00f3wnie wykorzystywany jako goniec. Ale jak by\u0142o trzeba, to te\u017c strzela\u0142.<\/span><\/p>\n<p style=\"text-align: left;\"><strong><span style=\"color: #333333;\">\u2013 Czy po Powstaniu trafi\u0142 Pan do obozu przej\u015bciowego w Pruszkowie?<\/span><\/strong><\/p>\n<p style=\"text-align: left;\"><span style=\"color: #000080;\">\u2013 22 wrze\u015bnia 1944 r. odda\u0142em bro\u0144. By\u0142em ranny i z tego powodu ci\u0119\u017cko chory. Podnios\u0142em si\u0119 poprzedniego dnia. Ch\u0142opcy mi troch\u0119 pomogli. Do O\u017carowa musia\u0142em i\u015b\u0107 pieszo 20 km. Ledwo doszed\u0142em. Nast\u0119pnego dnia za\u0142adowali nas do wagon\u00f3w, zaplombowali i wys\u0142ali do stalag\u00f3w. By\u0142o nas oko\u0142o sze\u015bciu tysi\u0119cy. W tym tysi\u0105c kobiet. Pi\u0119\u0107set ma\u0142oletnich. To by\u0142y ci\u0119\u017ckie obozy z krematoriami. Ale krematoria ju\u017c nie by\u0142y czynne, bo Niemcy chcieli zaciera\u0107 \u015blady. Kiedy po latach odwiedzi\u0142em ten by\u0142y ob\u00f3z i rozmawia\u0142em z dyrektork\u0105 muzeum, powiedzia\u0142a, \u017ce tam nie by\u0142o krematorium. Powiedzia\u0142em, \u017ce jeszcze 10 lat wcze\u015bniej pokazywa\u0142em jej poprzednikowi fundamenty. Pami\u0119\u0107 si\u0119 zaciera.<\/span><\/p>\n<p style=\"text-align: left;\"><strong><span style=\"color: #333333;\">\u2013 Jaki by\u0142 los \u017cydowskich \u017co\u0142nierzy po upadku Powstania Warszawskiego. Czy byli rozstrzeliwani na miejscu, po poddaniu si\u0119 oddzia\u0142u?<\/span><\/strong><\/p>\n<p style=\"text-align: left;\"><span style=\"color: #000080;\">\u2013 Na mocy konwencji haskiej wi\u0119kszo\u015b\u0107 trafi\u0142a do oboz\u00f3w, pomimo, \u017ce by\u0142a \u017bydami. U nas na czterystu wi\u0119\u017ani\u00f3w by\u0142o siedmiu \u017byd\u00f3w. W innych obozach podobnie. Ten ob\u00f3z by\u0142 ko\u0142o Norymbergi. W 1936 r. by\u0142 tam ob\u00f3z olimpijski, potem ob\u00f3z dla je\u0144c\u00f3w wojennych, a p\u00f3\u017aniej osiedle mieszkaniowe<\/span><\/p>\n<p style=\"text-align: left;\"><span style=\"color: #333333;\"><strong>\u2013 Czy ci \u017bydzi ukrywali si\u0119?<\/strong><\/span><\/p>\n<p style=\"text-align: left;\"><span style=\"color: #000080;\">\u2013 Nie musieli, Niemcy nie wiedzieli, \u017ce s\u0105 \u017bydami, a nie by\u0142o ani jednej zdrady. Niemcy dali og\u0142oszenie, \u017ce za denuncjacj\u0119 \u017byda daj\u0105 trzy chleby, ale nikt nie doni\u00f3s\u0142. W powstaniu warszawskim jeden za drugiego szed\u0142 na \u015bmier\u0107. Jeden gin\u0105\u0142, drugi bra\u0142 jego karabin. Wi\u0119zy z powstania by\u0142y bardzo silne. Przyja\u017anie zawierane przed 20 rokiem \u017cycia s\u0105 bardzo trwa\u0142e.<\/span><\/p>\n<p style=\"text-align: left;\"><span style=\"color: #333333;\"><strong>\u2013 Czy podtrzymuje Pan te znajomo\u015bci?<\/strong><\/span><\/p>\n<p style=\"text-align: left;\"><span style=\"color: #000080;\">\u2013 Dzia\u0142am w r\u00f3\u017cnych organizacjach powsta\u0144c\u00f3w warszawskich. Cz\u0142onkowie grupy kanadyjskiej dzwoni\u0105 do mnie co tydzie\u0144, czy Muzeum Historii \u017byd\u00f3w Polskich ju\u017c jest otwarte, czy mog\u0105 ju\u017c przyjecha\u0107. S\u0105 tam tak\u017ce Polacy pochodzenia \u017cydowskiego.<\/span><\/p>\n<p style=\"text-align: right;\"><span style=\"color: #000080;\">Czytaj dalej tu: <span style=\"text-decoration: underline;\"><strong><a style=\"color: #000080; text-decoration: underline;\" href=\"http:\/\/www.sztetl.org.pl\/pl\/article\/warszawa\/16,relacje-wspomnienia\/41702,jerzy-zakrzewski-ur-1928-o-zydach-z-targowka-oraz-udziale-zydow-w-powstaniu-warszawskim\/\" target=\"_blank\">O \u017bydach z Targ\u00f3wka<\/a>&#8230;<\/strong><\/span><\/span><\/p>\n<hr style=\"height: 15px; background: #d0e6fa; width: 710px;\" \/>\n<div id=\"content\" class=\"  content-alignment&lt;br \/&gt;&lt;br \/&gt; \">\n<div id=\"watch-description\" class=\"yt-uix-button-panel\">\n<div id=\"watch-description-text\">\n<p style=\"text-align: center;\"><span style=\"color: #808080;\"> twoje uwagi, linki, wlasne artykuly, lub wiadomosci przeslij do: <strong><span style=\"text-decoration: underline;\"><span style=\"color: #808080; text-decoration: underline;\"><a href=\"mailto:webmaster@reunion68.com\">webmaster@reunion68.com<\/a><\/span><\/span><\/strong><\/span><\/p>\n<\/div>\n<\/div>\n<\/div>\n<p>&nbsp;<\/p>\n<hr style=\"width: 710px;\" \/>\n","protected":false},"excerpt":{"rendered":"<p>O \u017bydach z Targ\u00f3wka oraz udziale \u017byd\u00f3w w powstaniu warszawskim Krzysztof Bielawski \u2013 Jedni ukrywali, inni nie. P\u00f3\u017aniej w obozie dla je\u0144c\u00f3w, Niemcy za denuncjacj\u0119 \u017byda obiecywali chleb. Mimo g\u0142odu akcja nie da\u0142a rezultat\u00f3w. Kiedy\u015b jeden ch\u0142opak powiedzia\u0142: \u201eJestem taki g\u0142odny, \u017ce chyba zadenuncjuj\u0119 jakiego\u015b \u017byda\u201d. Powiedzia\u0142em mu wtedy: \u201eNie dojdziesz do feldfebla, bo stoi [&hellip;]<\/p>\n","protected":false},"author":1,"featured_media":0,"comment_status":"closed","ping_status":"closed","sticky":false,"template":"","format":"standard","meta":[],"categories":[4],"tags":[24],"_links":{"self":[{"href":"https:\/\/www.reunion68.se\/index.php?rest_route=\/wp\/v2\/posts\/14877"}],"collection":[{"href":"https:\/\/www.reunion68.se\/index.php?rest_route=\/wp\/v2\/posts"}],"about":[{"href":"https:\/\/www.reunion68.se\/index.php?rest_route=\/wp\/v2\/types\/post"}],"author":[{"embeddable":true,"href":"https:\/\/www.reunion68.se\/index.php?rest_route=\/wp\/v2\/users\/1"}],"replies":[{"embeddable":true,"href":"https:\/\/www.reunion68.se\/index.php?rest_route=%2Fwp%2Fv2%2Fcomments&post=14877"}],"version-history":[{"count":25,"href":"https:\/\/www.reunion68.se\/index.php?rest_route=\/wp\/v2\/posts\/14877\/revisions"}],"predecessor-version":[{"id":14903,"href":"https:\/\/www.reunion68.se\/index.php?rest_route=\/wp\/v2\/posts\/14877\/revisions\/14903"}],"wp:attachment":[{"href":"https:\/\/www.reunion68.se\/index.php?rest_route=%2Fwp%2Fv2%2Fmedia&parent=14877"}],"wp:term":[{"taxonomy":"category","embeddable":true,"href":"https:\/\/www.reunion68.se\/index.php?rest_route=%2Fwp%2Fv2%2Fcategories&post=14877"},{"taxonomy":"post_tag","embeddable":true,"href":"https:\/\/www.reunion68.se\/index.php?rest_route=%2Fwp%2Fv2%2Ftags&post=14877"}],"curies":[{"name":"wp","href":"https:\/\/api.w.org\/{rel}","templated":true}]}}