{"id":14904,"date":"2015-02-21T19:03:54","date_gmt":"2015-02-21T17:03:54","guid":{"rendered":"http:\/\/www.reunion68.se\/?p=14904"},"modified":"2015-02-21T17:04:51","modified_gmt":"2015-02-21T15:04:51","slug":"14904","status":"publish","type":"post","link":"https:\/\/www.reunion68.se\/?p=14904","title":{"rendered":"Pawe\u0142 \u0141ozi\u0144ski &#8211; Miejsce Urodzenia (1992)"},"content":{"rendered":"<h5 style=\"text-align: center;\"><a href=\"https:\/\/www.youtube.com\/\" target=\"_blank\"><img decoding=\"async\" class=\"center alignleft\" src=\"http:\/\/www.reunion68.com\/Biuletyn\/img\/youtube.png\" alt=\"\" \/><\/a><span style=\"text-decoration: underline; color: #000080;\"><span style=\"text-decoration: underline;\"><strong><a style=\"color: #000080; text-decoration: underline;\" href=\"https:\/\/www.youtube.com\/watch?v=0E-i22ifEGI&amp;feature=youtu.be\" target=\"_blank\">Pawe\u0142 \u0141ozi\u0144ski &#8211; Miejsce Urodzenia (1992) <\/a><\/strong><\/span><\/span><\/h5>\n<hr style=\"height: 15px; background: #d0e6fa; width: 710px;\" \/>\n<div id=\"content\" class=\"  content-alignment&lt;br \/&gt;&lt;br \/&gt; \">\n<div id=\"watch-description\" class=\"yt-uix-button-panel\">\n<div id=\"watch-description-text\"><center><\/p>\n<p><iframe loading=\"lazy\" src=\"https:\/\/www.youtube.com\/embed\/0E-i22ifEGI?feature=player_detailpage\" width=\"680\" height=\"400\" frameborder=\"0\" allowfullscreen=\"allowfullscreen\"><\/iframe><\/center><\/p>\n<\/div>\n<\/div>\n<\/div>\n<p>&nbsp;<\/p>\n<p style=\"text-align: left;\"><span style=\"color: #000080;\">Jeden z najbardziej wstrz\u0105saj\u0105cych polskich film\u00f3w dokumentalnych. <strong>Henryk Grynberg<\/strong> (autor m.in. &#8220;<strong>\u017bycia Osobistego<\/strong>&#8220;) ocala\u0142 z zag\u0142ady wraz z matk\u0105. Wyjechali do Stan\u00f3w Zjednoczonych. Min\u0119\u0142o 50 lat, lecz przesz\u0142o\u015b\u0107 nie dawa\u0142a mu spokoju. Przyjecha\u0142 wi\u0119c do Radoszyny &#8211; wsi, w kt\u00f3rej si\u0119 urodzi\u0142, i w pobli\u017cu kt\u00f3rej ukrywa\u0142 si\u0119 z rodzin\u0105 w czasie wojny &#8211; by pozna\u0107 losy ojca i m\u0142odszego o pi\u0119\u0107 lat brata. Braciszka, w\u00f3wczas niespe\u0142na dwuletniego, rodzice powierzyli opiece jednego z gospodarzy. Ojciec za\u015b pewnego dnia poszed\u0142 po mleko i nigdy ju\u017c nie wr\u00f3ci\u0142 do wykopanej w lesie ziemianki. W w\u0119dr\u00f3wce \u015bladami dzieci\u0144stwa towarzyszy mu kamera.<\/span><\/p>\n<p style=\"text-align: left;\"><span style=\"color: #000080;\">Henryk Grynberg cierpliwie chodzi od domu do domu i pyta. Jedni witaj\u0105 go z rado\u015bci\u0105. Opowiadaj\u0105 mu o urodzie matki i m\u0142odo\u015bci ojca, o ich \u015blubie, narodzinach dzieci i o tym, jak w czasie wojny pomagali \u017bydom przetrwa\u0107. A tak\u017ce o swym strachu &#8211; przed Niemcami i donosicielstwem s\u0105siad\u00f3w. Inni niech\u0119tnie wracaj\u0105 pami\u0119ci\u0105 do tamtych lat, czuj\u0105c, \u017ce w ko\u0144cu b\u0119d\u0105 musieli wykrztusi\u0107 tragiczn\u0105 prawd\u0119 o malcu oddanym Niemcom na \u015bmier\u0107 i o m\u0119\u017cczy\u017anie zamordowanym przez Polak\u00f3w. Przybysz zza oceanu jednak nie rezygnuje. Konfrontuj\u0105c w\u0142asne wspomnienia z tym, co s\u0142yszy, uparcie naciska rozm\u00f3wc\u00f3w, a\u017c wreszcie poznaje t\u0119 prawd\u0119, a nawet nazwisko braci &#8211; <strong>zab\u00f3jc\u00f3w ojca<\/strong>.<\/span><\/p>\n<p style=\"text-align: left;\"><span style=\"color: #000080;\">Odnajduje te\u017c miejsce jego spoczynku i wydobywa z ziemi szcz\u0105tki, przy kt\u00f3rych, jak znak rozpoznawczy, le\u017cy butelka na mleko. Film otrzyma\u0142 wyr\u00f3\u017cnienie oraz nagrod\u0119 <strong>Polskiej Federacji Dyskusyjnych Klub\u00f3w Filmowych podczas XXII Lubuskiego Lata Filmowego w \u0141agowie w 1992 roku<\/strong>, I nagrod\u0119 <strong>w kategorii filmu dokumentalnego na Ba\u0142tyckim Festiwalu Filmowym i Telewizyjnym w Bornholmie w 1993<\/strong> roku i w tym\u017ce roku <strong>Grand Prix, Nagrod\u0119 Europejskiej Fundacji Kultury na IV Festiwalu Film\u00f3w Dokumentalnych &#8220;Vue Sur Les Docs&#8221; w Marsylii<\/strong>.<\/span><\/p>\n<p style=\"text-align: left; padding-left: 90px;\">Realizacja:<strong> Pawe\u0142 \u0141ozi\u0144ski<\/strong><br \/>\nZdj\u0119cia: <strong>Artur Reinhart<\/strong><br \/>\nD\u017awi\u0119k: <strong>Joanna Napieralska, Mariusz Kuczy\u0144ski<\/strong><br \/>\nMonta\u017c: <strong>Katarzyna Maciejko-Kowalczyk<\/strong><br \/>\nWsp\u00f3\u0142praca:<strong> Barbara Dejmek, Pawe\u0142 Pasek, Zdzis\u0142aw Wajda, Henryk Zastr\u00f3\u017cny<\/strong><br \/>\nOpieka artystyczna: <strong>Andrzej Brzozowski<\/strong><br \/>\nKierownictwo produkcji: <strong>Anna Wojdat, Adam Pietruszewski<\/strong><br \/>\nProducent:<strong> Wojciech Ziembicki<\/strong> (nie wyst\u0119puje w napisach)<br \/>\nProdukcja: <strong>Studio Filmowe Kronika, PWSFTviT<\/strong><br \/>\nWsp\u00f3\u0142finansowanie: <strong>Agencja Produkcji Filmowej, Fundacja im. Stefana Batorego<\/strong><br \/>\nBohater filmu: <strong>Henryk Grynberg<\/strong><\/p>\n<p style=\"text-align: left;\"><strong>Nagrody filmowe:<\/strong><\/p>\n<p style=\"text-align: left;\"><em>1992 &#8211; Pawe\u0142 \u0141ozi\u0144ski \u0141ag\u00f3w (Lubuskie Lato Filmowe)-Wyr\u00f3\u017cnienie<\/em><br \/>\n<em> 1992 &#8211; Pawe\u0142 \u0141ozi\u0144ski Don Kichot (Nagroda PF DKF) przyznana podczas XXII Lubuskiego Lata Filmowego w \u0141agowie<\/em><\/p>\n<hr style=\"height: 15px; background: #d0e6fa; width: 710px;\" \/>\n<div id=\"content\" class=\"  content-alignment&lt;br \/&gt;&lt;br \/&gt; \">\n<div id=\"watch-description\" class=\"yt-uix-button-panel\">\n<div id=\"watch-description-text\">\n<p style=\"text-align: center;\"><span style=\"color: #808080;\"> twoje uwagi, linki, wlasne artykuly, lub wiadomosci przeslij do: <strong><span style=\"text-decoration: underline;\"><span style=\"color: #808080; text-decoration: underline;\"><a href=\"mailto:webmaster@reunion68.com\">webmaster@reunion68.com<\/a><\/span><\/span><\/strong><\/span><\/p>\n<\/div>\n<\/div>\n<\/div>\n<p>&nbsp;<\/p>\n<hr style=\"width: 710px;\" \/>\n","protected":false},"excerpt":{"rendered":"<p>Pawe\u0142 \u0141ozi\u0144ski &#8211; Miejsce Urodzenia (1992) &nbsp; Jeden z najbardziej wstrz\u0105saj\u0105cych polskich film\u00f3w dokumentalnych. Henryk Grynberg (autor m.in. &#8220;\u017bycia Osobistego&#8220;) ocala\u0142 z zag\u0142ady wraz z matk\u0105. Wyjechali do Stan\u00f3w Zjednoczonych. Min\u0119\u0142o 50 lat, lecz przesz\u0142o\u015b\u0107 nie dawa\u0142a mu spokoju. Przyjecha\u0142 wi\u0119c do Radoszyny &#8211; wsi, w kt\u00f3rej si\u0119 urodzi\u0142, i w pobli\u017cu kt\u00f3rej ukrywa\u0142 si\u0119 [&hellip;]<\/p>\n","protected":false},"author":1,"featured_media":0,"comment_status":"closed","ping_status":"closed","sticky":false,"template":"","format":"standard","meta":[],"categories":[4],"tags":[24],"_links":{"self":[{"href":"https:\/\/www.reunion68.se\/index.php?rest_route=\/wp\/v2\/posts\/14904"}],"collection":[{"href":"https:\/\/www.reunion68.se\/index.php?rest_route=\/wp\/v2\/posts"}],"about":[{"href":"https:\/\/www.reunion68.se\/index.php?rest_route=\/wp\/v2\/types\/post"}],"author":[{"embeddable":true,"href":"https:\/\/www.reunion68.se\/index.php?rest_route=\/wp\/v2\/users\/1"}],"replies":[{"embeddable":true,"href":"https:\/\/www.reunion68.se\/index.php?rest_route=%2Fwp%2Fv2%2Fcomments&post=14904"}],"version-history":[{"count":9,"href":"https:\/\/www.reunion68.se\/index.php?rest_route=\/wp\/v2\/posts\/14904\/revisions"}],"predecessor-version":[{"id":14907,"href":"https:\/\/www.reunion68.se\/index.php?rest_route=\/wp\/v2\/posts\/14904\/revisions\/14907"}],"wp:attachment":[{"href":"https:\/\/www.reunion68.se\/index.php?rest_route=%2Fwp%2Fv2%2Fmedia&parent=14904"}],"wp:term":[{"taxonomy":"category","embeddable":true,"href":"https:\/\/www.reunion68.se\/index.php?rest_route=%2Fwp%2Fv2%2Fcategories&post=14904"},{"taxonomy":"post_tag","embeddable":true,"href":"https:\/\/www.reunion68.se\/index.php?rest_route=%2Fwp%2Fv2%2Ftags&post=14904"}],"curies":[{"name":"wp","href":"https:\/\/api.w.org\/{rel}","templated":true}]}}