{"id":14919,"date":"2015-02-22T17:02:59","date_gmt":"2015-02-22T15:02:59","guid":{"rendered":"http:\/\/www.reunion68.se\/?p=14919"},"modified":"2015-02-22T18:01:41","modified_gmt":"2015-02-22T16:01:41","slug":"14919","status":"publish","type":"post","link":"https:\/\/www.reunion68.se\/?p=14919","title":{"rendered":"Lista wi\u0119\u017ani\u00f3w Auschwitz odnaleziona w&#8230; szkolnej bibliotece [ZDJ\u0118CIA]"},"content":{"rendered":"<h5 style=\"text-align: center;\"><a href=\"http:\/\/www.dzienniklodzki.pl\/\" target=\"_blank\"><img decoding=\"async\" class=\"center alignleft\" src=\"http:\/\/www.reunion68.com\/Biuletyn\/img\/dziennik-L.png\" alt=\"\" \/><\/a><span style=\"text-decoration: underline; color: #000080;\"><span style=\"text-decoration: underline;\"><strong><a style=\"color: #000080; text-decoration: underline;\" href=\"http:\/\/www.dzienniklodzki.pl\/artykul\/3758105,lista-wiezniow-auschwitz-odnaleziona-w-szkolnej-bibliotece-zdjecia,id,t.html\" target=\"_blank\">Lista wi\u0119\u017ani\u00f3w Auschwitz odnaleziona w&#8230; szkolnej bibliotece [ZDJ\u0118CIA]<\/a><\/strong><\/span><\/span><\/h5>\n<p style=\"text-align: center;\"><span style=\"color: #333333;\"><strong>Maciej Ka\u0142ach<\/strong><\/span><\/p>\n<hr style=\"height: 15px; background: #d0e6fa; width: 710px;\" \/>\n<div style=\"width: 360px\" class=\"wp-caption alignright\"><a href=\"http:\/\/d.polskatimes.pl\/k\/r\/1\/c7\/ed\/54e60d2c1eac9_p.jpg\"><img decoding=\"async\" src=\"http:\/\/d.polskatimes.pl\/k\/r\/1\/c7\/ed\/54e60d2c1eac9_p.jpg?1424461680\" alt=\"\" width=\"350\" \/><\/a><p class=\"wp-caption-text\"><span style=\"color: #000080;\">Anna Dobrowolska, bibliotekarka w II LO, znalaz\u0142a stary list przewozowy wi\u0119\u017ani\u00f3w do Auschwitz<\/span><\/p><\/div>\n<p style=\"text-align: left;\"><span style=\"color: #333333;\"><strong>Podczas porz\u0105dk\u00f3w w bibliotece II Liceum Og\u00f3lnokszta\u0142c\u0105cego, pracownica znalaz\u0142a w starej ksi\u0105\u017cce list\u0119 wi\u0119\u017ani\u00f3w sporz\u0105dzon\u0105 w Auschwitz<\/strong><\/span><\/p>\n<p style=\"text-align: left;\"><span style=\"color: #000080;\">Dokument znaleziony w szkolnej bibliotece obejmuje <strong><span style=\"color: #333333;\">nazwiska 15 wi\u0119\u017ani\u00f3w, kt\u00f3rzy znale\u017ali si\u0119 w niemieckim obozie koncentracyjnym Auschwitz<\/span><\/strong> z dniem 21 maja 1941 roku. Lista z podpisem esesma\u0144skiego podoficera <span style=\"color: #333333;\"><strong>wypad\u0142a z ksi\u0105\u017cki przegl\u0105danej przez Ann\u0119 Dobrowolsk\u0105<\/strong><\/span>, bibliotekark\u0119 w II LO.- W czasie ostatnich ferii wybiera\u0142am spo\u015br\u00f3d naszego ksi\u0119gozbioru najstarsze egzemplarze, by umie\u015bci\u0107 je na wyr\u00f3\u017cnionym miejscu.<\/span><\/p>\n<p style=\"text-align: left;\"><span style=\"color: #000080;\">GR(&#8220;wstawReklame&#8221;,&#8221;srodek1&#8243;); Z jednego z nich wypad\u0142a nadpalona kartka z nag\u0142\u00f3wkiem &#8220;Konzentrationslager Auschwitz&#8221;- opowiada Dobrowolska. Bibliotekarka zanios\u0142a znalezisko do dyrektor szko\u0142y i germanistki Jadwigi Ochockiej. Ta odczyta\u0142a, \u017ce <span style=\"color: #333333;\"><strong>dokument zawiera list\u0119 wi\u0119\u017ani\u00f3w oddzia\u0142u politycznego Auschwitz<\/strong><\/span>, ich narodowo\u015b\u0107, nadany im numer, nazwisko i imi\u0119, dat\u0119 urodzenia i zaw\u00f3d. W\u015br\u00f3d wymienionych w dokumencie wi\u0119\u017ani\u00f3w, <span style=\"color: #333333;\"><strong>8 Polak\u00f3w<\/strong><\/span> by\u0142o wywiezionych z \u0141odzi, przemianowanej w czasie okupacji przez Niemc\u00f3w na Litzmannstadt, jeden wi\u0119zie\u0144 pochodzi\u0142 z Katowic, za\u015b pozosta\u0142ych 6 z Poznania &#8211; <span style=\"color: #333333;\"><strong>w tym Niemiec i \u017byd.<\/strong><\/span> Data z dokumentu i niskie numery przyznane wi\u0119\u017aniom wskazuj\u0105, \u017ce trafili oni do obozu, gdy do Auschwitz zsy\u0142ano przede wszystkim osoby, kt\u00f3re naruszy\u0142y ustawodawstwo niemieckiego okupanta lub z zarz\u0105dzenia w\u0142adz policyjnych. Szko\u0142a liczy na szersze wyja\u015bnienia ekspert\u00f3w po nawi\u0105zaniu kontaktu z Pa\u0144stwowym Muzeum Auschwitz-Birkenau, kt\u00f3remu zamierza przekaza\u0107 dokument. Decyzj\u0119 szko\u0142y chwali Justyna Tomaszewska, rzeczniczka Centrum Dialogu im. Marka Edelmana w \u0141odzi. &#8211; Do nas r\u00f3wnie\u017c wci\u0105\u017c trafiaj\u0105 sygna\u0142y o odkryciach \u0142odzian z czas\u00f3w wojny, kt\u00f3re trzeba zweryfikowa\u0107 &#8211; m\u00f3wi Tomaszewska.<\/span><\/p>\n<p style=\"text-align: left;\"><span style=\"color: #000080;\">Ksi\u0105\u017cka, z kt\u00f3rej wypad\u0142a lista, to jeden z tom\u00f3w &#8220;Dziej\u00f3w wojny i wojskowo\u015bci w Polsce&#8221; Tadeusza Korzona, wydany w 1923 r. Dariusz J\u0119drasiak, wicedyrektor II LO podejrzewa, \u017ce tom trafi\u0142 do szkolnej biblioteki, gdy og\u00f3lniak zajmowa\u0142 budynek przy ul. Targowej 63. Adres ten by\u0142 siedzib\u0105 II LO w latach 1933-1965, potem liceum przenios\u0142o si\u0119 do &#8220;tysi\u0105clatki&#8221; przy ul.<\/span><\/p>\n<p style=\"text-align: right;\"><span style=\"color: #000080;\">Czytaj dalej tu: <span style=\"text-decoration: underline;\"><strong><a style=\"color: #000080; text-decoration: underline;\" href=\"http:\/\/www.dzienniklodzki.pl\/artykul\/3758105,lista-wiezniow-auschwitz-odnaleziona-w-szkolnej-bibliotece-zdjecia,2,id,t,sa.html\" target=\"_blank\">Lista wi\u0119\u017ani\u00f3w Auschwitz&#8230;<\/a><\/strong><\/span><\/span><\/p>\n<hr style=\"height: 15px; background: #d0e6fa; width: 710px;\" \/>\n<div id=\"content\" class=\"  content-alignment&lt;br \/&gt;&lt;br \/&gt; \">\n<div id=\"watch-description\" class=\"yt-uix-button-panel\">\n<div id=\"watch-description-text\">\n<p style=\"text-align: center;\"><span style=\"color: #808080;\"> twoje uwagi, linki, wlasne artykuly, lub wiadomosci przeslij do: <strong><span style=\"text-decoration: underline;\"><span style=\"color: #808080; text-decoration: underline;\"><a href=\"mailto:webmaster@reunion68.com\">webmaster@reunion68.com<\/a><\/span><\/span><\/strong><\/span><\/p>\n<\/div>\n<\/div>\n<\/div>\n<p>&nbsp;<\/p>\n<hr style=\"width: 710px;\" \/>\n","protected":false},"excerpt":{"rendered":"<p>Lista wi\u0119\u017ani\u00f3w Auschwitz odnaleziona w&#8230; szkolnej bibliotece [ZDJ\u0118CIA] Maciej Ka\u0142ach Podczas porz\u0105dk\u00f3w w bibliotece II Liceum Og\u00f3lnokszta\u0142c\u0105cego, pracownica znalaz\u0142a w starej ksi\u0105\u017cce list\u0119 wi\u0119\u017ani\u00f3w sporz\u0105dzon\u0105 w Auschwitz Dokument znaleziony w szkolnej bibliotece obejmuje nazwiska 15 wi\u0119\u017ani\u00f3w, kt\u00f3rzy znale\u017ali si\u0119 w niemieckim obozie koncentracyjnym Auschwitz z dniem 21 maja 1941 roku. Lista z podpisem esesma\u0144skiego podoficera [&hellip;]<\/p>\n","protected":false},"author":1,"featured_media":0,"comment_status":"closed","ping_status":"closed","sticky":false,"template":"","format":"standard","meta":[],"categories":[6],"tags":[24],"_links":{"self":[{"href":"https:\/\/www.reunion68.se\/index.php?rest_route=\/wp\/v2\/posts\/14919"}],"collection":[{"href":"https:\/\/www.reunion68.se\/index.php?rest_route=\/wp\/v2\/posts"}],"about":[{"href":"https:\/\/www.reunion68.se\/index.php?rest_route=\/wp\/v2\/types\/post"}],"author":[{"embeddable":true,"href":"https:\/\/www.reunion68.se\/index.php?rest_route=\/wp\/v2\/users\/1"}],"replies":[{"embeddable":true,"href":"https:\/\/www.reunion68.se\/index.php?rest_route=%2Fwp%2Fv2%2Fcomments&post=14919"}],"version-history":[{"count":22,"href":"https:\/\/www.reunion68.se\/index.php?rest_route=\/wp\/v2\/posts\/14919\/revisions"}],"predecessor-version":[{"id":14942,"href":"https:\/\/www.reunion68.se\/index.php?rest_route=\/wp\/v2\/posts\/14919\/revisions\/14942"}],"wp:attachment":[{"href":"https:\/\/www.reunion68.se\/index.php?rest_route=%2Fwp%2Fv2%2Fmedia&parent=14919"}],"wp:term":[{"taxonomy":"category","embeddable":true,"href":"https:\/\/www.reunion68.se\/index.php?rest_route=%2Fwp%2Fv2%2Fcategories&post=14919"},{"taxonomy":"post_tag","embeddable":true,"href":"https:\/\/www.reunion68.se\/index.php?rest_route=%2Fwp%2Fv2%2Ftags&post=14919"}],"curies":[{"name":"wp","href":"https:\/\/api.w.org\/{rel}","templated":true}]}}