{"id":1492,"date":"2014-05-22T07:30:56","date_gmt":"2014-05-22T05:30:56","guid":{"rendered":"http:\/\/www.reunion68.se\/?p=1492"},"modified":"2014-05-24T09:39:54","modified_gmt":"2014-05-24T07:39:54","slug":"cwierc-miliona-gosci-przez-rok-w-muzeum-historii-zydow-polskich","status":"publish","type":"post","link":"https:\/\/www.reunion68.se\/?p=1492","title":{"rendered":"\u0106wier\u0107 miliona go\u015bci przez rok w Muzeum Historii \u017byd\u00f3w Polskich"},"content":{"rendered":"<h3 style=\"text-align: center;\"><span style=\"color: #000080;\"><strong><span style=\"text-decoration: underline;\"><a href=\"http:\/\/warszawa.gazeta.pl\/warszawa\/1,34889,15832719,Cwierc_miliona_gosci_przez_rok_w_Muzeum_Historii_Zydow.html\" target=\"_blank\"><span style=\"color: #000080; text-decoration: underline;\">\u0106wier\u0107 miliona go\u015bci przez rok w Muzeum Historii \u017byd\u00f3w Polskich<\/span><\/a><\/span><\/strong><\/span><br \/>\n<img decoding=\"async\" class=\"alignleft\" src=\"http:\/\/www.reunion68.com\/Biuletyn\/img\/wyborcza-s.png\" alt=\"\" \/><\/h3>\n<p><span style=\"color: #000080;\">Otwarty rok temu gmach Muzeum Historii \u017byd\u00f3w Polskich odwiedzi\u0142o ju\u017c prawie 250 tys. os\u00f3b. To zaskakuj\u0105<br \/>\n<a id=\"Muzeum\" href=\"http:\/\/bi.gazeta.pl\/im\/a6\/37\/d2\/z13776806Q,Otwarcie-Muzeum-Historii-Zydow-Polskich-dla-public.jpg\"><img decoding=\"async\" class=\"alignright\" src=\"http:\/\/bi.gazeta.pl\/im\/a6\/37\/d2\/z13776806Q,Otwarcie-Muzeum-Historii-Zydow-Polskich-dla-public.jpg\" alt=\"Muzeum Historii Zydow Polskich\" width=\"350\" \/><\/a>co du\u017co, zwa\u017cywszy, \u017ce nie mo\u017cna tu jeszcze zobaczy\u0107 wystawy sta\u0142ej<\/span><\/p>\n<p><span style=\"color: #000080;\">Zaprojektowany przez fi\u0144skich architekt\u00f3w budynek na Muranowie otwarto dla publiczno\u015bci 19 kwietnia 2013 r. &#8211; w 70. rocznic\u0119 wybuchu powstania w warszawskim getcie. Przez pierwszy weekend tysi\u0105ce os\u00f3b sta\u0142y w d\u0142ugich kolejkach, \u017ceby wej\u015b\u0107 do \u015brodka i zachwyci\u0107 si\u0119 architektur\u0105 gmachu, ale te\u017c prze\u017cy\u0107 rozczarowanie widokiem pustych sal, bo w przestronnych wn\u0119trzach nie by\u0142o jeszcze \u017cadnej wystawy. Dopiero miesi\u0105c p\u00f3\u017aniej o\u017cy\u0142a sala wystaw czasowych. Zorganizowano w niej wtedy pierwsz\u0105 ekspozycj\u0119 &#8211; &#8220;Listy od tych, co daleko&#8221; &#8211; stworzon\u0105 w oparciu o przedwojenne amatorskie filmy z polskich miast i miasteczek zamieszkanych przez spo\u0142eczno\u015b\u0107 \u017cydowsk\u0105. Na g\u0142\u00f3wn\u0105 atrakcj\u0119 muzeum &#8211; multimedialn\u0105 wystaw\u0119 opowiadaj\u0105c\u0105 o tysi\u0105cu lat obecno\u015bci \u017byd\u00f3w na polskich ziemiach &#8211; trzeba jeszcze poczeka\u0107. Jej uroczyste otwarcie ma nast\u0105pi\u0107 dopiero 28 pa\u017adziernika 2014 r.<\/span><\/p>\n<p><span style=\"color: #000080;\">Czytaj wiecej tu <strong><span style=\"text-decoration: underline;\"><a href=\"http:\/\/warszawa.gazeta.pl\/warszawa\/1,34889,15832719,Cwierc_miliona_gosci_przez_rok_w_Muzeum_Historii_Zydow.html\" target=\"_blank\"><span style=\"color: #000080; text-decoration: underline;\">G .Wyborcza<\/span><\/a><\/span><\/strong><\/span><\/p>\n<hr \/>\n","protected":false},"excerpt":{"rendered":"<p>\u0106wier\u0107 miliona go\u015bci przez rok w Muzeum Historii \u017byd\u00f3w Polskich Otwarty rok temu gmach Muzeum Historii \u017byd\u00f3w Polskich odwiedzi\u0142o ju\u017c prawie 250 tys. os\u00f3b. To zaskakuj\u0105 co du\u017co, zwa\u017cywszy, \u017ce nie mo\u017cna tu jeszcze zobaczy\u0107 wystawy sta\u0142ej Zaprojektowany przez fi\u0144skich architekt\u00f3w budynek na Muranowie otwarto dla publiczno\u015bci 19 kwietnia 2013 r. &#8211; w 70. rocznic\u0119 [&hellip;]<\/p>\n","protected":false},"author":1,"featured_media":0,"comment_status":"closed","ping_status":"closed","sticky":false,"template":"","format":"standard","meta":[],"categories":[4],"tags":[24],"_links":{"self":[{"href":"https:\/\/www.reunion68.se\/index.php?rest_route=\/wp\/v2\/posts\/1492"}],"collection":[{"href":"https:\/\/www.reunion68.se\/index.php?rest_route=\/wp\/v2\/posts"}],"about":[{"href":"https:\/\/www.reunion68.se\/index.php?rest_route=\/wp\/v2\/types\/post"}],"author":[{"embeddable":true,"href":"https:\/\/www.reunion68.se\/index.php?rest_route=\/wp\/v2\/users\/1"}],"replies":[{"embeddable":true,"href":"https:\/\/www.reunion68.se\/index.php?rest_route=%2Fwp%2Fv2%2Fcomments&post=1492"}],"version-history":[{"count":18,"href":"https:\/\/www.reunion68.se\/index.php?rest_route=\/wp\/v2\/posts\/1492\/revisions"}],"predecessor-version":[{"id":1591,"href":"https:\/\/www.reunion68.se\/index.php?rest_route=\/wp\/v2\/posts\/1492\/revisions\/1591"}],"wp:attachment":[{"href":"https:\/\/www.reunion68.se\/index.php?rest_route=%2Fwp%2Fv2%2Fmedia&parent=1492"}],"wp:term":[{"taxonomy":"category","embeddable":true,"href":"https:\/\/www.reunion68.se\/index.php?rest_route=%2Fwp%2Fv2%2Fcategories&post=1492"},{"taxonomy":"post_tag","embeddable":true,"href":"https:\/\/www.reunion68.se\/index.php?rest_route=%2Fwp%2Fv2%2Ftags&post=1492"}],"curies":[{"name":"wp","href":"https:\/\/api.w.org\/{rel}","templated":true}]}}