{"id":14978,"date":"2015-02-24T19:09:00","date_gmt":"2015-02-24T17:09:00","guid":{"rendered":"http:\/\/www.reunion68.se\/?p=14978"},"modified":"2015-02-23T20:37:39","modified_gmt":"2015-02-23T18:37:39","slug":"14978","status":"publish","type":"post","link":"https:\/\/www.reunion68.se\/?p=14978","title":{"rendered":"&#8220;Nie chcemy tego Oscara!&#8221;, &#8220;Tylko \u015bwinie siedz\u0105 w kinie&#8221;"},"content":{"rendered":"<h5 style=\"text-align: center;\"><a href=\"http:\/\/www.tokfm.pl\/\" target=\"_blank\"><img decoding=\"async\" class=\"center alignleft\" src=\"http:\/\/www.reunion68.com\/Biuletyn\/img\/tok.png\" alt=\"\" \/><\/a><span style=\"text-decoration: underline; color: #000080;\"><span style=\"text-decoration: underline;\"><strong><a style=\"color: #000080; text-decoration: underline;\" href=\"http:\/\/www.tokfm.pl\/Tokfm\/1,103085,17472704,_Nie_chcemy_tego_Oscara_____Tylko_swinie_siedza_w.html?fb_ref=Default\" target=\"_blank\">&#8220;Nie chcemy tego Oscara!&#8221;, &#8220;Tylko \u015bwinie siedz\u0105 w kinie&#8221;. Jak prawica zareagowa\u0142a na sukces &#8220;Idy&#8221;<\/a><\/strong><\/span><\/span><\/h5>\n<p style=\"text-align: center;\"><span style=\"color: #808080;\"><strong>Wiktoria Beczek<\/strong><\/span><\/p>\n<hr style=\"height: 15px; background: #d0e6fa; width: 710px;\" \/>\n<div style=\"width: 360px\" class=\"wp-caption alignright\"><img decoding=\"async\" src=\"http:\/\/bi.gazeta.pl\/im\/b5\/92\/10\/z17378229Q,Kadr-z-filmu--Ida-.jpg\" alt=\"\" width=\"350\" \/><p class=\"wp-caption-text\"><span style=\"color: #000080;\">Kadr z filmu &#8220;Ida&#8221; (Music Box Films)<\/span><\/p><\/div>\n<p style=\"text-align: left;\"><strong><span style=\"color: #333333;\">Statuetk\u0119 Oscara za najlepszy film nieangloj\u0119zyczny otrzyma\u0142a &#8220;Ida&#8221; &#8211; &#8220;antypolski&#8221;, &#8220;polako\u017cerczy&#8217; obraz, kt\u00f3ry ma &#8220;przenie\u015b\u0107 odpowiedzialno\u015b\u0107 za ofiary II wojny \u015bwiatowej z Niemc\u00f3w na Polak\u00f3w&#8221;, nakr\u0119cony &#8220;przez \u017byd\u00f3w, dla \u017byd\u00f3w&#8221;. Oni bowiem &#8220;\u017c\u0105dz\u0105 \u015bwiatem&#8221;.<\/span><\/strong><\/p>\n<p style=\"text-align: left;\"><span style=\"color: #000080;\">Akcja oskarowej &#8220;Idy&#8221; rozgrywa si\u0119 w latach 60. ubieg\u0142ego wieku w Polsce. Anna &#8211; nowicjuszka, sierota wychowywana w zakonie, ma przed z\u0142o\u017ceniem \u015blub\u00f3w odwiedzi\u0107 swoj\u0105 ciotk\u0119 Wand\u0119, stalinowsk\u0105 prokurator i s\u0119dzi\u0119. To od niej dowie si\u0119, \u017ce naprawd\u0119 nazywa si\u0119 Ida Lebenstein i jest \u017byd\u00f3wk\u0105. Kobiety wyruszaj\u0105 w podr\u00f3\u017c, kt\u00f3ra ma im pom\u00f3c nie tylko w poznaniu tragicznej historii ich rodziny, ale i prawdy o tym, kim s\u0105.<\/span><\/p>\n<p style=\"text-align: left;\"><span style=\"color: #000080;\">Taki obraz ludno\u015bci \u017cydowskiej w powojennej Polsce i samego Holokaustu nie spodoba\u0142 si\u0119 wielu mediom i komentatorom, deklaruj\u0105cym si\u0119 jako prawicowcy i konserwaty\u015bci. Takie opinie nie zacz\u0119\u0142y si\u0119 jednak pojawia\u0107 tu\u017c po premierze &#8220;Idy&#8221;, bo film nie odni\u00f3s\u0142 w Polsce wielkiego sukcesu komercyjnego.<\/span><\/p>\n<p style=\"text-align: left;\"><span style=\"color: #000080;\">Dopiero nominacja do Oscara wywo\u0142a\u0142a pierwsz\u0105 fal\u0119 oburzenia, a wr\u0119czenie nagrody spowodowa\u0142o wylanie morza \u017c\u00f3\u0142ci. Tak w\u015br\u00f3d tych, kt\u00f3rzy ogl\u0105dali film, jak i tych, kt\u00f3rzy komentuj\u0105 tylko zapobiegawczo. Poni\u017cej przedstawiamy wybrane opinie.<\/span><\/p>\n<p style=\"text-align: left;\"><strong>Zepchni\u0119cie odpowiedzialno\u015bci za Holocaust?<\/strong><\/p>\n<p style=\"text-align: left;\"><span style=\"color: #000080;\">&#8220;Cho\u0107 wizja Oscara dla &#8216;Idy&#8217; ekscytuje elity postkolonialnej III RP &#8211; musimy stanowczo zaprotestowa\u0107 i powiedzie\u0107 g\u0142o\u015bno: nie chcemy tego Oscara! Cena, jak\u0105 przysz\u0142oby nam za niego zap\u0142aci\u0107 by\u0142aby bowiem ob\u0142\u0119dnie wysoka&#8221; &#8211; czytamy w portalu Polonia Christiana.<\/span><\/p>\n<p style=\"text-align: left;\"><span style=\"color: #000080;\">Autor tekstu pisze o &#8220;nachalnej promocji filmu na salonach&#8221;, kt\u00f3ra &#8220;zbiega si\u0119 z pr\u00f3bami zepchni\u0119cia przez Niemc\u00f3w odpowiedzialno\u015bci za ofiary wojny 1939-1945 na bli\u017cej nieokre\u015blonej narodowo\u015bci nazist\u00f3w&#8221;.<\/span><\/p>\n<p style=\"text-align: left;\"><strong>&#8220;To s\u0105 Niemcy&#8221;<\/strong><\/p>\n<p style=\"text-align: left;\"><span style=\"color: #000080;\">Przypomnijmy, \u017ce podczas uroczysto\u015bci z okazji obchod\u00f3w 70. rocznicy wyzwolenia Auschwitz, prezydent Niemiec Joahim Gauck stwierdzi\u0142, \u017ce &#8220;nie istnieje niemiecka to\u017csamo\u015b\u0107 bez Auschwitz&#8221;. W tym czasie wszystkie niemieckie czasopisma podkre\u015bla\u0142y, \u017ce wsp\u00f3\u0142cze\u015bni Niemcy nie mog\u0105 odcina\u0107 si\u0119 od przesz\u0142o\u015bci. Zwie\u0144czeniem takiej narracji by\u0142a ok\u0142adka dziennika &#8220;BZ&#8221; &#8211; zdj\u0119cie obozu Auschwitz z podpisem &#8220;To s\u0105 Niemcy&#8221;.<\/span><\/p>\n<p style=\"text-align: left;\"><span style=\"color: #000080;\">Dalej autor stwierdzam \u017ce &#8220;Ida&#8221; wpisuje si\u0119 w ci\u0105g &#8220;post\u0119powej propagandy&#8221;, wg. kt\u00f3rej Polacy staj\u0105 si\u0119 &#8220;czarnym ludem&#8221;, &#8220;mordercami&#8221; i &#8220;dzikusami motywowanymi wy\u0142\u0105cznie ch\u0119ci\u0105 zysku&#8221;, a katolicyzm, to &#8220;sekciarskie praktyki&#8221;.<\/span><\/p>\n<p style=\"text-align: left;\"><span style=\"color: #000080;\">&#8220;Ida&#8221;, wraz z &#8220;Pok\u0142osiem&#8221; i ksi\u0105\u017ckami Jana Tomasza Grossa &#8220;pozbawiaj\u0105 Polak\u00f3w heroicznego pierwiastka obro\u0144c\u00f3w cywilizacji chrze\u015bcija\u0144skiej, w zamian sprowadzaj\u0105c ich do roli sprawc\u00f3w hekatomby sprzed kilku dekad&#8221;.<\/span><\/p>\n<p style=\"text-align: left;\"><strong>Dobre imi\u0119 Polski<\/strong><\/p>\n<p style=\"text-align: left;\"><span style=\"color: #000080;\">Z kolei Reduta Dobrego Imienia wystosowa\u0142a petycj\u0119, by na pocz\u0105tku lub ko\u0144cu filmu zamie\u015bci\u0107 informacj\u0119 o kontek\u015bcie historycznym, w jakim odbywa si\u0119 jego akcja. &#8220;Je\u015bli film nie b\u0119dzie opatrzony stosown\u0105 informacj\u0105 kontekstow\u0105, widzowie z ca\u0142ego \u015bwiata po jego obejrzeniu wyci\u0105gn\u0105 ca\u0142kowicie fa\u0142szywe wnioski na temat Polski. Nabior\u0105 przekonania, \u017ce to Polacy s\u0105 sprawcami i wykonawcami Holokaustu&#8221; &#8211; czytamy.<\/span><\/p>\n<p style=\"text-align: left;\"><span style=\"color: #000080;\">Informacja o zwyci\u0119stwie &#8220;Idy&#8221; na portalu Frondy okraszone s\u0105 natomiast takimi s\u0142owami jak &#8220;kontrowersyjna&#8221; i &#8220;antypolska&#8221;.<\/span><\/p>\n<p style=\"text-align: left;\"><strong>Propagandowi polako\u017cercy<\/strong><\/p>\n<p style=\"text-align: left;\"><span style=\"color: #000080;\">Krok dalej idzie niszowy portal Wirtualna Polonia, kt\u00f3ra nazywa &#8220;Id\u0119&#8221; &#8220;polako\u017cerczym obrazem&#8221;. Ponad to film jest przyr\u00f3wnywany do powsta\u0142ego z 1941 r. &#8220;Powrotu do ojczyzny&#8221;, stworzonego na potrzeby hitlerowskiej propagandy. W tek\u015bcie nie brakuje te\u017c w\u0105tk\u00f3w dotycz\u0105cych &#8220;pot\u0119gi \u017byd\u00f3w na \u015bwiecie&#8221;.<\/span><\/p>\n<p style=\"text-align: left;\"><span style=\"color: #000080;\">Kilka miesi\u0119cy wcze\u015bniej portal \u00f3w &#8211; w kontek\u015bcie nominacji do filmu do Oscara &#8211; pisa\u0142, \u017ce &#8220;\u015bwiatowe \u017cydostwo przyst\u0105pi\u0142o ju\u017c niestety do ostatecznego rozwi\u0105zania kwestii Polak\u00f3w&#8221;.<\/span><\/p>\n<p style=\"text-align: left;\"><strong>&#8220;(\u017b)Ida&#8221; i &#8220;(Gn)Ida&#8221;<\/strong><\/p>\n<p style=\"text-align: left;\"><span style=\"color: #000080;\">Inne niepokorne portale opublikowa\u0142y jedyne informacje o wygranej &#8220;Idy&#8221;, bez redakcyjnego komentarza. Tam szczujnia zaczyna si\u0119 w komentarzach. Film &#8211; okre\u015blany jako &#8220;\u017bida&#8221; i &#8220;(Gn)Ida&#8221; &#8211; to &#8220;gniot&#8221; i &#8220;paszkwil&#8221;, m\u00f3wi o &#8220;paso\u017cydach&#8221;, jego sukces to &#8220;zagrywka si\u0142 antypolonistycznych&#8221; , re\u017cyser &#8220;pochodzi z klanu Kosher Nostra&#8221; i nale\u017cy go postawi\u0107 przed &#8220;s\u0105dem Narodu&#8221;.<\/span><\/p>\n<p style=\"text-align: left;\"><span style=\"color: #000080;\">Ostatecznie &#8220;Idy&#8221; nie nale\u017cy ogl\u0105da\u0107, bo &#8211; nawi\u0105zuj\u0105c wojennego has\u0142a przeciwko niemieckim filmom propagandowym &#8211; &#8220;tylko \u015bwinie siedz\u0105 w kinie&#8221;.<\/span><\/p>\n<p style=\"text-align: left;\"><strong>Dla \u017byd\u00f3w, o \u017bydach, przez \u017byd\u00f3w<\/strong><\/p>\n<p style=\"text-align: left;\"><span style=\"color: #000080;\">G\u0142osy krytyczne pojawiaj\u0105 si\u0119 r\u00f3wnie\u017c w mediach spo\u0142eczno\u015bciowych. Na Twitterze o &#8220;Idzie&#8221; pisz\u0105 prawicowi publicy\u015bci i osoby niezwi\u0105zane z mediami, jednak do\u015b\u0107 jednoznacznie okre\u015blaj\u0105ce swoje polityczne<\/span><\/p>\n<p style=\"text-align: left;\"><span style=\"color: #333333;\"><strong>Pierwszy taki Oscar<\/strong><\/span><\/p>\n<p style=\"text-align: left;\"><span style=\"color: #000080;\">Zwyci\u0119stwo &#8220;Idy&#8221; to pierwszy Oscar dla polskiego filmu pe\u0142nometra\u017cowego w historii. Wcze\u015bniej w tej kategorii nominowanych by\u0142o dziewi\u0119\u0107 film\u00f3w z naszego kraju: &#8220;N\u00f3\u017c w wodzie&#8221; Romana Pola\u0144skiego (1964), &#8220;Faraon&#8221; Jerzego Kawalerowicza (1967), &#8220;Potop&#8221; Jerzego Hoffmana (1975), &#8220;Ziemia obiecana&#8221; Andrzeja Wajdy (1976), &#8220;Noce i dnie&#8221; Jerzego Antczaka (1977), &#8220;Panny z Wilka&#8221; Andrzeja Wajdy (1980), &#8220;Cz\u0142owiek z \u017celaza&#8221; Andrzeja Wajdy (1982), &#8220;Katy\u0144&#8221; Andrzeja Wajdy (2008) oraz &#8220;W ciemno\u015bci&#8221; Agnieszki Holland (2012).<\/span><\/p>\n<p style=\"text-align: left;\"><span style=\"color: #000080;\">&#8220;Ida&#8221; zdoby\u0142a wcze\u015bniej wiele innych wyr\u00f3\u017cnie\u0144 na ca\u0142ym \u015bwiecie, m.in. cztery nagrody Polskiej Akademii Filmowej i dziewi\u0119\u0107 Z\u0142otych Lw\u00f3w na Festiwalu Filmowym w Gdyni, a tak\u017ce kilka Europejskich Nagr\u00f3d Filmowych (w tym dla najlepszego filmu), LUX Prize Parlamentu Europejskiego, Nagrod\u0119 Specjaln\u0105 na Mi\u0119dzynarodowym Festiwalu Filmowym w Toronto i -ostatnio &#8211; BAFTA dla najlepszego filmu nieangielskoj\u0119zycznego.<\/span><\/p>\n<p style=\"text-align: left;\"><span style=\"color: #333333;\"><strong>Kometntarze z Twittera:<\/strong><\/span><\/p>\n<p><img decoding=\"async\" class=\"center aligncenter\" src=\"http:\/\/www.reunion68.com\/Biuletyn\/img\/kom.png\" alt=\"\" \/><\/p>\n<hr style=\"height: 15px; background: #d0e6fa; width: 710px;\" \/>\n<div id=\"content\" class=\"  content-alignment&lt;br \/&gt;&lt;br \/&gt; \">\n<div id=\"watch-description\" class=\"yt-uix-button-panel\">\n<div id=\"watch-description-text\">\n<p style=\"text-align: center;\"><span style=\"color: #808080;\"> twoje uwagi, linki, wlasne artykuly, lub wiadomosci przeslij do: <strong><span style=\"text-decoration: underline;\"><span style=\"color: #808080; text-decoration: underline;\"><a href=\"mailto:webmaster@reunion68.com\">webmaster@reunion68.com<\/a><\/span><\/span><\/strong><\/span><\/p>\n<\/div>\n<\/div>\n<\/div>\n<p>&nbsp;<\/p>\n<hr style=\"width: 710px;\" \/>\n","protected":false},"excerpt":{"rendered":"<p>&#8220;Nie chcemy tego Oscara!&#8221;, &#8220;Tylko \u015bwinie siedz\u0105 w kinie&#8221;. Jak prawica zareagowa\u0142a na sukces &#8220;Idy&#8221; Wiktoria Beczek Statuetk\u0119 Oscara za najlepszy film nieangloj\u0119zyczny otrzyma\u0142a &#8220;Ida&#8221; &#8211; &#8220;antypolski&#8221;, &#8220;polako\u017cerczy&#8217; obraz, kt\u00f3ry ma &#8220;przenie\u015b\u0107 odpowiedzialno\u015b\u0107 za ofiary II wojny \u015bwiatowej z Niemc\u00f3w na Polak\u00f3w&#8221;, nakr\u0119cony &#8220;przez \u017byd\u00f3w, dla \u017byd\u00f3w&#8221;. Oni bowiem &#8220;\u017c\u0105dz\u0105 \u015bwiatem&#8221;. Akcja oskarowej &#8220;Idy&#8221; rozgrywa [&hellip;]<\/p>\n","protected":false},"author":1,"featured_media":0,"comment_status":"closed","ping_status":"closed","sticky":false,"template":"","format":"standard","meta":[],"categories":[6],"tags":[24],"_links":{"self":[{"href":"https:\/\/www.reunion68.se\/index.php?rest_route=\/wp\/v2\/posts\/14978"}],"collection":[{"href":"https:\/\/www.reunion68.se\/index.php?rest_route=\/wp\/v2\/posts"}],"about":[{"href":"https:\/\/www.reunion68.se\/index.php?rest_route=\/wp\/v2\/types\/post"}],"author":[{"embeddable":true,"href":"https:\/\/www.reunion68.se\/index.php?rest_route=\/wp\/v2\/users\/1"}],"replies":[{"embeddable":true,"href":"https:\/\/www.reunion68.se\/index.php?rest_route=%2Fwp%2Fv2%2Fcomments&post=14978"}],"version-history":[{"count":26,"href":"https:\/\/www.reunion68.se\/index.php?rest_route=\/wp\/v2\/posts\/14978\/revisions"}],"predecessor-version":[{"id":14982,"href":"https:\/\/www.reunion68.se\/index.php?rest_route=\/wp\/v2\/posts\/14978\/revisions\/14982"}],"wp:attachment":[{"href":"https:\/\/www.reunion68.se\/index.php?rest_route=%2Fwp%2Fv2%2Fmedia&parent=14978"}],"wp:term":[{"taxonomy":"category","embeddable":true,"href":"https:\/\/www.reunion68.se\/index.php?rest_route=%2Fwp%2Fv2%2Fcategories&post=14978"},{"taxonomy":"post_tag","embeddable":true,"href":"https:\/\/www.reunion68.se\/index.php?rest_route=%2Fwp%2Fv2%2Ftags&post=14978"}],"curies":[{"name":"wp","href":"https:\/\/api.w.org\/{rel}","templated":true}]}}