{"id":15024,"date":"2015-02-24T19:04:06","date_gmt":"2015-02-24T17:04:06","guid":{"rendered":"http:\/\/www.reunion68.se\/?p=15024"},"modified":"2015-02-24T09:54:17","modified_gmt":"2015-02-24T07:54:17","slug":"15024","status":"publish","type":"post","link":"https:\/\/www.reunion68.se\/?p=15024","title":{"rendered":"Polska to nie oni (ksiazki)"},"content":{"rendered":"<h5 style=\"text-align: center;\"><a href=\"http:\/\/www.jhi.pl\/\" target=\"_blank\"><img decoding=\"async\" class=\"center alignleft\" src=\"http:\/\/www.reunion68.com\/Biuletyn\/img\/zih-1.png\" alt=\"\" \/><\/a><span style=\"text-decoration: underline; color: #000080;\"><span style=\"text-decoration: underline;\"><strong><a style=\"color: #000080; text-decoration: underline;\" href=\"http:\/\/www.jhi.pl\/publikacje\/122\" target=\"_blank\">Polska to nie oni <\/a><\/strong><\/span><\/span><\/h5>\n<p style=\"text-align: center;\"><span style=\"color: #333333;\"><strong>Z recenzji dr Joanny Nalewajko-Kulikov<\/strong><\/span><\/p>\n<hr style=\"height: 15px; background: #d0e6fa; width: 710px;\" \/>\n<p><img decoding=\"async\" class=\" alignright\" src=\"http:\/\/www.jhi.pl\/uploads\/publication\/book\/image\/122\/big_Screen_Shot_2015-02-12_at_11.43.13.png\" alt=\"Polska to\u00a0nie oni\" width=\"350\" border=\"1\" data-2x-src=\"\/uploads\/publication\/book\/image\/122\/big_Screen_Shot_2015-02-12_at_11.43.13@2x.png\" \/><\/p>\n<p style=\"text-align: left;\"><span style=\"color: #000080;\">\u201eAutorka postawi\u0142a sobie za cel \u00bbodtworzenie obrazu Polski i Polak\u00f3w, w\u0142asnego [\u017byd\u00f3w] miejsca w spo\u0142eczno\u015bci polskiej, nie tyle deklarowanego oficjalnie w trakcie politycznych polemik, ale odczuwanego subiektywnie\u00ab. Praca jest pr\u00f3b\u0105 odtworzenia pewnych, ukrytych tre\u015bci, tego, czego czytelnik czasopism dowiadywa\u0142 si\u0119 z nich o patriotyzmie, Polakach, ojczy\u017anie. Rezultaty, jakie otrzymujemy, s\u0105 niezwykle interesuj\u0105ce. Autorka nie tylko wprowadza do polskiego obiegu naukowego ogromn\u0105 liczb\u0119 nowych informacji, ale przede wszystkim uda\u0142o jej si\u0119 pokaza\u0107, na ile spo\u0142eczno\u015b\u0107 \u017cydowska w mi\u0119dzywojennej Polsce nie by\u0142a \u2013 wbrew istniej\u0105cym do dzi\u015b licznym stereotypom \u2013 jednolita i na ile w obr\u0119bie tego samego \u015brodowiska (polskoj\u0119zycznych \u017byd\u00f3w) funkcjonowa\u0142a pewna schizofrenia my\u015bli i ocen. Z bada\u0144 wy\u0142ania si\u0119 obraz spo\u0142eczno\u015bci uchwyconej w momencie metamorfozy, w chwili przekszta\u0142cania si\u0119 w nar\u00f3d na wskro\u015b nowoczesny, kiedy stare definicje to\u017csamo\u015bci przestaj\u0105 wystarcza\u0107, a nowe nie zosta\u0142y jeszcze wypracowane i powszechnie zaakceptowane. Kim s\u0105 w\u0142a\u015bciwie \u017bydzi, kim s\u0105 Polacy, czy \u017bydzi w og\u00f3le mog\u0105 by\u0107 Polakami? Takie pytania mo\u017cna wyczyta\u0107 mi\u0119dzy wierszami cytowanych tekst\u00f3w prasowych\u201d.<\/span><\/p>\n<hr style=\"height: 15px; background: #d0e6fa; width: 710px;\" \/>\n<div id=\"content\" class=\"  content-alignment&lt;br \/&gt;&lt;br \/&gt; \">\n<div id=\"watch-description\" class=\"yt-uix-button-panel\">\n<div id=\"watch-description-text\">\n<p style=\"text-align: center;\"><span style=\"color: #808080;\"> twoje uwagi, linki, wlasne artykuly, lub wiadomosci przeslij do: <strong><span style=\"text-decoration: underline;\"><span style=\"color: #808080; text-decoration: underline;\"><a href=\"mailto:webmaster@reunion68.com\">webmaster@reunion68.com<\/a><\/span><\/span><\/strong><\/span><\/p>\n<\/div>\n<\/div>\n<\/div>\n<p>&nbsp;<\/p>\n<hr style=\"width: 710px;\" \/>\n","protected":false},"excerpt":{"rendered":"<p>Polska to nie oni Z recenzji dr Joanny Nalewajko-Kulikov \u201eAutorka postawi\u0142a sobie za cel \u00bbodtworzenie obrazu Polski i Polak\u00f3w, w\u0142asnego [\u017byd\u00f3w] miejsca w spo\u0142eczno\u015bci polskiej, nie tyle deklarowanego oficjalnie w trakcie politycznych polemik, ale odczuwanego subiektywnie\u00ab. Praca jest pr\u00f3b\u0105 odtworzenia pewnych, ukrytych tre\u015bci, tego, czego czytelnik czasopism dowiadywa\u0142 si\u0119 z nich o patriotyzmie, Polakach, ojczy\u017anie. [&hellip;]<\/p>\n","protected":false},"author":1,"featured_media":0,"comment_status":"closed","ping_status":"closed","sticky":false,"template":"","format":"standard","meta":[],"categories":[6],"tags":[24],"_links":{"self":[{"href":"https:\/\/www.reunion68.se\/index.php?rest_route=\/wp\/v2\/posts\/15024"}],"collection":[{"href":"https:\/\/www.reunion68.se\/index.php?rest_route=\/wp\/v2\/posts"}],"about":[{"href":"https:\/\/www.reunion68.se\/index.php?rest_route=\/wp\/v2\/types\/post"}],"author":[{"embeddable":true,"href":"https:\/\/www.reunion68.se\/index.php?rest_route=\/wp\/v2\/users\/1"}],"replies":[{"embeddable":true,"href":"https:\/\/www.reunion68.se\/index.php?rest_route=%2Fwp%2Fv2%2Fcomments&post=15024"}],"version-history":[{"count":13,"href":"https:\/\/www.reunion68.se\/index.php?rest_route=\/wp\/v2\/posts\/15024\/revisions"}],"predecessor-version":[{"id":15034,"href":"https:\/\/www.reunion68.se\/index.php?rest_route=\/wp\/v2\/posts\/15024\/revisions\/15034"}],"wp:attachment":[{"href":"https:\/\/www.reunion68.se\/index.php?rest_route=%2Fwp%2Fv2%2Fmedia&parent=15024"}],"wp:term":[{"taxonomy":"category","embeddable":true,"href":"https:\/\/www.reunion68.se\/index.php?rest_route=%2Fwp%2Fv2%2Fcategories&post=15024"},{"taxonomy":"post_tag","embeddable":true,"href":"https:\/\/www.reunion68.se\/index.php?rest_route=%2Fwp%2Fv2%2Ftags&post=15024"}],"curies":[{"name":"wp","href":"https:\/\/api.w.org\/{rel}","templated":true}]}}