{"id":15075,"date":"2015-02-27T19:06:18","date_gmt":"2015-02-27T17:06:18","guid":{"rendered":"http:\/\/www.reunion68.se\/?p=15075"},"modified":"2015-02-25T18:00:33","modified_gmt":"2015-02-25T16:00:33","slug":"15075","status":"publish","type":"post","link":"https:\/\/www.reunion68.se\/?p=15075","title":{"rendered":"Rodzinna zabawa z okazji \u015bwi\u0119ta Purim"},"content":{"rendered":"<h5 style=\"text-align: center;\"><a href=\"http:\/\/www.polin.pl\/\" target=\"_blank\"><img decoding=\"async\" class=\"center alignleft\" src=\"http:\/\/www.reunion68.com\/Biuletyn\/img\/MHZP.jpg\" alt=\"\" \/><\/a><a href=\"http:\/\/www.tskz.pl\/\" target=\"_blank\"> <img decoding=\"async\" class=\"center alignleft\" src=\"http:\/\/www.reunion68.com\/Biuletyn\/img\/tskz-s.png\" alt=\"\" \/> <\/a><span style=\"text-decoration: underline; color: #000080;\"><span style=\"text-decoration: underline;\"><strong><a style=\"color: #000080; text-decoration: underline;\" href=\"http:\/\/www.polin.pl\/pl\/wydarzenie\/rodzinna-zabawa-z-okazji-swieta-purim\" target=\"_blank\">Rodzinna zabawa z okazji \u015bwi\u0119ta Purim<\/a><\/strong><\/span><\/span><\/h5>\n<hr style=\"height: 15px; background: #d0e6fa; width: 710px;\" \/>\n<p><img decoding=\"async\" id=\"fileid-5521\" class=\"cell-img isocell-8_2 aligncenter\" title=\"\" src=\"http:\/\/www.polin.pl\/sites\/default\/files\/styles\/isocell_8_2\/public\/pictures\/purim_warsztaty_rodzinne.jpg?itok=8AYXq1H_\" alt=\"\" width=\"708\" \/><\/p>\n<p style=\"text-align: left;\"><span style=\"color: #000080;\"><strong>Purim<\/strong> to bardzo radosne \u015bwi\u0119to, kt\u00f3re wypada 14 dnia \u017cydowskiego miesi\u0105ca Adar i upami\u0119tnia wa\u017cne wydarzenie z przesz\u0142o\u015bci. Mia\u0142o ono miejsce w dawnej Persji (ok. 450 roku p.n.e.) za panowania kr\u00f3la Achaszwerosza. Na jego dworze najwa\u017cniejszym cz\u0142owiekiem by\u0142 wtedy minister i doradca Haman, kt\u00f3ry postanowi\u0142 pozby\u0107 si\u0119 \u017byd\u00f3w z ca\u0142ego pa\u0144stwa. Na szcz\u0119\u015bcie kr\u00f3lowa Ester przekona\u0142a kr\u00f3la, by ich ocali\u0142.<\/span><\/p>\n<p style=\"text-align: left;\"><span style=\"color: #000080;\">Z okazji Purim zapraszamy do Muzeum POLIN na rodzinn\u0105 zabaw\u0119, podczas kt\u00f3rej dowiecie si\u0119, jak obchodzimy \u015bwi\u0119to w Polsce i Izraelu. B\u0119dziemy szy\u0107 przebrania, tworzy\u0107 pi\u0119kne maski i przebiera\u0107 si\u0119 za wymarzone postaci. B\u0119dzie mn\u00f3stwo zabawy!<\/span><\/p>\n<p style=\"text-align: left;\"><span style=\"color: #000080;\">\u015awi\u0105teczne gry i zabawy w j\u0119zyku jidysz przygotuje dla nas Towarzystwo Spo\u0142eczno-Kulturalne \u017byd\u00f3w w Polsce. Muzykowa\u0107 b\u0119d\u0105 Ola Bili\u0144ska i Micha\u0142 Moniuszko.<\/span><\/p>\n<p style=\"text-align: left;\"><span style=\"color: #000080;\">Zapraszamy dzieci w wieku od 4 do 10 lat wraz z opiekunami. Gwarantujemy \u015bwietn\u0105 zabaw\u0119 i radosn\u0105 atmosfer\u0119!<\/span><\/p>\n<p style=\"text-align: left;\"><span style=\"color: #000080;\">8 marca 2015, godz.: 11.00-14.00<\/span><\/p>\n<p style=\"text-align: left;\"><span style=\"color: #000080;\">Wst\u0119p bezp\u0142atny, obowi\u0105zuje rezerwacja miejsc.<\/span><\/p>\n<p style=\"text-align: left;\"><span style=\"color: #808080;\">Realizacja projektu dzi\u0119ki wsparciu udzielonemu przez Boeing<\/span><br \/>\n<img decoding=\"async\" style=\"width: 200px; height: 48px;\" src=\"http:\/\/www.polin.pl\/sites\/default\/files\/boeing_logo.jpg\" alt=\"Boeing - logo\" \/><\/p>\n<hr style=\"height: 15px; background: #d0e6fa; width: 710px;\" \/>\n<div id=\"content\" class=\"  content-alignment&lt;br \/&gt;&lt;br \/&gt; \">\n<div id=\"watch-description\" class=\"yt-uix-button-panel\">\n<div id=\"watch-description-text\">\n<p style=\"text-align: center;\"><span style=\"color: #808080;\"> twoje uwagi, linki, wlasne artykuly, lub wiadomosci przeslij do: <strong><span style=\"text-decoration: underline;\"><span style=\"color: #808080; text-decoration: underline;\"><a href=\"mailto:webmaster@reunion68.com\">webmaster@reunion68.com<\/a><\/span><\/span><\/strong><\/span><\/p>\n<\/div>\n<\/div>\n<\/div>\n<p>&nbsp;<\/p>\n<hr style=\"width: 710px;\" \/>\n","protected":false},"excerpt":{"rendered":"<p>Rodzinna zabawa z okazji \u015bwi\u0119ta Purim Purim to bardzo radosne \u015bwi\u0119to, kt\u00f3re wypada 14 dnia \u017cydowskiego miesi\u0105ca Adar i upami\u0119tnia wa\u017cne wydarzenie z przesz\u0142o\u015bci. Mia\u0142o ono miejsce w dawnej Persji (ok. 450 roku p.n.e.) za panowania kr\u00f3la Achaszwerosza. Na jego dworze najwa\u017cniejszym cz\u0142owiekiem by\u0142 wtedy minister i doradca Haman, kt\u00f3ry postanowi\u0142 pozby\u0107 si\u0119 \u017byd\u00f3w z [&hellip;]<\/p>\n","protected":false},"author":1,"featured_media":0,"comment_status":"closed","ping_status":"closed","sticky":false,"template":"","format":"standard","meta":[],"categories":[4],"tags":[24],"_links":{"self":[{"href":"https:\/\/www.reunion68.se\/index.php?rest_route=\/wp\/v2\/posts\/15075"}],"collection":[{"href":"https:\/\/www.reunion68.se\/index.php?rest_route=\/wp\/v2\/posts"}],"about":[{"href":"https:\/\/www.reunion68.se\/index.php?rest_route=\/wp\/v2\/types\/post"}],"author":[{"embeddable":true,"href":"https:\/\/www.reunion68.se\/index.php?rest_route=\/wp\/v2\/users\/1"}],"replies":[{"embeddable":true,"href":"https:\/\/www.reunion68.se\/index.php?rest_route=%2Fwp%2Fv2%2Fcomments&post=15075"}],"version-history":[{"count":10,"href":"https:\/\/www.reunion68.se\/index.php?rest_route=\/wp\/v2\/posts\/15075\/revisions"}],"predecessor-version":[{"id":15086,"href":"https:\/\/www.reunion68.se\/index.php?rest_route=\/wp\/v2\/posts\/15075\/revisions\/15086"}],"wp:attachment":[{"href":"https:\/\/www.reunion68.se\/index.php?rest_route=%2Fwp%2Fv2%2Fmedia&parent=15075"}],"wp:term":[{"taxonomy":"category","embeddable":true,"href":"https:\/\/www.reunion68.se\/index.php?rest_route=%2Fwp%2Fv2%2Fcategories&post=15075"},{"taxonomy":"post_tag","embeddable":true,"href":"https:\/\/www.reunion68.se\/index.php?rest_route=%2Fwp%2Fv2%2Ftags&post=15075"}],"curies":[{"name":"wp","href":"https:\/\/api.w.org\/{rel}","templated":true}]}}