{"id":15087,"date":"2015-02-27T19:03:46","date_gmt":"2015-02-27T17:03:46","guid":{"rendered":"http:\/\/www.reunion68.se\/?p=15087"},"modified":"2015-02-25T17:59:42","modified_gmt":"2015-02-25T15:59:42","slug":"15087","status":"publish","type":"post","link":"https:\/\/www.reunion68.se\/?p=15087","title":{"rendered":"Kiermasz Purimowy"},"content":{"rendered":"<h5 style=\"text-align: center;\"><a href=\"http:\/\/www.jccwarszawa.pl\/\" target=\"_blank\"><img decoding=\"async\" class=\"center alignleft\" src=\"http:\/\/www.reunion68.com\/Biuletyn\/img\/jcc.gif\" alt=\"\" \/><\/a><span style=\"text-decoration: underline; color: #000080;\"><span style=\"text-decoration: underline;\"><strong><a style=\"color: #000080; text-decoration: underline;\" href=\"http:\/\/www.jccwarszawa.pl\/news\/131\/n\/430\" target=\"_blank\">Kiermasz Purimowy<\/a><\/strong><\/span><\/span><\/h5>\n<hr style=\"height: 15px; background: #d0e6fa; width: 710px;\" \/>\n<p><img decoding=\"async\" class=\" alignright\" src=\"http:\/\/www.jccwarszawa.pl\/imgnews\/md_kiermasz_na_strone02.png\" alt=\"Kiermasz Purimowy\" width=\"350\" border=\"0\" \/><\/p>\n<p style=\"text-align: left;\"><span style=\"color: #333333;\"><strong>Ju\u017c 1 marca 2015, mi\u0119dzy 12:00 a 16:00 zapraszamy do JCC na Kiermasz Purimowy!<\/strong><\/span><\/p>\n<p style=\"text-align: left;\"><span style=\"color: #000080;\">Zakupowe szale\u0144stwo i w tym roku zamieni si\u0119 w co\u015b po\u017cytecznego, bo nie do\u015b\u0107, \u017ce b\u0119dzie okazja wesprze\u0107 tych pocz\u0105tkuj\u0105cych i tych ju\u017c swobodnie dzia\u0142aj\u0105cych wytw\u00f3rc\u00f3w r\u0119kodzie\u0142a, to jeszcze 20% z zysk\u00f3w w tym dniu przekazane zostanie &#8211; zgodnie z dobroczynn\u0105 tradycj\u0105 purimow\u0105 &#8211; na pomoc potrzebuj\u0105cym rodzinom korzystaj\u0105cym z programu pomocy socjalnej Ezra!<\/span><\/p>\n<p style=\"text-align: left;\"><span style=\"color: #000080;\">Tych, kt\u00f3rzy wybieraj\u0105 si\u0119 na purimszpil w Klubie Komediowym &#8211; uspokajamy, praktyka wskazuje, \u017ce wci\u0105\u017c b\u0119dzie na Was czeka\u0142 wspania\u0142y wyb\u00f3r cudeniek do zakupu jak ju\u017c gromadnie przemie\u015bcicie si\u0119 z powrotem do JCC! \ud83d\ude42<\/span><\/p>\n<p style=\"text-align: left;\"><span style=\"color: #000080;\">Tym, kt\u00f3rzy ju\u017c nie mog\u0105 sie doczeka\u0107, zdradzamy list\u0119 stoisk, kt\u00f3re b\u0119d\u0105 na Was czeka\u0107 na Kiermaszu:<\/span><\/p>\n<p style=\"text-align: left; padding-left: 90px;\"><span style=\"color: #000080;\">\u2022Anka Plewicka-Szymczak i Ma\u0142gosia Kozera-Topi\u0144ska \u2013 <strong>Pchli targ ksi\u0105\u017cek, p\u0142yt, zabawek i gier<\/strong><\/span><br \/>\n<span style=\"color: #000080;\"> \u2022AsiManufaktura \u2013 <strong>patchworkowe narzuty, torby, zabawki<\/strong><\/span><br \/>\n<span style=\"color: #000080;\"> \u2022Urszula Grabowska \u2013 <strong>wyroby z filcu<\/strong><\/span><br \/>\n<span style=\"color: #000080;\"> \u2022MajkArt &#8211;<strong> judaika<\/strong><\/span><br \/>\n<span style=\"color: #000080;\"> \u2022MiPolin &#8211; <strong>judaika<\/strong><\/span><br \/>\n<span style=\"color: #000080;\"> \u2022Falafelt \u2013 <strong>wyroby z filcu<\/strong><\/span><br \/>\n<span style=\"color: #000080;\"> \u2022Pola i Szymon &#8211; <strong>popkorn i koszerne s\u0142odko\u015bci<\/strong><\/span><br \/>\n<span style=\"color: #000080;\"> \u2022Ec Chaim &#8211; <strong>r\u0119kodzie\u0142o<\/strong><\/span><br \/>\n<span style=\"color: #000080;\"> \u2022\u017bIH \u2013 <strong>gad\u017cety r\u00f3\u017cnej ma\u015bci<\/strong><\/span><br \/>\n<span style=\"color: #000080;\"> \u2022Sklep z Osobliwo\u015bciami &#8211; <strong>maski i inne osobliwo\u015bci<\/strong><\/span><br \/>\n<span style=\"color: #000080;\"> \u2022Beakie &#8211; <strong>scrapbooking &#8211; kartki okoliczno\u015bciowe<\/strong><\/span><br \/>\n<span style=\"color: #000080;\"> \u2022FirdumDyrdum \u2013 <strong>zabawki, plecaki, bi\u017cuteria<\/strong><\/span><br \/>\n<span style=\"color: #000080;\"> \u2022Head Made Art &#8211; <strong>ceramika<\/strong><\/span><br \/>\n<span style=\"color: #000080;\"> \u2022(Z)r\u0119czna Robota &#8211; <strong>dzia\u0142ania bi\u017cuteryjno &#8211; papierowe<\/strong><\/span><br \/>\n<span style=\"color: #000080;\"> \u2022Ulepieni &#8211; <strong>ceramika<\/strong><\/span><br \/>\n<span style=\"color: #000080;\"> \u2022Eve &#8211; <strong>bi\u017cuteria autorska<\/strong><\/span><br \/>\n<span style=\"color: #000080;\"> \u2022Especially for You \u2013 <strong>bi\u017cuteria, torby<\/strong><\/span><br \/>\n<span style=\"color: #000080;\"> \u2022Wieslawa Rawska-Tejszerska \u2013<strong> \u017cydowska wycinanka oraz r\u0119kodzie\u0142o<\/strong><\/span><br \/>\n<span style=\"color: #000080;\"> \u2022BODO HandMade \u2013<strong> r\u0119kodzie\u0142o dziergane<\/strong><\/span><br \/>\n<span style=\"color: #000080;\"> \u2022Mag IC Art \u2013<strong> bi\u017cuteria i r\u0119cznie robione myde\u0142ka<\/strong><\/span><br \/>\n<span style=\"color: #000080;\"> \u2022Pracownia R\u0119kodzie\u0142a Zielonaludka<\/span><br \/>\n<span style=\"color: #000080;\"> \u2022Ela Siczek \u2013<strong> r\u0119cznie robione kipy<\/strong><\/span><br \/>\n<span style=\"color: #000080;\"> \u2022Maja Pietruszka &#8211; <strong>bi\u017cuteria<\/strong><\/span><br \/>\n<span style=\"color: #000080;\"> \u2022Adam Szyc \u2013 <strong>sklep koszerny<\/strong><\/span><br \/>\n<span style=\"color: #000080;\"> \u2022Joanna Matyjasek \u2013<strong> \u017cydowska wycinanka<\/strong><\/span><br \/>\n<span style=\"color: #000080;\"> \u2022Stoisko Boker Tow<\/span><br \/>\n<span style=\"color: #000080;\"> \u2022Modo \u2013 <strong>ksi\u0105\u017ceczka dla dzieci \u201eCo\u015b z niczego\u201d<\/strong><\/span><br \/>\n<span style=\"color: #000080;\"> \u2022Klaudia Jagie\u0142\u0142o \u2013 <strong>kosmetyki Mary Kay<\/strong><\/span><br \/>\n<span style=\"color: #000080;\"> \u2022Ala Nauman \u2013<strong> Yak I Pi\u0119kny Szal<\/strong><\/span><br \/>\n<span style=\"color: #000080;\"> \u2022ArtDota \u2013 <strong>eko torby<\/strong><\/span><br \/>\n<span style=\"color: #000080;\"> \u2022Papierowy Dinozaur &#8211; <strong>r\u00f3\u017cno\u015bci<\/strong><\/span><\/p>\n<hr style=\"height: 15px; background: #d0e6fa; width: 710px;\" \/>\n<div id=\"content\" class=\"  content-alignment&lt;br \/&gt;&lt;br \/&gt; \">\n<div id=\"watch-description\" class=\"yt-uix-button-panel\">\n<div id=\"watch-description-text\">\n<p style=\"text-align: center;\"><span style=\"color: #808080;\"> twoje uwagi, linki, wlasne artykuly, lub wiadomosci przeslij do: <strong><span style=\"text-decoration: underline;\"><span style=\"color: #808080; text-decoration: underline;\"><a href=\"mailto:webmaster@reunion68.com\">webmaster@reunion68.com<\/a><\/span><\/span><\/strong><\/span><\/p>\n<\/div>\n<\/div>\n<\/div>\n<p>&nbsp;<\/p>\n<hr style=\"width: 710px;\" \/>\n","protected":false},"excerpt":{"rendered":"<p>Kiermasz Purimowy Ju\u017c 1 marca 2015, mi\u0119dzy 12:00 a 16:00 zapraszamy do JCC na Kiermasz Purimowy! Zakupowe szale\u0144stwo i w tym roku zamieni si\u0119 w co\u015b po\u017cytecznego, bo nie do\u015b\u0107, \u017ce b\u0119dzie okazja wesprze\u0107 tych pocz\u0105tkuj\u0105cych i tych ju\u017c swobodnie dzia\u0142aj\u0105cych wytw\u00f3rc\u00f3w r\u0119kodzie\u0142a, to jeszcze 20% z zysk\u00f3w w tym dniu przekazane zostanie &#8211; zgodnie [&hellip;]<\/p>\n","protected":false},"author":1,"featured_media":0,"comment_status":"closed","ping_status":"closed","sticky":false,"template":"","format":"standard","meta":[],"categories":[4],"tags":[24],"_links":{"self":[{"href":"https:\/\/www.reunion68.se\/index.php?rest_route=\/wp\/v2\/posts\/15087"}],"collection":[{"href":"https:\/\/www.reunion68.se\/index.php?rest_route=\/wp\/v2\/posts"}],"about":[{"href":"https:\/\/www.reunion68.se\/index.php?rest_route=\/wp\/v2\/types\/post"}],"author":[{"embeddable":true,"href":"https:\/\/www.reunion68.se\/index.php?rest_route=\/wp\/v2\/users\/1"}],"replies":[{"embeddable":true,"href":"https:\/\/www.reunion68.se\/index.php?rest_route=%2Fwp%2Fv2%2Fcomments&post=15087"}],"version-history":[{"count":17,"href":"https:\/\/www.reunion68.se\/index.php?rest_route=\/wp\/v2\/posts\/15087\/revisions"}],"predecessor-version":[{"id":15105,"href":"https:\/\/www.reunion68.se\/index.php?rest_route=\/wp\/v2\/posts\/15087\/revisions\/15105"}],"wp:attachment":[{"href":"https:\/\/www.reunion68.se\/index.php?rest_route=%2Fwp%2Fv2%2Fmedia&parent=15087"}],"wp:term":[{"taxonomy":"category","embeddable":true,"href":"https:\/\/www.reunion68.se\/index.php?rest_route=%2Fwp%2Fv2%2Fcategories&post=15087"},{"taxonomy":"post_tag","embeddable":true,"href":"https:\/\/www.reunion68.se\/index.php?rest_route=%2Fwp%2Fv2%2Ftags&post=15087"}],"curies":[{"name":"wp","href":"https:\/\/api.w.org\/{rel}","templated":true}]}}