{"id":15106,"date":"2015-02-26T19:04:09","date_gmt":"2015-02-26T17:04:09","guid":{"rendered":"http:\/\/www.reunion68.se\/?p=15106"},"modified":"2015-02-25T15:15:22","modified_gmt":"2015-02-25T13:15:22","slug":"15106","status":"publish","type":"post","link":"https:\/\/www.reunion68.se\/?p=15106","title":{"rendered":"Niebawem nowa pozycja w Bibliotece \u015awiadectw Zag\u0142ady"},"content":{"rendered":"<h5 style=\"text-align: center;\"><a href=\"http:\/\/www.holocaustresearch.pl\/\" target=\"_blank\"><img decoding=\"async\" class=\"center alignleft\" src=\"http:\/\/www.reunion68.com\/Biuletyn\/img\/centrum-z.png\" alt=\"\" width=\"350\" \/><\/a><span style=\"text-decoration: underline; color: #000080;\"><span style=\"text-decoration: underline;\"><strong><a style=\"color: #000080; text-decoration: underline;\" href=\"http:\/\/www.holocaustresearch.pl\/index.php?mod=news&amp;show=308\" target=\"_blank\">Niebawem nowa pozycja w Bibliotece \u015awiadectw Zag\u0142ady<\/a><\/strong><\/span><\/span><\/h5>\n<hr style=\"height: 15px; background: #d0e6fa; width: 710px;\" \/>\n<p><a href=\"http:\/\/www.holocaustresearch.pl\/nowy\/photo\/image\/auto\/Pachter_okladka_m.jpg\"><img decoding=\"async\" src=\"http:\/\/www.holocaustresearch.pl\/nowy\/photo\/image\/auto\/Pachter_okladka_m.jpg\" alt=\"\" width=\"350\" align=\"right\" border=\"0\" hspace=\"6\" vspace=\"0\" \/><\/a><\/p>\n<p style=\"text-align: left;\"><strong><span style=\"color: #333333;\">Intensywnie pracujemy by w pocz\u0105tku kwietnia odda\u0107 do r\u0105k czytelnik\u00f3w kolejn\u0105 pozycj\u0119 w Bibliotece \u015awiadectw Zag\u0142ady. B\u0119d\u0105 to opracowane przez Barbar\u0119 Engelking niezwyk\u0142e zapiski Mietka Pachtera.<\/span><\/strong><\/p>\n<p>&nbsp;<\/p>\n<p style=\"padding-left: 120px;\"><img decoding=\"async\" class=\"center alignleft\" src=\"http:\/\/www.reunion68.com\/Biuletyn\/img\/break.png\" alt=\"\" \/><\/p>\n<p>&nbsp;<\/p>\n<p><strong>UMIERA\u0106 TE\u017b TRZEBA UMIE\u0106 &#8230;<\/strong><br \/>\n<strong>Mietek Pachter<br \/>\n<\/strong><span style=\"color: #000080; line-height: 1.5;\">oprac. i wst\u0119p Barbara Engelking<\/span><\/p>\n<p style=\"text-align: left;\"><span style=\"color: #000080;\">Warszawa 2015, wydanie I<\/span><br \/>\n<span style=\"color: #000080;\"> oprawa: twarda<\/span><br \/>\n<span style=\"color: #000080;\"> cena katalogowa: 40,00 z\u0142<\/span><br \/>\n<span style=\"color: #000080;\"> ISBN: 978-83-63444-39-6<\/span><br \/>\n<strong>ISBN [ebook]<span style=\"color: #000080;\">:<\/span><\/strong><span style=\"color: #000080;\"> 978-83-63444-40-2<\/span><\/p>\n<p style=\"text-align: left;\"><span style=\"color: #000080;\">Lecz\u0105c gru\u017alic\u0119 w Szwajcarii w latach 1946\u20131947, Mietek Pachter spisuje swoje prze\u017cycia z czas\u00f3w wojny. Getto warszawskie, ukrywanie si\u0119 w bunkrach w czasie powstania, wyw\u00f3zka do Majdanka, nast\u0119pnie do obozu pracy przymusowej przy zak\u0142adach HASAG w Skar\u017cysku i Cz\u0119stochowie. Wspomnienia Mietka to opowie\u015b\u0107 o mi\u0142o\u015bci \u2013 tej do rodzic\u00f3w, kt\u00f3ra pomog\u0142a mu prze\u017cy\u0107 getto, oraz tej do brata Wilka, kt\u00f3ra pomog\u0142a mu prze\u017cy\u0107 obozy.<\/span><\/p>\n<p style=\"text-align: left;\"><span style=\"color: #000080;\">\u201eBierzemy, powiedzmy, narz\u0119dzia stolarskie od pierwszego lepszego fachowca i idziemy na wach\u0119. Dochodzimy do niemca i m\u00f3wimy, \u017ce zostali\u015bmy przys\u0142ani z gminy \u017cydowskiej i mamy mu zrobi\u0107 szaf\u0119 lub co\u015b innego w budzie \u2013 czy by nie chcia\u0142 by\u0107 tak \u0142askawy i wej\u015b\u0107 z nami do budki, pokaza\u0107 nam, co mamy zrobi\u0107 i w jakim stylu itp. Gdy dodali\u015bmy jeszcze kilka pochlebnych s\u0142\u00f3w dla niego, zach\u0119caj\u0105c go tym, ten bez namys\u0142u wchodzi\u0142 do budki. Ja z Wilkiem wchodzimy te\u017c, ja trzymam narz\u0119dzia i staj\u0119 przy okienku, by mnie widzia\u0142, a nie okno, a Wilek pokazuje mu odpowiednie \u015bciany i okre\u015blamy w fantazji szaf\u0119 i [co] tam jeszcze dusza zapragn\u0119\u0142a. Ja, stoj\u0105c przy okienku, s\u0142ysz\u0119, ile woz\u00f3w przesz\u0142o, tu panuje wsp\u00f3\u0142praca. Gdy si\u0119 bierze na \u00ab\u015bcian\u0119\u00bb niemca, to maj\u0105 przejecha\u0107 wszystkie wozy, wszystko jedno czyje. Wiedz\u0105c, \u017ce robota nasza sko\u0144czona, dajemy mu kartk\u0119 do podpisania z obstalunkami \u2013 pisan\u0105 po \u017cydowsku \u2013 ten podpisuje i my mamy p\u00f3j\u015b\u0107 do gminy po zatwierdzenie [\u2026]\u201d.<\/span><\/p>\n<p style=\"text-align: left;\">Praca naukowa finansowana w ramach programu Ministra Nauki i Szkolnictwa Wy\u017cszego pod nazw\u0105 \u201eNarodowy Program Rozwoju Humanistyki\u201d<img decoding=\"async\" loading=\"lazy\" src=\"http:\/\/www.holocaustresearch.pl\/nowy\/photo\/image\/auto\/logo_NPRH.jpg\" alt=\"\" width=\"300\" height=\"67\" align=\"right\" border=\"0\" hspace=\"5\" \/><\/p>\n<hr style=\"height: 15px; background: #d0e6fa; width: 710px;\" \/>\n<div id=\"content\" class=\"  content-alignment&lt;br \/&gt;&lt;br \/&gt; \">\n<div id=\"watch-description\" class=\"yt-uix-button-panel\">\n<div id=\"watch-description-text\">\n<p style=\"text-align: center;\"><span style=\"color: #808080;\"> twoje uwagi, linki, wlasne artykuly, lub wiadomosci przeslij do: <strong><span style=\"text-decoration: underline;\"><span style=\"color: #808080; text-decoration: underline;\"><a href=\"mailto:webmaster@reunion68.com\">webmaster@reunion68.com<\/a><\/span><\/span><\/strong><\/span><\/p>\n<\/div>\n<\/div>\n<\/div>\n<p>&nbsp;<\/p>\n<hr style=\"width: 710px;\" \/>\n","protected":false},"excerpt":{"rendered":"<p>Niebawem nowa pozycja w Bibliotece \u015awiadectw Zag\u0142ady Intensywnie pracujemy by w pocz\u0105tku kwietnia odda\u0107 do r\u0105k czytelnik\u00f3w kolejn\u0105 pozycj\u0119 w Bibliotece \u015awiadectw Zag\u0142ady. B\u0119d\u0105 to opracowane przez Barbar\u0119 Engelking niezwyk\u0142e zapiski Mietka Pachtera. &nbsp; &nbsp; UMIERA\u0106 TE\u017b TRZEBA UMIE\u0106 &#8230; Mietek Pachter oprac. i wst\u0119p Barbara Engelking Warszawa 2015, wydanie I oprawa: twarda cena katalogowa: [&hellip;]<\/p>\n","protected":false},"author":1,"featured_media":0,"comment_status":"closed","ping_status":"closed","sticky":false,"template":"","format":"standard","meta":[],"categories":[6],"tags":[24],"_links":{"self":[{"href":"https:\/\/www.reunion68.se\/index.php?rest_route=\/wp\/v2\/posts\/15106"}],"collection":[{"href":"https:\/\/www.reunion68.se\/index.php?rest_route=\/wp\/v2\/posts"}],"about":[{"href":"https:\/\/www.reunion68.se\/index.php?rest_route=\/wp\/v2\/types\/post"}],"author":[{"embeddable":true,"href":"https:\/\/www.reunion68.se\/index.php?rest_route=\/wp\/v2\/users\/1"}],"replies":[{"embeddable":true,"href":"https:\/\/www.reunion68.se\/index.php?rest_route=%2Fwp%2Fv2%2Fcomments&post=15106"}],"version-history":[{"count":31,"href":"https:\/\/www.reunion68.se\/index.php?rest_route=\/wp\/v2\/posts\/15106\/revisions"}],"predecessor-version":[{"id":15138,"href":"https:\/\/www.reunion68.se\/index.php?rest_route=\/wp\/v2\/posts\/15106\/revisions\/15138"}],"wp:attachment":[{"href":"https:\/\/www.reunion68.se\/index.php?rest_route=%2Fwp%2Fv2%2Fmedia&parent=15106"}],"wp:term":[{"taxonomy":"category","embeddable":true,"href":"https:\/\/www.reunion68.se\/index.php?rest_route=%2Fwp%2Fv2%2Fcategories&post=15106"},{"taxonomy":"post_tag","embeddable":true,"href":"https:\/\/www.reunion68.se\/index.php?rest_route=%2Fwp%2Fv2%2Ftags&post=15106"}],"curies":[{"name":"wp","href":"https:\/\/api.w.org\/{rel}","templated":true}]}}