{"id":1512,"date":"2014-05-23T00:00:44","date_gmt":"2014-05-22T22:00:44","guid":{"rendered":"http:\/\/www.reunion68.se\/?p=1512"},"modified":"2014-05-22T19:33:23","modified_gmt":"2014-05-22T17:33:23","slug":"wiecej-zydow-zginelo-z-rak-polakow-niz-zostalo-przez-nich-uratowanych","status":"publish","type":"post","link":"https:\/\/www.reunion68.se\/?p=1512","title":{"rendered":"&#8220;Wi\u0119cej \u017byd\u00f3w zgin\u0119\u0142o z r\u0105k Polak\u00f3w ni\u017c zosta\u0142o przez nich uratowanych&#8221;"},"content":{"rendered":"<h3 style=\"text-align: center;\"><strong><a href=\"http:\/\/www.wprost.pl\" target=\"_blank\"><img decoding=\"async\" class=\"alignleft\" src=\"http:\/\/www.reunion68.com\/Biuletyn\/img\/wprost.png\" alt=\"\" \/><\/a><span style=\"text-decoration: underline;\"><span style=\"color: #000080; text-decoration: underline;\"><a href=\"http:\/\/www.wprost.pl\/ar\/411393\/Wiecej-Zydow-zginelo-z-rak-Polakow-niz-zostalo-przez-nich-uratowanych\/\" target=\"_blank\">&#8220;Wi\u0119cej \u017byd\u00f3w zgin\u0119\u0142o z r\u0105k Polak\u00f3w ni\u017c zosta\u0142o przez nich uratowanych&#8221;<\/a><\/span><\/span><\/strong><\/h3>\n<p style=\"text-align: center;\"><span style=\"color: #000080;\">Autor: <strong>Marcin Dzier\u017canowski<\/strong><\/span><\/p>\n<p style=\"text-align: center;\"><img decoding=\"async\" class=\"alignright\" src=\"http:\/\/www.wprost.pl\/G\/cache\/4\/e\/b\/4eb4f3409581b82869a7e5f0893e5db533894506.jpg\" alt=\"Warszawa, lato 1942 r. Transport \u017byd\u00f3w z Umschlagplatzu do Treblinki (fot. \u017bIH\/FOR UM, archiwum)\" width=\"400\" \/><\/p>\n<p style=\"text-align: left;\"><strong><span style=\"color: #000080;\">Co do tego, \u017ce w czasie wojny wi\u0119cej \u017byd\u00f3w zgin\u0119\u0142o z r\u0105k Polak\u00f3w ni\u017c zosta\u0142o przez nich uratowanych, raczej nie ma w\u0105tpliwo\u015bci \u2013 uwa\u017ca prof. Andrzej \u017bbikowski z \u017bydowskiego Instytutu Historycznego. W rozmowie z &#8220;Wprost&#8221; zaznacza jednak, \u017ce &#8220;\u017cadnych liczb nie zaryzykuje&#8221;. &#8211; Trudno powiedzie\u0107, czy z r\u0105k polskich zgin\u0119\u0142o 50 tys., 100 tys. czy mo\u017ce 150 tysi\u0119cy \u017byd\u00f3w \u2013 m\u00f3wi.<\/span><\/strong><\/p>\n<p style=\"text-align: left;\"><span style=\"color: #000080;\">Profesor kwestionuje te\u017c powojenne ustalenia, \u017ce Polacy w czasie Holokaustu uratowali 100 tys. \u017byd\u00f3w. &#8211; To zdecydowanie zbyt optymistyczna liczba. W raporcie szefa Komisji Historycznej Centralnego Komitetu \u017byd\u00f3w w Lublinie czytamy, \u017ce na ca\u0142ej Lubelszczy\u017anie, Rzeszowszczy\u017anie i Bia\u0142ostocczy\u017anie uratowa\u0142o si\u0119 6,5 tys. os\u00f3b narodowo\u015bci \u017cydowskiej. W skali kraju mog\u0142a to by\u0107 zatem liczba kilkunastu, g\u00f3ra 20 tysi\u0119cy \u2013 ocenia.<\/span><\/p>\n<p style=\"text-align: left;\"><span style=\"color: #000080;\">W rozmowie z &#8220;Wprost\u201d jeden z najwybitniejszych polskich znawc\u00f3w Holokaustu odnosi si\u0119 do kontrowersji, jakie wywo\u0142a\u0142a w Sejmie uchwa\u0142a z okazji 70. rocznicy buntu w Treblince. W czasie obrad komisji kultury pos\u0142owie PiS forsowali projekt, w kt\u00f3rym na siedem akapit\u00f3w a\u017c cztery po\u015bwi\u0119cone by\u0142y Polakom pomagaj\u0105cym \u017bydom. &#8211; Ponad 330 Polak\u00f3w zamordowano, cz\u0119sto z rodzinami, za t\u0119 pomoc, i to nie tylko w postaci przechowywania, ale te\u017c przekazania \u017cywno\u015bci czy wody. 100 medali Sprawiedliwych W\u015br\u00f3d Narod\u00f3w \u015awiata przyznano przez Instytut Jad Waszem tylko mieszka\u0144com okolic Treblinki, z powiatu w\u0119growsko-soko\u0142owskiego \u2013 przekonywa\u0142 pose\u0142 Arkadiusz Czartoryski (PiS). Prof. \u017bbikowski ca\u0142kowicie kwestionuje t\u0119 tez\u0119. &#8211; Szczerze m\u00f3wi\u0105c, w og\u00f3le nie kojarz\u0119 Polak\u00f3w z okolic Treblinki, kt\u00f3rzy oddali \u017cycie za ratowanie \u017byd\u00f3w z tamtejszego obozu. Bardziej prawdopodobna wydaje mi si\u0119 sytuacja, w kt\u00f3rej Niemcy kogo\u015b zabili, bo znale\u017ali u niego pochodz\u0105ce od \u017byd\u00f3w z\u0142oto. W ko\u0144cu, zgodnie z nazistowskim prawem, zrabowane kosztowno\u015bci nale\u017ca\u0142y do skarbu Rzeszy \u2013 wyja\u015bnia.<\/span><\/p>\n<p style=\"text-align: left;\"><span style=\"color: #000080;\">Czytaj dalej &#8230;<strong><span style=\"text-decoration: underline;\"> <a href=\"http:\/\/www.wprost.pl\/ar\/411393\/Wiecej-Zydow-zginelo-z-rak-Polakow-niz-zostalo-przez-nich-uratowanych\/\" target=\"_blank\"><span style=\"color: #000080; text-decoration: underline;\">Wprost<\/span><\/a><\/span><\/strong><\/span><\/p>\n","protected":false},"excerpt":{"rendered":"<p>&#8220;Wi\u0119cej \u017byd\u00f3w zgin\u0119\u0142o z r\u0105k Polak\u00f3w ni\u017c zosta\u0142o przez nich uratowanych&#8221; Autor: Marcin Dzier\u017canowski Co do tego, \u017ce w czasie wojny wi\u0119cej \u017byd\u00f3w zgin\u0119\u0142o z r\u0105k Polak\u00f3w ni\u017c zosta\u0142o przez nich uratowanych, raczej nie ma w\u0105tpliwo\u015bci \u2013 uwa\u017ca prof. Andrzej \u017bbikowski z \u017bydowskiego Instytutu Historycznego. W rozmowie z &#8220;Wprost&#8221; zaznacza jednak, \u017ce &#8220;\u017cadnych liczb nie [&hellip;]<\/p>\n","protected":false},"author":1,"featured_media":0,"comment_status":"closed","ping_status":"closed","sticky":false,"template":"","format":"standard","meta":[],"categories":[4],"tags":[24],"_links":{"self":[{"href":"https:\/\/www.reunion68.se\/index.php?rest_route=\/wp\/v2\/posts\/1512"}],"collection":[{"href":"https:\/\/www.reunion68.se\/index.php?rest_route=\/wp\/v2\/posts"}],"about":[{"href":"https:\/\/www.reunion68.se\/index.php?rest_route=\/wp\/v2\/types\/post"}],"author":[{"embeddable":true,"href":"https:\/\/www.reunion68.se\/index.php?rest_route=\/wp\/v2\/users\/1"}],"replies":[{"embeddable":true,"href":"https:\/\/www.reunion68.se\/index.php?rest_route=%2Fwp%2Fv2%2Fcomments&post=1512"}],"version-history":[{"count":15,"href":"https:\/\/www.reunion68.se\/index.php?rest_route=\/wp\/v2\/posts\/1512\/revisions"}],"predecessor-version":[{"id":1525,"href":"https:\/\/www.reunion68.se\/index.php?rest_route=\/wp\/v2\/posts\/1512\/revisions\/1525"}],"wp:attachment":[{"href":"https:\/\/www.reunion68.se\/index.php?rest_route=%2Fwp%2Fv2%2Fmedia&parent=1512"}],"wp:term":[{"taxonomy":"category","embeddable":true,"href":"https:\/\/www.reunion68.se\/index.php?rest_route=%2Fwp%2Fv2%2Fcategories&post=1512"},{"taxonomy":"post_tag","embeddable":true,"href":"https:\/\/www.reunion68.se\/index.php?rest_route=%2Fwp%2Fv2%2Ftags&post=1512"}],"curies":[{"name":"wp","href":"https:\/\/api.w.org\/{rel}","templated":true}]}}