{"id":15159,"date":"2015-02-25T19:09:42","date_gmt":"2015-02-25T17:09:42","guid":{"rendered":"http:\/\/www.reunion68.se\/?p=15159"},"modified":"2015-02-25T15:14:35","modified_gmt":"2015-02-25T13:14:35","slug":"15159","status":"publish","type":"post","link":"https:\/\/www.reunion68.se\/?p=15159","title":{"rendered":"Film zbyt straszny, by pokaza\u0107 go publiczno\u015bci"},"content":{"rendered":"<h5 style=\"text-align: center;\"><a href=\"http:\/\/wiadomosci.onet.pl\/\" target=\"_blank\"><img decoding=\"async\" class=\"center alignleft\" src=\"http:\/\/www.reunion68.com\/Biuletyn\/img\/on-net.png\" alt=\"\" width=\"130\" \/><img decoding=\"async\" class=\"center alignright\" src=\"http:\/\/www.reunion68.com\/Biuletyn\/img\/guardian.jpg\" alt=\"\" width=\"200\" \/><\/a><span style=\"text-decoration: underline; color: #000080;\"><span style=\"text-decoration: underline;\"><strong><a style=\"color: #000080; text-decoration: underline;\" href=\"http:\/\/wiadomosci.onet.pl\/prasa\/film-zbyt-straszny-by-pokazac-go-publicznosci\/gy5xk\" target=\"_blank\">Film zbyt straszny, by pokaza\u0107 go publiczno\u015bci<\/a><\/strong><\/span><\/span><\/h5>\n<p style=\"text-align: center;\"><span style=\"color: #333333;\"><strong>Stuart Jeffries<\/strong><\/span><\/p>\n<hr style=\"height: 15px; background: #d0e6fa; width: 710px;\" \/>\n<div style=\"width: 360px\" class=\"wp-caption alignright\"><img decoding=\"async\" class=\"mainPhotoImg\" src=\"http:\/\/ocdn.eu\/images\/pulscms\/YTE7MDQsOTAsNSwyZTUsMWEwOzA2LDMxNCwxYmM7MGMsMTQwYjFjZmU3ZjBhYzUyZWRjMDEwZDcwOTc4ZTg0YmUsMSwxLDYsMA__\/329f0c89b2d7349a7e0491f39d3eb11f.jpg\" alt=\"Kadr z filmu &quot;Night Will Fall&quot;\" width=\"350\" \/><p class=\"wp-caption-text\">K<span style=\"color: #000080;\">adr z filmu &#8220;Night Will Fall&#8221;<\/span><\/p><\/div>\n<p style=\"text-align: left;\"><span style=\"color: #333333;\"><strong>&#8220;Wiosn\u0105 1945 roku \u2013 opowiada narrator, a w tle wida\u0107 idylliczny kadr z niemieckiej wsi \u2013 wojska alianckie posuwaj\u0105ce si\u0119 w g\u0142\u0105b Niemiec dotar\u0142y do Bergen-Belsen. Brytyjscy \u017co\u0142nierze mijali schludne, uporz\u0105dkowane sady i zadbane farmy, kt\u00f3re cieszy\u0142y oko i wzbudza\u0142y szacunek dla tutejszych mieszka\u0144c\u00f3w. Przynajmniej do chwili, gdy go\u015bcie poczuli ten zapach\u2026&#8221;.<\/strong><\/span><\/p>\n<p style=\"text-align: left;\"><span style=\"color: #000080;\">Bern\u00adste\u00adin ze\u00adbra\u0142 wy\u00adj\u0105t\u00adko\u00adwy ze\u00adsp\u00f3\u0142, w sk\u0142ad kt\u00f3\u00adre\u00adgo wszed\u0142 przy\u00adsz\u0142y mi\u00adni\u00adster w la\u00adbu\u00adrzy\u00adstow\u00adskim rz\u0105\u00addzie Ri\u00adchard Cros\u00adsman, autor li\u00adrycz\u00adne\u00adgo sce\u00adna\u00adriu\u00adsza, i Al\u00adfred Hitch\u00adcock, kt\u00f3ry z po\u00adwo\u00addu tego filmu przy\u00adle\u00adcia\u0142 spe\u00adcjal\u00adnie z Hol\u00adly\u00adwo\u00adod. Razem za\u00adbra\u00adli si\u0119 do pracy nad do\u00adku\u00admen\u00adtem za\u00adty\u00adtu\u00ad\u0142o\u00adwa\u00adnym &#8220;Ger\u00adman Con\u00adcen\u00adtra\u00adtion Camps Fac\u00adtu\u00adal Su\u00adrvey&#8221; (Nie\u00admiec\u00adkie obozy kon\u00adcen\u00adtra\u00adcyj\u00adne \u2013 fak\u00adto\u00adgra\u00adfia). Na\u00adp\u0142y\u00adwa\u00ad\u0142y do nich wci\u0105\u017c nowe rolki fil\u00adm\u00f3w wy\u00adsy\u00ad\u0142a\u00adnych przez bry\u00adtyj\u00adskich, ame\u00adry\u00adka\u0144\u00adskich i ra\u00addziec\u00adkich ka\u00adme\u00adrzy\u00adst\u00f3w, ob\u00adra\u00adzy na\u00adkr\u0119\u00adco\u00adne w 11 obo\u00adzach \u015bmier\u00adci, m.\u200bin. w Au\u00adschwitz, Bu\u00adchen\u00adwal\u00addzie, Da\u00adchau i Ber\u00adgen-Bel\u00adsen. Opr\u00f3cz zw\u0142ok zdj\u0119\u00adcia uka\u00adzy\u00adwa\u00ad\u0142y wy\u00adnisz\u00adczo\u00adne cia\u0142a oca\u00adla\u00ad\u0142ych i ludz\u00adkie szcz\u0105t\u00adki w pie\u00adcach.<\/span><\/p>\n<p style=\"text-align: left;\"><span style=\"color: #000080;\">W na\u00adgra\u00adniu z Maj\u00addan\u00adka po\u00adka\u00adza\u00adno ol\u00adbrzy\u00admie torby z w\u0142o\u00adsa\u00admi po\u00adcho\u00addz\u0105\u00adcy\u00admi od za\u00admor\u00addo\u00adwa\u00adnych. Sta\u00adran\u00adnie je sor\u00adto\u00adwa\u00adno i wa\u00ad\u017co\u00adno, \u017ceby &#8220;nic si\u0119 nie zmar\u00adno\u00adwa\u00ad\u0142o&#8221;, in\u00adfor\u00admu\u00adje nar\u00adra\u00adtor i przy\u00adpo\u00admi\u00adna, \u017ce wy\u00adko\u00adrzy\u00adsty\u00adwa\u00adno r\u00f3w\u00adnie\u017c z\u0119by ofiar. Bern\u00adste\u00adina za\u00adin\u00adte\u00adre\u00adso\u00adwa\u0142 jesz\u00adcze stos oku\u00adla\u00adr\u00f3w. &#8220;Za\u00adk\u0142a\u00adda\u00adj\u0105c, \u017ce co dzie\u00adsi\u0105\u00adty cz\u0142o\u00adwiek nosi oku\u00adla\u00adry, to jak licz\u00adn\u0105 grup\u0119 ludzi po\u00adwin\u00adni\u00ad\u015bmy sobie teraz wy\u00adobra\u00adzi\u0107?&#8221; \u2013 pada py\u00adta\u00adnie w fil\u00admie.<\/span><\/p>\n<p style=\"text-align: left;\"><span style=\"color: #333333;\"><strong>Niezwyk\u0142e przedsi\u0119wzi\u0119cie<\/strong><\/span><\/p>\n<p style=\"text-align: left;\"><span style=\"color: #000080;\">W 70 lat po tych zda\u00adrze\u00adniach re\u00ad\u017cy\u00adser i an\u00adtro\u00adpo\u00adlog Andr\u00e9 Sin\u00adger przy\u00adgo\u00adto\u00adwa\u0142 do\u00adku\u00adment &#8220;Night Will Fall&#8221; (Za\u00adpad\u00adnie noc), opo\u00adwia\u00adda\u00adj\u0105\u00adcy o nie\u00adzwy\u00adk\u0142ym przed\u00adsi\u0119\u00adwzi\u0119\u00adciu, jakim by\u0142o sfil\u00admo\u00adwa\u00adnie obo\u00adz\u00f3w oraz pr\u00f3\u00adbu\u00adj\u0105\u00adcy wy\u00adja\u00ad\u015bni\u0107 losy pro\u00adjek\u00adtu Bern\u00adste\u00adina. Sin\u00adger do\u00adtar\u0142 do nie\u00adkt\u00f3\u00adrych oca\u00adla\u00ad\u0142ych wi\u0119\u017a\u00adni\u00f3w, kt\u00f3\u00adrzy zna\u00adle\u017a\u00adli si\u0119 na kli\u00adszach w 1945 roku, i prze\u00adpro\u00adwa\u00addzi\u0142 z nimi wy\u00adwia\u00addy. W tej gru\u00adpie zna\u00adla\u00adz\u0142a si\u0119 Anita La\u00adsker-Wal\u00adl\u00adfisch, dzi\u015b w wieku 89 lat, pa\u00admi\u0119\u00adta\u00adj\u0105\u00adca dzie\u0144, w kt\u00f3\u00adrym Bry\u00adtyj\u00adczy\u00adcy wkro\u00adczy\u00adli do Bel\u00adsen-Ber\u00adgen. \u2013 Nie mo\u00adgli\u00ad\u015bmy w to uwie\u00adrzy\u0107. Nie\u00adspo\u00addzie\u00adwa\u00adnie us\u0142y\u00adsze\u00adli\u00ad\u015bmy j\u0119zyk an\u00adgiel\u00adski. &#8220;Pro\u00adsz\u0119 za\u00adcho\u00adwa\u0107 spo\u00adk\u00f3j. Nie opusz\u00adczaj\u00adcie obozu. Pomoc jest ju\u017c w dro\u00addze&#8221;. Co\u015b ta\u00adkie\u00adgo nam m\u00f3\u00adwio\u00adno \u2013 wspo\u00admi\u00adna.<\/span><\/p>\n<p style=\"text-align: left;\"><span style=\"color: #000080;\">La\u00adsker-Wal\u00adl\u00adfisch i jej sio\u00adstra Re\u00adna\u00adte do Bel\u00adsen-Ber\u00adgen tra\u00adfi\u00ad\u0142y z Au\u00adschwitz, po\u00addr\u00f3\u00ad\u017cu\u00adj\u0105c wraz z wy\u00adco\u00adfu\u00adj\u0105\u00adcy\u00admi si\u0119 przed Armi\u0105 Czer\u00adwo\u00adn\u0105 Niem\u00adca\u00admi. Obie dziew\u00adczy\u00adny wy\u00adst\u0119\u00adpo\u00adwa\u00ad\u0142y w obo\u00adzo\u00adwej or\u00adkie\u00adstrze, przy\u00adgry\u00adwa\u00adj\u0105c rano na wio\u00adlon\u00adcze\u00adli wy\u00adcho\u00addz\u0105\u00adcym do pracy wi\u0119\u017a\u00adniom i wie\u00adczo\u00adrem, gdy wra\u00adca\u00adli. Przy\u00adgo\u00adto\u00adwy\u00adwa\u00ad\u0142y te\u017c kon\u00adcer\u00adty dla SS. \u2013 Trud\u00adno to wszyst\u00adko opi\u00adsa\u0107 \u2013 La\u00adsker-Wal\u00adl\u00adfisch wspo\u00admi\u00adna dzie\u0144 swo\u00adje\u00adgo wy\u00adzwo\u00adle\u00adnia. \u2013 Ca\u0142e lata szy\u00adko\u00adwa\u00ad\u0142y\u00ad\u015bmy si\u0119 na \u015bmier\u0107, a nagle oni przy\u00adszli po nas. Mia\u00ad\u0142am wtedy 19 lat. Ka\u017cdy bry\u00adtyj\u00adski \u017co\u0142\u00adnierz by\u0142 dla mnie bo\u00adgiem. Nie tego si\u0119 spo\u00addzie\u00adwa\u00ad\u0142am \u2013 nie tego, \u017ce prze\u00ad\u017cy\u00adj\u0119 \u2013 opo\u00adwia\u00adda. Po woj\u00adnie sio\u00adstry za\u00admiesz\u00adka\u00ad\u0142y w Wiel\u00adkiej Bry\u00adta\u00adnii. Anita zna\u00adla\u00adz\u0142a prac\u0119 w En\u00adglish Cham\u00adber Or\u00adche\u00adstra i zo\u00adsta\u00ad\u0142a uzna\u00adn\u0105 so\u00adlist\u00adk\u0105.<\/span><\/p>\n<div id=\"content\" class=\"  content-alignment&lt;br \/&gt;&lt;br \/&gt; \">\n<div id=\"watch-description\" class=\"yt-uix-button-panel\">\n<div id=\"watch-description-text\"><center><br \/>\n<iframe loading=\"lazy\" src=\"https:\/\/www.youtube.com\/embed\/lbB9NCYzQVU?feature=player_embedded\" width=\"680\" height=\"400\" frameborder=\"0\" allowfullscreen=\"allowfullscreen\"><\/iframe><\/center><\/div>\n<\/div>\n<\/div>\n<p>&nbsp;<\/p>\n<p style=\"text-align: left;\"><span style=\"color: #000080;\">Los si\u00f3str by\u0142 jed\u00adnak wy\u00adj\u0105t\u00adko\u00adwy. \u2013 Po\u00adwi\u00adnie\u00adnem by\u0142 o tym wie\u00addzie\u0107, lecz nie wie\u00addzia\u00ad\u0142em \u2013 twier\u00addzi Sin\u00adger. \u2013 Wielu z tych, kt\u00f3\u00adrych wtedy ura\u00adto\u00adwa\u00adno, po\u00adzo\u00adsta\u00adwa\u00ad\u0142o w obo\u00adzach nawet pi\u0119\u0107 lat po ich wy\u00adzwo\u00adle\u00adniu. Cz\u0119\u00adsto nie mieli dok\u0105d p\u00f3j\u015b\u0107, z ca\u0142\u0105 pew\u00adno\u00ad\u015bci\u0105 nie mogli po\u00adje\u00adcha\u0107 do Wiel\u00adkiej Bry\u00adta\u00adnii czy USA. Nie chcie\u00adli\u00ad\u015bmy ich.<\/span><\/p>\n<p style=\"text-align: left;\"><span style=\"color: #333333;\"><strong>My\u015bla\u0142, \u017ce anio\u0142y przyjmuj\u0105 go do nieba<\/strong><\/span><\/p>\n<p style=\"text-align: left;\"><span style=\"color: #000080;\">Sin\u00adger mia\u0142 oka\u00adzj\u0119 roz\u00adma\u00adwia\u0107 z jesz\u00adcze jed\u00adnym wy\u00adbit\u00adnym by\u0142ym wi\u0119\u017a\u00adniem obozu, Chor\u00adwa\u00adtem Bran\u00adko Lu\u00adsti\u00adgiem. W Bel\u00adsen by\u0142 dziec\u00adkiem, w do\u00addat\u00adku tak scho\u00adro\u00adwa\u00adnym, \u017ce kiedy us\u0142y\u00adsza\u0142 dudy szkoc\u00adkich \u017co\u0142\u00adnie\u00adrzy, s\u0105\u00addzi\u0142, \u017ce to gra\u00adj\u0105\u00adce na tr\u0105b\u00adkach anio\u00ad\u0142y przyj\u00admu\u00adj\u0105 go do nieba. Wiele lat p\u00f3\u017a\u00adniej Ste\u00adven Spiel\u00adberg po\u00adpro\u00adsi\u0142 Lu\u00adsti\u00adga, by zo\u00adsta\u0142 pro\u00addu\u00adcen\u00adtem &#8220;Listy Schin\u00addle\u00adra&#8221;.<\/span><\/p>\n<p style=\"text-align: left;\"><span style=\"color: #000080;\">Chor\u00adwac\u00adki fil\u00admo\u00adwiec dzie\u00adli si\u0119 z nami w\u0142a\u00adsn\u0105 teo\u00adri\u0105 do\u00adty\u00adcz\u0105\u00adc\u0105 re\u00adzy\u00adgna\u00adcji Bry\u00adtyj\u00adczy\u00adk\u00f3w z do\u00adku\u00admen\u00adtu Bern\u00adste\u00adina. \u2013 W tam\u00adtym cza\u00adsie Wy\u00adspia\u00adrze mieli prze\u00adcie\u017c a\u017c nadto pro\u00adble\u00adm\u00f3w z \u017by\u00adda\u00admi \u2013 za\u00aduwa\u00ad\u017ca. Lon\u00addyn mu\u00adsia\u0142 po\u00adra\u00addzi\u0107 sobie z ru\u00adchem sy\u00adjo\u00adni\u00adst\u00f3w za\u00adbie\u00adga\u00adj\u0105\u00adcych o utwo\u00adrze\u00adnie \u017cy\u00addow\u00adskie\u00adgo pa\u0144\u00adstwa w bry\u00adtyj\u00adskim man\u00adda\u00adcie, Pa\u00adle\u00adsty\u00adnie, a uka\u00adza\u00adnie Za\u00adg\u0142a\u00addy w ca\u0142ej jej po\u00adtwor\u00adno\u00ad\u015bci mog\u0142o tylko pod\u00adsy\u00adci\u0107 te rosz\u00adcze\u00adnia.<\/span><\/p>\n<p style=\"text-align: left;\"><span style=\"color: #000080;\">Sin\u00adger przy\u00adzna\u00adje, \u017ce mia\u0142 ju\u017c nie\u00adprzy\u00adjem\u00adno\u00ad\u015bci z po\u00adwo\u00addu po\u00adwo\u00ad\u0142y\u00adwa\u00adnia si\u0119 na teo\u00adri\u0119 Lu\u00adsti\u00adga. \u2013 Pow\u00f3d, dla kt\u00f3\u00adre\u00adgo film tra\u00adfi\u0142 do kosza, nie zo\u00adsta\u0142 do\u00adbrze udo\u00adku\u00admen\u00adto\u00adwa\u00adny, ale nie\u00adwy\u00adklu\u00adczo\u00adne, \u017ce Bran\u00adko tra\u00adfi\u0142 w sedno \u2013 za\u00aduwa\u00ad\u017ca. I przy\u00adpo\u00admi\u00adna, \u017ce w 1945 roku urz\u0105d mi\u00adni\u00adstra spraw za\u00adgra\u00adnicz\u00adnych obj\u0105\u0142 Er\u00adnest Bevin, nie\u00adch\u0119t\u00adny idei Izra\u00adela. Ale w tej spra\u00adwie brak twar\u00addych do\u00adwo\u00add\u00f3w. \u2013 Je\u00addy\u00adnym za\u00adcho\u00adwa\u00adnym do\u00adku\u00admen\u00adtem jest no\u00adtat\u00adka Fo\u00adre\u00adign Of\u00adfi\u00adce, gdzie na\u00adpi\u00adsa\u00adno, \u017ce re\u00adali\u00adza\u00adcja &#8220;tak okrut\u00adne\u00adgo filmu&#8221; jest nie naj\u00adlep\u00adszym po\u00admy\u00ads\u0142em \u2013 po\u00adda\u00adje re\u00ad\u017cy\u00adser. To stwier\u00addze\u00adnie mog\u0142o te\u017c wi\u0105\u00adza\u0107 si\u0119 z \u017cy\u00adwio\u00adnym przez Bry\u00adtyj\u00adczy\u00adk\u00f3w prze\u00adko\u00adna\u00adniem, \u017ce z po\u00adwo\u00addu ro\u00adsn\u0105\u00adcej po\u00adt\u0119\u00adgi ZSRR Niem\u00adc\u00f3w trze\u00adba ho\u00ad\u0142u\u00adbi\u0107 jako po\u00adten\u00adcjal\u00adnych so\u00adjusz\u00adni\u00adk\u00f3w. Czy fak\u00adtycz\u00adnie po\u00adka\u00adza\u00adnie filmu Bern\u00adste\u00adina wi\u00addow\u00adni mo\u00adg\u0142o\u00adby do\u00adpro\u00adwa\u00addzi\u0107 do izo\u00adla\u00adcji Nie\u00admiec i prze\u00adwa\u00adgi Rosji ra\u00addziec\u00adkiej w ra\u00admach zim\u00adnej wojny? Sin\u00adger ma co do tego w\u0105t\u00adpli\u00adwo\u00ad\u015bci.<\/span><\/p>\n<p style=\"text-align: left;\"><span style=\"color: #333333;\"><strong>Powsta\u0142a pr\u00f3\u017cnia po wycofanym filmie<\/strong><\/span><\/p>\n<p style=\"text-align: left;\"><span style=\"color: #000080;\">Tego dy\u00adle\u00adma\u00adtu nie roz\u00adstrzy\u00adgnie\u00admy. Do\u00adku\u00adment o obo\u00adzach zo\u00adsta\u0142 od\u0142o\u00ad\u017co\u00adny na 70 lat na p\u00f3\u0142k\u0119, a Ber\u00adste\u00adin zmar\u0142 w 1993 roku z uczu\u00adciem \u017calu, \u017ce swego pro\u00adjek\u00adtu nie do\u00adpro\u00adwa\u00addzi\u0142 do ko\u0144ca.<\/span><\/p>\n<p style=\"text-align: left;\"><span style=\"color: #000080;\">Nie\u00admniej jed\u00adnak uj\u0119\u00adcia z ob\u00adra\u00adzu Ber\u00adste\u00adina oka\u00adza\u00ad\u0142y si\u0119 cen\u00adnym ma\u00adte\u00adria\u00ad\u0142em dla oskar\u00ad\u017ce\u00adnia w pro\u00adce\u00adsach w No\u00adrym\u00adber\u00addze i L\u00fcne\u00adbur\u00adgu w 1945 roku. Anita La\u00adsker-Wal\u00adl\u00adfisch opo\u00adwia\u00adda, jak w L\u00fcne\u00adbur\u00adgu przy\u00adsz\u0142o jej ze\u00adzna\u00adwa\u0107 prze\u00adciw\u00adko m.\u200bin. Jo\u00adse\u00adfo\u00adwi Kra\u00adme\u00adro\u00adwi, ko\u00admen\u00addan\u00adto\u00adwi z Ber\u00adgen-Bel\u00adsen, zwa\u00adne\u00admu &#8220;be\u00adsti\u0105 z Bel\u00adsen&#8221;. Jej s\u0142owa zna\u00adla\u00adz\u0142y wspar\u00adcie w ma\u00adte\u00adria\u00adle fil\u00admo\u00adwym i wy\u00adtr\u0105\u00adci\u00ad\u0142y oskar\u00ad\u017co\u00adne\u00admu z r\u0105k pod\u00adsta\u00adwo\u00adwy ar\u00adgu\u00adment: \u2013 Kra\u00admer utrzy\u00admy\u00adwa\u0142, \u017ce nie mia\u0142 \u017cyw\u00adno\u00ad\u015bci, kt\u00f3r\u0105 m\u00f3g\u0142\u00adby prze\u00adka\u00adza\u0107 wi\u0119\u017a\u00adniom i to dla\u00adte\u00adgo lu\u00addzie ci byli w tak bar\u00addzo z\u0142ym sta\u00adnie. Na\u00adgra\u00adnia po\u00adka\u00adza\u00ad\u0142y, \u017ce to nie\u00adpraw\u00adda \u2013 opo\u00adwia\u00adda Sin\u00adger. Kra\u00admer oraz inni ofi\u00adce\u00adro\u00adwie z Ber\u00adgen-Bel\u00adsen jesz\u00adcze w tam\u00adtym roku zo\u00adsta\u00adli po\u00adwie\u00adsze\u00adni. (\u2026)<\/span><\/p>\n<p style=\"text-align: right;\"><span style=\"color: #000080;\">Czytaj dalej tu: <span style=\"text-decoration: underline;\"><strong><a style=\"color: #000080; text-decoration: underline;\" href=\"http:\/\/wiadomosci.onet.pl\/prasa\/film-zbyt-straszny-by-pokazac-go-publicznosci\/gy5xk\" target=\"_blank\">Film zbyt straszny&#8230;<\/a><\/strong><\/span><\/span><\/p>\n<hr style=\"height: 15px; background: #d0e6fa; width: 710px;\" \/>\n<div id=\"content\" class=\"  content-alignment&lt;br \/&gt;&lt;br \/&gt; \">\n<div id=\"watch-description\" class=\"yt-uix-button-panel\">\n<div id=\"watch-description-text\">\n<p style=\"text-align: center;\"><span style=\"color: #808080;\"> twoje uwagi, linki, wlasne artykuly, lub wiadomosci przeslij do: <strong><span style=\"text-decoration: underline;\"><span style=\"color: #808080; text-decoration: underline;\"><a href=\"mailto:webmaster@reunion68.com\">webmaster@reunion68.com<\/a><\/span><\/span><\/strong><\/span><\/p>\n<\/div>\n<\/div>\n<\/div>\n<p>&nbsp;<\/p>\n<hr style=\"width: 710px;\" \/>\n","protected":false},"excerpt":{"rendered":"<p>Film zbyt straszny, by pokaza\u0107 go publiczno\u015bci Stuart Jeffries &#8220;Wiosn\u0105 1945 roku \u2013 opowiada narrator, a w tle wida\u0107 idylliczny kadr z niemieckiej wsi \u2013 wojska alianckie posuwaj\u0105ce si\u0119 w g\u0142\u0105b Niemiec dotar\u0142y do Bergen-Belsen. Brytyjscy \u017co\u0142nierze mijali schludne, uporz\u0105dkowane sady i zadbane farmy, kt\u00f3re cieszy\u0142y oko i wzbudza\u0142y szacunek dla tutejszych mieszka\u0144c\u00f3w. Przynajmniej do [&hellip;]<\/p>\n","protected":false},"author":1,"featured_media":0,"comment_status":"closed","ping_status":"closed","sticky":false,"template":"","format":"standard","meta":[],"categories":[6],"tags":[24],"_links":{"self":[{"href":"https:\/\/www.reunion68.se\/index.php?rest_route=\/wp\/v2\/posts\/15159"}],"collection":[{"href":"https:\/\/www.reunion68.se\/index.php?rest_route=\/wp\/v2\/posts"}],"about":[{"href":"https:\/\/www.reunion68.se\/index.php?rest_route=\/wp\/v2\/types\/post"}],"author":[{"embeddable":true,"href":"https:\/\/www.reunion68.se\/index.php?rest_route=\/wp\/v2\/users\/1"}],"replies":[{"embeddable":true,"href":"https:\/\/www.reunion68.se\/index.php?rest_route=%2Fwp%2Fv2%2Fcomments&post=15159"}],"version-history":[{"count":29,"href":"https:\/\/www.reunion68.se\/index.php?rest_route=\/wp\/v2\/posts\/15159\/revisions"}],"predecessor-version":[{"id":15189,"href":"https:\/\/www.reunion68.se\/index.php?rest_route=\/wp\/v2\/posts\/15159\/revisions\/15189"}],"wp:attachment":[{"href":"https:\/\/www.reunion68.se\/index.php?rest_route=%2Fwp%2Fv2%2Fmedia&parent=15159"}],"wp:term":[{"taxonomy":"category","embeddable":true,"href":"https:\/\/www.reunion68.se\/index.php?rest_route=%2Fwp%2Fv2%2Fcategories&post=15159"},{"taxonomy":"post_tag","embeddable":true,"href":"https:\/\/www.reunion68.se\/index.php?rest_route=%2Fwp%2Fv2%2Ftags&post=15159"}],"curies":[{"name":"wp","href":"https:\/\/api.w.org\/{rel}","templated":true}]}}